{"id":11179,"date":"2024-03-12T19:27:31","date_gmt":"2024-03-12T18:27:31","guid":{"rendered":"https:\/\/grupodexter.com\/?p=11179"},"modified":"2024-03-12T19:38:17","modified_gmt":"2024-03-12T18:38:17","slug":"alternative-financing-with-private-equity-has-many-positive-years-ahead-of-it","status":"publish","type":"post","link":"https:\/\/grupodexter.com\/en\/la-financiacion-alternativa-con-capital-privado-tiene-anos-por-delante-que-seran-muy-positivos\/","title":{"rendered":"\"Alternative financing with private equity has very positive years ahead\"."},"content":{"rendered":"<div data-elementor-type=\"wp-post\" data-elementor-id=\"11179\" class=\"elementor elementor-11179\" data-elementor-post-type=\"post\">\n\t\t\t\t\t\t<section class=\"elementor-section elementor-top-section elementor-element elementor-element-8cacad2 elementor-section-boxed elementor-section-height-default elementor-section-height-default\" data-id=\"8cacad2\" data-element_type=\"section\" data-e-type=\"section\">\n\t\t\t\t\t\t<div class=\"elementor-container elementor-column-gap-default\">\n\t\t\t\t\t<div class=\"elementor-column elementor-col-100 elementor-top-column elementor-element elementor-element-7b804f02\" data-id=\"7b804f02\" data-element_type=\"column\" data-e-type=\"column\">\n\t\t\t<div class=\"elementor-widget-wrap elementor-element-populated\">\n\t\t\t\t\t\t<div class=\"elementor-element elementor-element-6144496 elementor-widget elementor-widget-country-flag\" data-id=\"6144496\" data-element_type=\"widget\" data-e-type=\"widget\" data-widget_type=\"country-flag.default\">\n\t\t\t\t<div class=\"elementor-widget-container\">\n\t\t\t\t\t\t\t<div class=\"cffe-flag-wrapper\">\n\t\t\t<div class=\"cffe-flag\">\n\t\t\t\t<i class=\"flag-icon flag-icon-es\" aria-hidden=\"true\"><\/i>\n\t\t\t<\/div>\n\t\t<\/div>\n\t\t\t\t\t\t<\/div>\n\t\t\t\t<\/div>\n\t\t\t\t<div class=\"elementor-element elementor-element-4d70dbba elementor-widget elementor-widget-heading\" data-id=\"4d70dbba\" data-element_type=\"widget\" data-e-type=\"widget\" data-widget_type=\"heading.default\">\n\t\t\t\t<div class=\"elementor-widget-container\">\n\t\t\t\t\t<h2 class=\"elementor-heading-title elementor-size-default\">\"Alternative financing with private equity has very positive years ahead\".<\/h2>\t\t\t\t<\/div>\n\t\t\t\t<\/div>\n\t\t\t\t<div class=\"elementor-element elementor-element-4e774e6 elementor-widget elementor-widget-text-editor\" data-id=\"4e774e6\" data-element_type=\"widget\" data-e-type=\"widget\" data-widget_type=\"text-editor.default\">\n\t\t\t\t<div class=\"elementor-widget-container\">\n\t\t\t\t\t\t\t\t\t<p>The president of DEXTER, Yeidy Ram\u00edrez has been in the radio programme 'Ahorrar en tiempos revueltos', in the radio station 'Gran V\u00eda Radio', presented by Jordi Paniello and with the financial advisor and communicator Jos\u00e9 Antonio Almoguera as a collaborator.<\/p><p>The company's chief executive, from Barcelona, reviewed the current situation of financing through investment funds and debt funds and referred to the future of the sector: \"alternative financing has matured a lot, companies like ours are contributing to the professionalisation of private equity, to giving it a more corporate profile, more security, and we are seeing how entrepreneurs are gaining confidence in investing in this source of financing\".<\/p><p>During the programme, the vice-president of DEXTER, Alfonso Merlos, also reviewed the products and services that are most in demand and that go beyond real estate financing. Thus, Yeidy Ram\u00edrez pointed out that while \"until now we had focused primarily on financing growing companies, we are now in an equally strong area of support and capital boosting for those firms that are in some temporary difficulty and that with this funding can restructure and move forward,\" concluded the first executive of DEXTER.<\/p><p>Listen to the full programme\u00a0<a href=\"https:\/\/www.facebook.com\/100064402040901\/videos\/716883690625153\/?extid=CL-UNK-UNK-UNK-AN_GK0T-GK1C\" target=\"_blank\" rel=\"noopener\"><b>HERE<\/b><\/a>.<\/p><div><\/div><div><\/div><div><\/div><div><\/div><div><\/div><div><\/div>\t\t\t\t\t\t\t\t<\/div>\n\t\t\t\t<\/div>\n\t\t\t\t<div class=\"elementor-element elementor-element-73e31fd elementor-widget-divider--view-line_icon elementor-view-framed elementor-widget-divider--element-align-center elementor-widget elementor-widget-divider\" data-id=\"73e31fd\" data-element_type=\"widget\" data-e-type=\"widget\" data-widget_type=\"divider.default\">\n\t\t\t\t<div class=\"elementor-widget-container\">\n\t\t\t\t\t\t\t<div class=\"elementor-divider\">\n\t\t\t<span class=\"elementor-divider-separator\">\n\t\t\t\t\t\t\t<div class=\"elementor-icon elementor-divider__element\">\n\t\t\t\t\t<i aria-hidden=\"true\" class=\"fas fa-star\"><\/i><\/div>\n\t\t\t\t\t\t<\/span>\n\t\t<\/div>\n\t\t\t\t\t\t<\/div>\n\t\t\t\t<\/div>\n\t\t\t\t<div class=\"elementor-element elementor-element-268aecf elementor-widget elementor-widget-country-flag\" data-id=\"268aecf\" data-element_type=\"widget\" data-e-type=\"widget\" data-widget_type=\"country-flag.default\">\n\t\t\t\t<div class=\"elementor-widget-container\">\n\t\t\t\t\t\t\t<div class=\"cffe-flag-wrapper\">\n\t\t\t<div class=\"cffe-flag\">\n\t\t\t\t<i class=\"flag-icon flag-icon-gb\" aria-hidden=\"true\"><\/i>\n\t\t\t<\/div>\n\t\t<\/div>\n\t\t\t\t\t\t<\/div>\n\t\t\t\t<\/div>\n\t\t\t\t<div class=\"elementor-element elementor-element-a1d9538 elementor-widget elementor-widget-heading\" data-id=\"a1d9538\" data-element_type=\"widget\" data-e-type=\"widget\" data-widget_type=\"heading.default\">\n\t\t\t\t<div class=\"elementor-widget-container\">\n\t\t\t\t\t<h2 class=\"elementor-heading-title elementor-size-default\">\"Alternative financing with private capital has years ahead that will be very positive\".<\/h2>\t\t\t\t<\/div>\n\t\t\t\t<\/div>\n\t\t\t\t<div class=\"elementor-element elementor-element-d269c60 elementor-widget elementor-widget-text-editor\" data-id=\"d269c60\" data-element_type=\"widget\" data-e-type=\"widget\" data-widget_type=\"text-editor.default\">\n\t\t\t\t<div class=\"elementor-widget-container\">\n\t\t\t\t\t\t\t\t\t<p>The president of DEXTER, Yeidy Ram\u00edrez has been on the radio programme 'Ahorrar en tiempos revueltos', on the radio station 'Gran V\u00eda Radio', presented by Jordi Paniello and with the financial advisor and communicator Jos\u00e9 Antonio Almoguera as a collaborator.<\/p><p>The company's top executive, from Barcelona, reviewed the current situation of financing through investment funds and debt funds and referred to the future of the sector: \"alternative financing has matured a lot, companies like ours are contributing to the professionalisation of private equity, to give it a more corporate profile, more security, and businessmen are gaining confidence in betting on this source of financing\".<\/p><p>During the programme, the vice-president of DEXTER, Alfonso Merlos, also reviewed the most demanded products and services that go beyond real estate financing. Thus, Yeidy Ram\u00edrez pointed out that while \"until now we had focused primarily on financing growing companies, we are now in an equally strong area of support and capital boosting for those firms that are in some temporary difficulty and that with this funding can restructure and move forward,\" concluded the first executive of DEXTER.<\/p><p>Listen to the full programme\u00a0<a href=\"https:\/\/www.facebook.com\/100064402040901\/videos\/716883690625153\/?extid=CL-UNK-UNK-UNK-AN_GK0T-GK1C\" target=\"_blank\" rel=\"noopener\"><b>HERE<\/b><\/a>.<\/p><div><\/div><div><\/div><div><\/div><div><\/div><div><\/div><div><\/div><div><\/div><div><\/div><div><\/div><div><\/div><div><\/div><div><\/div>\t\t\t\t\t\t\t\t<\/div>\n\t\t\t\t<\/div>\n\t\t\t\t\t<\/div>\n\t\t<\/div>\n\t\t\t\t\t<\/div>\n\t\t<\/section>\n\t\t\t\t<\/div>","protected":false},"excerpt":{"rendered":"<p>DEXTER intervendr\u00e1 en un foro sobre inversi\u00f3n inmobiliaria y \u2018nueva econom\u00eda\u2019 en Marbella El pr\u00f3ximo 6 de marzo, en \u2018The Pool\u2019 (Marbella) se llevar\u00e1 a cabo a partir de las 5 de la tarde el evento \u201cPropTech and Tokenization in Spain: Opportunities &amp; Challenges\u201d, un encuentro en el que se [&hellip;]<\/p>\n","protected":false},"author":1,"featured_media":11185,"comment_status":"closed","ping_status":"closed","sticky":false,"template":"","format":"standard","meta":{"footnotes":""},"categories":[11],"tags":[],"class_list":["post-11179","post","type-post","status-publish","format-standard","has-post-thumbnail","hentry","category-dexter-global-finance"],"_links":{"self":[{"href":"https:\/\/grupodexter.com\/en\/wp-json\/wp\/v2\/posts\/11179","targetHints":{"allow":["GET"]}}],"collection":[{"href":"https:\/\/grupodexter.com\/en\/wp-json\/wp\/v2\/posts"}],"about":[{"href":"https:\/\/grupodexter.com\/en\/wp-json\/wp\/v2\/types\/post"}],"author":[{"embeddable":true,"href":"https:\/\/grupodexter.com\/en\/wp-json\/wp\/v2\/users\/1"}],"replies":[{"embeddable":true,"href":"https:\/\/grupodexter.com\/en\/wp-json\/wp\/v2\/comments?post=11179"}],"version-history":[{"count":0,"href":"https:\/\/grupodexter.com\/en\/wp-json\/wp\/v2\/posts\/11179\/revisions"}],"wp:featuredmedia":[{"embeddable":true,"href":"https:\/\/grupodexter.com\/en\/wp-json\/wp\/v2\/media\/11185"}],"wp:attachment":[{"href":"https:\/\/grupodexter.com\/en\/wp-json\/wp\/v2\/media?parent=11179"}],"wp:term":[{"taxonomy":"category","embeddable":true,"href":"https:\/\/grupodexter.com\/en\/wp-json\/wp\/v2\/categories?post=11179"},{"taxonomy":"post_tag","embeddable":true,"href":"https:\/\/grupodexter.com\/en\/wp-json\/wp\/v2\/tags?post=11179"}],"curies":[{"name":"wp","href":"https:\/\/api.w.org\/{rel}","templated":true}]}}