{"id":13321,"date":"2024-10-08T11:53:10","date_gmt":"2024-10-08T09:53:10","guid":{"rendered":"https:\/\/grupodexter.com\/?p=13321"},"modified":"2025-04-29T11:04:29","modified_gmt":"2025-04-29T09:04:29","slug":"costa-del-sol-donde-el-turismo-residencial-recibe-el-impulso-del-capital-privado","status":"publish","type":"post","link":"https:\/\/grupodexter.com\/en\/costa-del-sol-donde-el-turismo-residencial-recibe-el-impulso-del-capital-privado\/","title":{"rendered":"Costa del Sol: where residential tourism is being boosted by private capital"},"content":{"rendered":"<div data-elementor-type=\"wp-post\" data-elementor-id=\"13321\" class=\"elementor elementor-13321\" data-elementor-post-type=\"post\">\n\t\t\t\t\t\t<section class=\"elementor-section elementor-top-section elementor-element elementor-element-cea416b elementor-section-boxed elementor-section-height-default elementor-section-height-default\" data-id=\"cea416b\" data-element_type=\"section\" data-e-type=\"section\">\n\t\t\t\t\t\t<div class=\"elementor-container elementor-column-gap-default\">\n\t\t\t\t\t<div class=\"elementor-column elementor-col-100 elementor-top-column elementor-element elementor-element-341f9ae\" data-id=\"341f9ae\" data-element_type=\"column\" data-e-type=\"column\">\n\t\t\t<div class=\"elementor-widget-wrap elementor-element-populated\">\n\t\t\t\t\t\t<div class=\"elementor-element elementor-element-514faa1 elementor-widget elementor-widget-heading\" data-id=\"514faa1\" data-element_type=\"widget\" data-e-type=\"widget\" data-widget_type=\"heading.default\">\n\t\t\t\t<div class=\"elementor-widget-container\">\n\t\t\t\t\t<h2 class=\"elementor-heading-title elementor-size-default\">Costa del Sol: where residential tourism is being boosted by private capital<\/h2>\t\t\t\t<\/div>\n\t\t\t\t<\/div>\n\t\t\t\t<div class=\"elementor-element elementor-element-c380dff elementor-widget elementor-widget-text-editor\" data-id=\"c380dff\" data-element_type=\"widget\" data-e-type=\"widget\" data-widget_type=\"text-editor.default\">\n\t\t\t\t<div class=\"elementor-widget-container\">\n\t\t\t\t\t\t\t\t\t<p class=\"s4\">En los \u00faltimos a\u00f1os, M\u00e1laga se ha consagrado como uno de los destinos residenciales m\u00e1s importantes del mundo. La rampa de ascenso y posicionamiento de la Costa del Sol ha sido incontestable y las previsiones son tremendamente positivas.<\/p><p class=\"s4\">Son numerosas las promotoras que de la pandemia del covid-19 a esta parte han invertido centenares de millones de euros, en apuestas claras y s\u00f3lidas. Todas, de una forma u otra, han puesto en pr\u00e1ctica un modelo de turismo residencial responsable, centrado en ofrecer segundas residencias para turistas tanto nacionales como internacionales que buscan disfrutar del estilo de vida mediterr\u00e1neo.<\/p><p class=\"s4\">El \u00faltimo lustro ha visto un aumento significativo del n\u00famero de clientes provenientes de Europa del Este, de Estados Unidos o de los pa\u00edses escandinavos. En t\u00e9rminos globales, Andaluc\u00eda recibe anualmente 33 millones de pasajeros en aeropuertos espa\u00f1oles. En cuanto al turismo, el 34% de los viajeros internacionales que llegan a M\u00e1laga corresponden a turistas residenciales, y m\u00e1s de un mill\u00f3n son residentes.<\/p><p class=\"s4\">M\u00e1s datos: la inversi\u00f3n extranjera en la regi\u00f3n supera los 580 millones de euros, mientras que el PIB generado por el sector tur\u00edstico alcanza el 12,5%, lo cual es de una indudable importancia. En estas coordenadas, DEXTER viene desde su fundaci\u00f3n contribuyendo con financiaci\u00f3n alternativa, a trav\u00e9s de capital privado, al desarrollo de numerosas promociones, en casco urbano, playa y golf. Y en todas las tipolog\u00edas de vivienda, no s\u00f3lo en el sector del lujo.<\/p><p class=\"s4\">Desde su Departamento Comercial, su responsable, Andr\u00e9s Al\u00e9n incide en que \u201ccondiciones como la seguridad, la conectividad, la cultura, la gastronom\u00eda\u2026 en absoluto son anecd\u00f3ticas o perif\u00e9ricas. Son fundamentales para entender por qu\u00e9 estamos ayudando a la financiaci\u00f3n de compra de activos, de ejecuci\u00f3n de obra o de compra de suelo finalista, siempre con proyecto y licencia. Los empresarios tienen buenos proyectos y hay una demanda de compradores finales muy sostenida\u201d, se\u00f1ala Al\u00e9n.<\/p><p class=\"s4\">M\u00e1laga, en suma, cuenta con todos los elementos para mantenerse posicionada como una de las mejores regiones del mundo para invertir, visitar, trabajar y vivir.<\/p>\t\t\t\t\t\t\t\t<\/div>\n\t\t\t\t<\/div>\n\t\t\t\t\t<\/div>\n\t\t<\/div>\n\t\t\t\t\t<\/div>\n\t\t<\/section>\n\t\t\t\t<\/div>","protected":false},"excerpt":{"rendered":"<p>Costa del Sol: donde el turismo residencial recibe el impulso del capital privado En los \u00faltimos a\u00f1os, M\u00e1laga se ha consagrado como uno de los destinos residenciales m\u00e1s importantes del mundo. La rampa de ascenso y posicionamiento de la Costa del Sol ha sido incontestable y las previsiones son tremendamente [&hellip;]<\/p>\n","protected":false},"author":1,"featured_media":13326,"comment_status":"open","ping_status":"open","sticky":false,"template":"","format":"standard","meta":{"footnotes":""},"categories":[11],"tags":[],"class_list":["post-13321","post","type-post","status-publish","format-standard","has-post-thumbnail","hentry","category-dexter-global-finance"],"_links":{"self":[{"href":"https:\/\/grupodexter.com\/en\/wp-json\/wp\/v2\/posts\/13321","targetHints":{"allow":["GET"]}}],"collection":[{"href":"https:\/\/grupodexter.com\/en\/wp-json\/wp\/v2\/posts"}],"about":[{"href":"https:\/\/grupodexter.com\/en\/wp-json\/wp\/v2\/types\/post"}],"author":[{"embeddable":true,"href":"https:\/\/grupodexter.com\/en\/wp-json\/wp\/v2\/users\/1"}],"replies":[{"embeddable":true,"href":"https:\/\/grupodexter.com\/en\/wp-json\/wp\/v2\/comments?post=13321"}],"version-history":[{"count":5,"href":"https:\/\/grupodexter.com\/en\/wp-json\/wp\/v2\/posts\/13321\/revisions"}],"predecessor-version":[{"id":13327,"href":"https:\/\/grupodexter.com\/en\/wp-json\/wp\/v2\/posts\/13321\/revisions\/13327"}],"wp:featuredmedia":[{"embeddable":true,"href":"https:\/\/grupodexter.com\/en\/wp-json\/wp\/v2\/media\/13326"}],"wp:attachment":[{"href":"https:\/\/grupodexter.com\/en\/wp-json\/wp\/v2\/media?parent=13321"}],"wp:term":[{"taxonomy":"category","embeddable":true,"href":"https:\/\/grupodexter.com\/en\/wp-json\/wp\/v2\/categories?post=13321"},{"taxonomy":"post_tag","embeddable":true,"href":"https:\/\/grupodexter.com\/en\/wp-json\/wp\/v2\/tags?post=13321"}],"curies":[{"name":"wp","href":"https:\/\/api.w.org\/{rel}","templated":true}]}}