{"id":14098,"date":"2025-06-20T10:54:03","date_gmt":"2025-06-20T08:54:03","guid":{"rendered":"https:\/\/grupodexter.com\/?p=14098"},"modified":"2025-07-23T00:41:53","modified_gmt":"2025-07-22T22:41:53","slug":"dexter-atresmedia-radio-tournament-arrives-the-sporting-and-corporate-event-of-the-summer-in-marbella","status":"publish","type":"post","link":"https:\/\/grupodexter.com\/en\/torneo-dexter-atresmedia-radio-llega-el-evento-deportivo-y-corporativo-del-verano-de-marbella\/","title":{"rendered":"DEXTER-Atresmedia Radio' Tournament: Marbella's sporting and corporate event of the summer is here!"},"content":{"rendered":"<div data-elementor-type=\"wp-post\" data-elementor-id=\"14098\" class=\"elementor elementor-14098\" data-elementor-post-type=\"post\">\n\t\t\t\t\t\t<section class=\"elementor-section elementor-top-section elementor-element elementor-element-28af3eb elementor-section-boxed elementor-section-height-default elementor-section-height-default\" data-id=\"28af3eb\" data-element_type=\"section\" data-e-type=\"section\">\n\t\t\t\t\t\t<div class=\"elementor-container elementor-column-gap-default\">\n\t\t\t\t\t<div class=\"elementor-column elementor-col-100 elementor-top-column elementor-element elementor-element-ea70cbe\" data-id=\"ea70cbe\" data-element_type=\"column\" data-e-type=\"column\">\n\t\t\t<div class=\"elementor-widget-wrap elementor-element-populated\">\n\t\t\t\t\t\t<div class=\"elementor-element elementor-element-bf9d84e elementor-widget elementor-widget-heading\" data-id=\"bf9d84e\" data-element_type=\"widget\" data-e-type=\"widget\" data-widget_type=\"heading.default\">\n\t\t\t\t<div class=\"elementor-widget-container\">\n\t\t\t\t\t<h2 class=\"elementor-heading-title elementor-size-default\">DEXTER-Atresmedia Radio' Tournament: Marbella's sporting and corporate event of the summer is here!<\/h2>\t\t\t\t<\/div>\n\t\t\t\t<\/div>\n\t\t\t\t<div class=\"elementor-element elementor-element-ab89d06 elementor-widget__width-initial elementor-widget elementor-widget-text-editor\" data-id=\"ab89d06\" data-element_type=\"widget\" data-e-type=\"widget\" data-widget_type=\"text-editor.default\">\n\t\t\t\t<div class=\"elementor-widget-container\">\n\t\t\t\t\t\t\t\t\t<p>The countdown is on for Marbella's summer to kick off on the 5th of July, with the celebration of yet another year of the corporate and sporting event that brings together top-level business people from the Costa del Sol and from all over Spain for a whole day.<\/p><p>\u00a0\u00a0\u00a0\u00a0\u00a0\u00a0\u00a0\u00a0\u00a0\u00a0\u00a0 It will be held at the Guadalmina Golf Club, organised by Onda Cero Radio and with the presence as 'main sponsor', once again this year, of <em>DEXTER<\/em>The club is committed to promoting an event with an impact on the social and economic life of a city and a club that has also hosted, like Guadalmina, important national and international tournaments, such as the Spanish Championship, the qualifying rounds of the European Tour School and the APG Spanish Professional Championship.<\/p><p>\u00a0\u00a0\u00a0\u00a0\u00a0\u00a0\u00a0\u00a0\u00a0\u00a0\u00a0 The competition will start early in the morning with more than 250 players and by midday the competition will be underway, <em>DEXTER<\/em> will set up the hospitality for all those guests who will enjoy lunch, after-dinner conversation and a sunset to the rhythm of the live music that accompanies each edition, transmitting the best sensations. A total 'networking' with developers, builders, lawyers, real estate agents, financial advisors...<\/p><p>\u00a0\u00a0\u00a0\u00a0\u00a0\u00a0\u00a0\u00a0\u00a0\u00a0\u00a0 The company's president, Yeidy Ramirez, points out that <em>\"We feel comfortable on the one hand working with a radio station of the AtresMedia group, leader of the audiovisual scene in Spain, and which is doing very well. On the other hand, and despite the fact that DEXTER is a company with partners in more than 15 countries and 4 continents, which carries out financing operations throughout Spain, we strengthen our ties with Marbella itself, where the firm has its main headquarters\".<\/em>.<\/p><p>\u00a0\u00a0\u00a0\u00a0\u00a0\u00a0\u00a0\u00a0\u00a0\u00a0\u00a0 This irruption of <em>DEXTER<\/em> in corporate and sporting events will be one of the first in the summer of 2025, when, as in previous years, it will also be present at the horse races in Sanl\u00facar de Barrameda in August, at the largest natural racecourse in Europe.<\/p><p><\/p>\t\t\t\t\t\t\t\t<\/div>\n\t\t\t\t<\/div>\n\t\t\t\t\t<\/div>\n\t\t<\/div>\n\t\t\t\t\t<\/div>\n\t\t<\/section>\n\t\t\t\t<\/div>","protected":false},"excerpt":{"rendered":"<p>Torneo \u2018DEXTER-Atresmedia Radio\u2019: llega el evento deportivo y corporativo del verano de Marbella La cuenta atr\u00e1s est\u00e1 en marcha para que se d\u00e9 el pistoletazo de salida al verano de Marbella, el pr\u00f3ximo 5 de julio, con la celebraci\u00f3n un a\u00f1o m\u00e1s del evento corporativo y deportivo que congrega durante [&hellip;]<\/p>\n","protected":false},"author":1,"featured_media":14116,"comment_status":"closed","ping_status":"closed","sticky":false,"template":"","format":"standard","meta":{"footnotes":""},"categories":[11],"tags":[],"class_list":["post-14098","post","type-post","status-publish","format-standard","has-post-thumbnail","hentry","category-dexter-global-finance"],"_links":{"self":[{"href":"https:\/\/grupodexter.com\/en\/wp-json\/wp\/v2\/posts\/14098","targetHints":{"allow":["GET"]}}],"collection":[{"href":"https:\/\/grupodexter.com\/en\/wp-json\/wp\/v2\/posts"}],"about":[{"href":"https:\/\/grupodexter.com\/en\/wp-json\/wp\/v2\/types\/post"}],"author":[{"embeddable":true,"href":"https:\/\/grupodexter.com\/en\/wp-json\/wp\/v2\/users\/1"}],"replies":[{"embeddable":true,"href":"https:\/\/grupodexter.com\/en\/wp-json\/wp\/v2\/comments?post=14098"}],"version-history":[{"count":4,"href":"https:\/\/grupodexter.com\/en\/wp-json\/wp\/v2\/posts\/14098\/revisions"}],"predecessor-version":[{"id":14103,"href":"https:\/\/grupodexter.com\/en\/wp-json\/wp\/v2\/posts\/14098\/revisions\/14103"}],"wp:featuredmedia":[{"embeddable":true,"href":"https:\/\/grupodexter.com\/en\/wp-json\/wp\/v2\/media\/14116"}],"wp:attachment":[{"href":"https:\/\/grupodexter.com\/en\/wp-json\/wp\/v2\/media?parent=14098"}],"wp:term":[{"taxonomy":"category","embeddable":true,"href":"https:\/\/grupodexter.com\/en\/wp-json\/wp\/v2\/categories?post=14098"},{"taxonomy":"post_tag","embeddable":true,"href":"https:\/\/grupodexter.com\/en\/wp-json\/wp\/v2\/tags?post=14098"}],"curies":[{"name":"wp","href":"https:\/\/api.w.org\/{rel}","templated":true}]}}