{"id":14104,"date":"2025-06-25T10:57:55","date_gmt":"2025-06-25T08:57:55","guid":{"rendered":"https:\/\/grupodexter.com\/?p=14104"},"modified":"2025-07-22T18:40:04","modified_gmt":"2025-07-22T16:40:04","slug":"dexter-supports-the-international-day-of-the-entrepreneur-in-its-celebration-in-madrid","status":"publish","type":"post","link":"https:\/\/grupodexter.com\/en\/dexter-se-vuelca-con-el-dia-internacional-del-empresario-en-su-celebracion-en-madrid\/","title":{"rendered":"DEXTER celebrates 'International Day of the Entrepreneur' in Madrid"},"content":{"rendered":"<div data-elementor-type=\"wp-post\" data-elementor-id=\"14104\" class=\"elementor elementor-14104\" data-elementor-post-type=\"post\">\n\t\t\t\t\t\t<section class=\"elementor-section elementor-top-section elementor-element elementor-element-28af3eb elementor-section-boxed elementor-section-height-default elementor-section-height-default\" data-id=\"28af3eb\" data-element_type=\"section\" data-e-type=\"section\">\n\t\t\t\t\t\t<div class=\"elementor-container elementor-column-gap-default\">\n\t\t\t\t\t<div class=\"elementor-column elementor-col-100 elementor-top-column elementor-element elementor-element-ea70cbe\" data-id=\"ea70cbe\" data-element_type=\"column\" data-e-type=\"column\">\n\t\t\t<div class=\"elementor-widget-wrap elementor-element-populated\">\n\t\t\t\t\t\t<div class=\"elementor-element elementor-element-bf9d84e elementor-widget elementor-widget-heading\" data-id=\"bf9d84e\" data-element_type=\"widget\" data-e-type=\"widget\" data-widget_type=\"heading.default\">\n\t\t\t\t<div class=\"elementor-widget-container\">\n\t\t\t\t\t<h2 class=\"elementor-heading-title elementor-size-default\">DEXTER celebrates 'International Day of the Entrepreneur' in Madrid<\/h2>\t\t\t\t<\/div>\n\t\t\t\t<\/div>\n\t\t\t\t<div class=\"elementor-element elementor-element-ab89d06 elementor-widget__width-initial elementor-widget elementor-widget-text-editor\" data-id=\"ab89d06\" data-element_type=\"widget\" data-e-type=\"widget\" data-widget_type=\"text-editor.default\">\n\t\t\t\t<div class=\"elementor-widget-container\">\n\t\t\t\t\t\t\t\t\t<p>In its ongoing commitment to boosting entrepreneurs throughout Spain, <em>DEXTER<\/em> will be present on 27 June, in Madrid, on the International Day of the Entrepreneur, in an event organised by the Spanish Association of Friends of Entrepreneurs, which aims to institutionalise the date.<\/p><p>\u00a0\u00a0\u00a0\u00a0\u00a0\u00a0\u00a0\u00a0\u00a0\u00a0\u00a0 The president of the AEAE, Pilar Tall\u00f3n, has pointed out that <em>\"every entrepreneur, freelancer and business leader knows that the road to excellence is full of challenges, sacrifices and a lot of learning\".<\/em>That is why a day was needed to recognise the effort, dedication and contribution of those who drive the economy, generate employment and innovation, helping to transform and improve society.<\/p><p>\u00a0\u00a0\u00a0\u00a0\u00a0\u00a0\u00a0\u00a0\u00a0\u00a0\u00a0 The President of <em>DEXTER<\/em>Yeidy Ram\u00edrez, has shared that <em>\"It is essential to remember and recognise the impact and social progress made possible, day by day, by the actions of entrepreneurs and, why not, to work on the figure of the entrepreneur himself as a leader of service\".<\/em>.<\/p><p>\u00a0\u00a0\u00a0\u00a0\u00a0\u00a0\u00a0\u00a0\u00a0\u00a0\u00a0 The event, which will be attended by the company's Commercial Director, Bruno Asencio, and Marketing Director, Antonio Ponce, will serve to promote the entrepreneurial spirit and to share inspiring stories of entrepreneurs, businessmen with a genuine vocation for service whose purpose is to improve society. It will take place from midday in Alcal\u00e1 de Henares, in the El Olivar Complex.<\/p><p><\/p>\t\t\t\t\t\t\t\t<\/div>\n\t\t\t\t<\/div>\n\t\t\t\t\t<\/div>\n\t\t<\/div>\n\t\t\t\t\t<\/div>\n\t\t<\/section>\n\t\t\t\t<\/div>","protected":false},"excerpt":{"rendered":"<p>DEXTER se vuelca con el \u2018D\u00eda Internacional del Empresario\u2019 en su celebraci\u00f3n en Madrid En su compromiso constante con el impulso a los empresarios de toda Espa\u00f1a, DEXTER estar\u00e1 presente el pr\u00f3ximo d\u00eda 27 de junio, en Madrid, en el D\u00eda Internacional del Empresario, en un evento organizado por la [&hellip;]<\/p>\n","protected":false},"author":1,"featured_media":14115,"comment_status":"closed","ping_status":"closed","sticky":false,"template":"","format":"standard","meta":{"footnotes":""},"categories":[11],"tags":[],"class_list":["post-14104","post","type-post","status-publish","format-standard","has-post-thumbnail","hentry","category-dexter-global-finance"],"_links":{"self":[{"href":"https:\/\/grupodexter.com\/en\/wp-json\/wp\/v2\/posts\/14104","targetHints":{"allow":["GET"]}}],"collection":[{"href":"https:\/\/grupodexter.com\/en\/wp-json\/wp\/v2\/posts"}],"about":[{"href":"https:\/\/grupodexter.com\/en\/wp-json\/wp\/v2\/types\/post"}],"author":[{"embeddable":true,"href":"https:\/\/grupodexter.com\/en\/wp-json\/wp\/v2\/users\/1"}],"replies":[{"embeddable":true,"href":"https:\/\/grupodexter.com\/en\/wp-json\/wp\/v2\/comments?post=14104"}],"version-history":[{"count":4,"href":"https:\/\/grupodexter.com\/en\/wp-json\/wp\/v2\/posts\/14104\/revisions"}],"predecessor-version":[{"id":14109,"href":"https:\/\/grupodexter.com\/en\/wp-json\/wp\/v2\/posts\/14104\/revisions\/14109"}],"wp:featuredmedia":[{"embeddable":true,"href":"https:\/\/grupodexter.com\/en\/wp-json\/wp\/v2\/media\/14115"}],"wp:attachment":[{"href":"https:\/\/grupodexter.com\/en\/wp-json\/wp\/v2\/media?parent=14104"}],"wp:term":[{"taxonomy":"category","embeddable":true,"href":"https:\/\/grupodexter.com\/en\/wp-json\/wp\/v2\/categories?post=14104"},{"taxonomy":"post_tag","embeddable":true,"href":"https:\/\/grupodexter.com\/en\/wp-json\/wp\/v2\/tags?post=14104"}],"curies":[{"name":"wp","href":"https:\/\/api.w.org\/{rel}","templated":true}]}}