{"id":14327,"date":"2025-09-03T13:15:52","date_gmt":"2025-09-03T11:15:52","guid":{"rendered":"https:\/\/grupodexter.com\/?p=14327"},"modified":"2025-09-30T13:20:49","modified_gmt":"2025-09-30T11:20:49","slug":"alternative-financing-in-spain-has-room-to-grow","status":"publish","type":"post","link":"https:\/\/grupodexter.com\/en\/tiene-margen-para-crecer-la-financiacion-alternativa-en-espana\/","title":{"rendered":"Does alternative finance in Spain have room to grow?"},"content":{"rendered":"<div data-elementor-type=\"wp-post\" data-elementor-id=\"14327\" class=\"elementor elementor-14327\" data-elementor-post-type=\"post\">\n\t\t\t\t\t\t<section class=\"elementor-section elementor-top-section elementor-element elementor-element-28af3eb elementor-section-boxed elementor-section-height-default elementor-section-height-default\" data-id=\"28af3eb\" data-element_type=\"section\" data-e-type=\"section\">\n\t\t\t\t\t\t<div class=\"elementor-container elementor-column-gap-default\">\n\t\t\t\t\t<div class=\"elementor-column elementor-col-100 elementor-top-column elementor-element elementor-element-ea70cbe\" data-id=\"ea70cbe\" data-element_type=\"column\" data-e-type=\"column\">\n\t\t\t<div class=\"elementor-widget-wrap elementor-element-populated\">\n\t\t\t\t\t\t<div class=\"elementor-element elementor-element-bf9d84e elementor-widget elementor-widget-heading\" data-id=\"bf9d84e\" data-element_type=\"widget\" data-e-type=\"widget\" data-widget_type=\"heading.default\">\n\t\t\t\t<div class=\"elementor-widget-container\">\n\t\t\t\t\t<h2 class=\"elementor-heading-title elementor-size-default\">Does alternative finance in Spain have room to grow?<\/h2>\t\t\t\t<\/div>\n\t\t\t\t<\/div>\n\t\t\t\t<div class=\"elementor-element elementor-element-ab89d06 elementor-widget__width-initial elementor-widget elementor-widget-text-editor\" data-id=\"ab89d06\" data-element_type=\"widget\" data-e-type=\"widget\" data-widget_type=\"text-editor.default\">\n\t\t\t\t<div class=\"elementor-widget-container\">\n\t\t\t\t\t\t\t\t\t<p>It is a fact that alternative financing in Spain is still lagging behind the Anglo-Saxon world, but it is also a fact that the reasons for this are being alleviated year after year.<\/p><p>\u00a0\u00a0\u00a0\u00a0\u00a0\u00a0\u00a0\u00a0\u00a0\u00a0\u00a0 The vast majority of the capital used in our country for this purpose, such as that which manages and intermediates <em>DEXTER<\/em>The number of funds with purely Spanish capital is still low, and these large international funds tend to be massive vehicles with European or global strategies. In addition, these first large funds tend to be massive vehicles with European or global strategies and only do transactions above a certain size, for which there is not an excessive demand in Spain.<\/p><p>\u00a0\u00a0\u00a0\u00a0\u00a0\u00a0\u00a0\u00a0\u00a0\u00a0\u00a0 On the other hand, in most of our neighbouring countries there is a consensus in society and in the political class that private property and agreements between parties are sacred as long as they do not go against the law, something that is culturally different in Spain.<\/p><p>\u00a0\u00a0\u00a0\u00a0\u00a0\u00a0\u00a0\u00a0\u00a0\u00a0\u00a0 In other words, and thinking about collateral, in our country and in certain scenarios, it is not always feasible to enforce it (whether mortgages or pledges of shares) when the borrower defaults on his obligations, and this tends to create insecurity among financiers.<\/p><p>\u00a0\u00a0\u00a0\u00a0\u00a0\u00a0\u00a0\u00a0\u00a0\u00a0\u00a0 As the vice-president of <em>DEXTER<\/em>Alfonso Merlos, <em>\"Indeed, there are regulatory and cultural elements in Spain that could favour a stronger promotion of alternative financing with private capital, but because they are what they are today, the sector is growing step by step; with a clear direction, but with short steps in relation to other countries, especially in the Anglo-Saxon world\".<\/em>.<\/p><p>\u00a0\u00a0\u00a0\u00a0\u00a0\u00a0\u00a0\u00a0\u00a0\u00a0\u00a0 Even so, and according to a macroeconomic and strategic analysis, the opportunity for growth will always be in the short to medium term, given that banks are, and will deliberately remain, very limited in their ability to lend money.<\/p>\t\t\t\t\t\t\t\t<\/div>\n\t\t\t\t<\/div>\n\t\t\t\t\t<\/div>\n\t\t<\/div>\n\t\t\t\t\t<\/div>\n\t\t<\/section>\n\t\t\t\t<\/div>","protected":false},"excerpt":{"rendered":"<p>\u00bfTiene margen para crecer la financiaci\u00f3n alternativa en Espa\u00f1a? Es un hecho que la financiaci\u00f3n alternativa en Espa\u00f1a sufre a\u00fan un cierto retraso respecto del mundo anglosaj\u00f3n, pero tambi\u00e9n lo es que las razones que lo provocan, ejercicio tras ejercicio, se vienen paliando. \u00a0\u00a0\u00a0\u00a0\u00a0\u00a0\u00a0\u00a0\u00a0\u00a0\u00a0 La gran mayor\u00eda del capital que [&hellip;]<\/p>\n","protected":false},"author":1,"featured_media":14332,"comment_status":"closed","ping_status":"closed","sticky":false,"template":"","format":"standard","meta":{"footnotes":""},"categories":[11],"tags":[],"class_list":["post-14327","post","type-post","status-publish","format-standard","has-post-thumbnail","hentry","category-dexter-global-finance"],"_links":{"self":[{"href":"https:\/\/grupodexter.com\/en\/wp-json\/wp\/v2\/posts\/14327","targetHints":{"allow":["GET"]}}],"collection":[{"href":"https:\/\/grupodexter.com\/en\/wp-json\/wp\/v2\/posts"}],"about":[{"href":"https:\/\/grupodexter.com\/en\/wp-json\/wp\/v2\/types\/post"}],"author":[{"embeddable":true,"href":"https:\/\/grupodexter.com\/en\/wp-json\/wp\/v2\/users\/1"}],"replies":[{"embeddable":true,"href":"https:\/\/grupodexter.com\/en\/wp-json\/wp\/v2\/comments?post=14327"}],"version-history":[{"count":4,"href":"https:\/\/grupodexter.com\/en\/wp-json\/wp\/v2\/posts\/14327\/revisions"}],"predecessor-version":[{"id":14335,"href":"https:\/\/grupodexter.com\/en\/wp-json\/wp\/v2\/posts\/14327\/revisions\/14335"}],"wp:featuredmedia":[{"embeddable":true,"href":"https:\/\/grupodexter.com\/en\/wp-json\/wp\/v2\/media\/14332"}],"wp:attachment":[{"href":"https:\/\/grupodexter.com\/en\/wp-json\/wp\/v2\/media?parent=14327"}],"wp:term":[{"taxonomy":"category","embeddable":true,"href":"https:\/\/grupodexter.com\/en\/wp-json\/wp\/v2\/categories?post=14327"},{"taxonomy":"post_tag","embeddable":true,"href":"https:\/\/grupodexter.com\/en\/wp-json\/wp\/v2\/tags?post=14327"}],"curies":[{"name":"wp","href":"https:\/\/api.w.org\/{rel}","templated":true}]}}