{"id":14388,"date":"2025-10-21T08:58:23","date_gmt":"2025-10-21T06:58:23","guid":{"rendered":"https:\/\/grupodexter.com\/?p=14388"},"modified":"2025-10-22T09:02:33","modified_gmt":"2025-10-22T07:02:33","slug":"yeidy-ramirez-sera-galardonada-este-23-de-octubre-por-la-asociacion-espanola-amigos-empresarios-y-las-cuatro-tttt","status":"publish","type":"post","link":"https:\/\/grupodexter.com\/en\/yeidy-ramirez-sera-galardonada-este-23-de-octubre-por-la-asociacion-espanola-amigos-empresarios-y-las-cuatro-tttt\/","title":{"rendered":"Yeidy Ram\u00edrez ser\u00e1 galardonada este 23 de octubre por la \u2018Asociaci\u00f3n Espa\u00f1ola Amigos Empresarios\u2019 y Las Cuatro TTTT"},"content":{"rendered":"<div data-elementor-type=\"wp-post\" data-elementor-id=\"14388\" class=\"elementor elementor-14388\" data-elementor-post-type=\"post\">\n\t\t\t\t\t\t<section class=\"elementor-section elementor-top-section elementor-element elementor-element-28af3eb elementor-section-boxed elementor-section-height-default elementor-section-height-default\" data-id=\"28af3eb\" data-element_type=\"section\" data-e-type=\"section\">\n\t\t\t\t\t\t<div class=\"elementor-container elementor-column-gap-default\">\n\t\t\t\t\t<div class=\"elementor-column elementor-col-100 elementor-top-column elementor-element elementor-element-ea70cbe\" data-id=\"ea70cbe\" data-element_type=\"column\" data-e-type=\"column\">\n\t\t\t<div class=\"elementor-widget-wrap elementor-element-populated\">\n\t\t\t\t\t\t<div class=\"elementor-element elementor-element-bf9d84e elementor-widget elementor-widget-heading\" data-id=\"bf9d84e\" data-element_type=\"widget\" data-e-type=\"widget\" data-widget_type=\"heading.default\">\n\t\t\t\t<div class=\"elementor-widget-container\">\n\t\t\t\t\t<h2 class=\"elementor-heading-title elementor-size-default\">Yeidy Ram\u00edrez ser\u00e1 galardonada este 23 de octubre por la \u2018Asociaci\u00f3n Espa\u00f1ola Amigos Empresarios\u2019 y Las Cuatro TTTT<\/h2>\t\t\t\t<\/div>\n\t\t\t\t<\/div>\n\t\t\t\t<div class=\"elementor-element elementor-element-ab89d06 elementor-widget__width-initial elementor-widget elementor-widget-text-editor\" data-id=\"ab89d06\" data-element_type=\"widget\" data-e-type=\"widget\" data-widget_type=\"text-editor.default\">\n\t\t\t\t<div class=\"elementor-widget-container\">\n\t\t\t\t\t\t\t\t\t<p>La presidenta de \u2018Dexter Global Finance\u2019, Yeidy Ram\u00edrez, ser\u00e1 galardonada este pr\u00f3ximo 23 de octubre en la Gala de la AEAE y Las Cuatro TTTT, que reconoce la excelencia, el compromiso, el liderazgo, la innovaci\u00f3n y la vocaci\u00f3n de servicio de los empresarios en el Complejo El Olivar, Alcal\u00e1 de Henares, en Madrid<\/p><p>Ser\u00e1 una cita llena de inspiraci\u00f3n, networking y reconocimiento a quienes marcan la diferencia en sus respectivos \u00e1mbitos profesionales, tal y como ha entendido el jurado de esta primera edici\u00f3n. Ser\u00e1 adem\u00e1s una gala con un componente ben\u00e9fico a favor de \u2018Ay\u00fadame3D\u2019, con la idea de crear m\u00e1s pr\u00f3tesis impresas en 3D que ayuden a que las personas que las necesitan tengan una vida mejor.<\/p><p><strong>Yeidy Ram\u00edrez ha se\u00f1alado que <em>\u201ces una satisfacci\u00f3n especial ver c\u00f3mo desde la sociedad civil hay impulsos para reconocer la labor del empresario, su papel ante la sociedad, su responsabilidad y su motor para el cambio y para la generaci\u00f3n de puestos de trabajo\u201d<\/em>, a lo que ha a\u00f1adido que <em>\u201chay un doble agradecimiento, por un lado a quienes han decidido reconocer mi propio liderazgo al frente de una empresa en un mundo tan competitivo como el del capital privado; pero un agradecimiento muy especial tambi\u00e9n a quienes me han ayudado desde Dexter, un magn\u00edfico equipo de profesionales, que los \u00faltimos seis a\u00f1os han estado a mi lado\u201d<\/em>.<\/strong><\/p><p>En este contexto, la presidenta de la Asociaci\u00f3n Espa\u00f1ola de Amigos Empresarios, Pilar Tall\u00f3n ha se\u00f1alado que <em>\u201ces muy importante resaltar la labor del empresario como pieza clave en el desarrollo econ\u00f3mico de Espa\u00f1a, generando riqueza, empleo y sosteniendo el estado de bienestar. Su papel va m\u00e1s all\u00e1 de lo econ\u00f3mico, es un agente de transformaci\u00f3n social que crea oportunidades, impulsa la innovaci\u00f3n y mejora la vida de las personas\u201d<\/em>.<\/p><p><\/p>\t\t\t\t\t\t\t\t<\/div>\n\t\t\t\t<\/div>\n\t\t\t\t\t<\/div>\n\t\t<\/div>\n\t\t\t\t\t<\/div>\n\t\t<\/section>\n\t\t\t\t<\/div>","protected":false},"excerpt":{"rendered":"<p>Yeidy Ram\u00edrez ser\u00e1 galardonada este 23 de octubre por la \u2018Asociaci\u00f3n Espa\u00f1ola Amigos Empresarios\u2019 y Las Cuatro TTTT La presidenta de \u2018Dexter Global Finance\u2019, Yeidy Ram\u00edrez, ser\u00e1 galardonada este pr\u00f3ximo 23 de octubre en la Gala de la AEAE y Las Cuatro TTTT, que reconoce la excelencia, el compromiso, el [&hellip;]<\/p>\n","protected":false},"author":1,"featured_media":14390,"comment_status":"closed","ping_status":"closed","sticky":false,"template":"","format":"standard","meta":{"footnotes":""},"categories":[11],"tags":[],"class_list":["post-14388","post","type-post","status-publish","format-standard","has-post-thumbnail","hentry","category-dexter-global-finance"],"_links":{"self":[{"href":"https:\/\/grupodexter.com\/en\/wp-json\/wp\/v2\/posts\/14388","targetHints":{"allow":["GET"]}}],"collection":[{"href":"https:\/\/grupodexter.com\/en\/wp-json\/wp\/v2\/posts"}],"about":[{"href":"https:\/\/grupodexter.com\/en\/wp-json\/wp\/v2\/types\/post"}],"author":[{"embeddable":true,"href":"https:\/\/grupodexter.com\/en\/wp-json\/wp\/v2\/users\/1"}],"replies":[{"embeddable":true,"href":"https:\/\/grupodexter.com\/en\/wp-json\/wp\/v2\/comments?post=14388"}],"version-history":[{"count":4,"href":"https:\/\/grupodexter.com\/en\/wp-json\/wp\/v2\/posts\/14388\/revisions"}],"predecessor-version":[{"id":14393,"href":"https:\/\/grupodexter.com\/en\/wp-json\/wp\/v2\/posts\/14388\/revisions\/14393"}],"wp:featuredmedia":[{"embeddable":true,"href":"https:\/\/grupodexter.com\/en\/wp-json\/wp\/v2\/media\/14390"}],"wp:attachment":[{"href":"https:\/\/grupodexter.com\/en\/wp-json\/wp\/v2\/media?parent=14388"}],"wp:term":[{"taxonomy":"category","embeddable":true,"href":"https:\/\/grupodexter.com\/en\/wp-json\/wp\/v2\/categories?post=14388"},{"taxonomy":"post_tag","embeddable":true,"href":"https:\/\/grupodexter.com\/en\/wp-json\/wp\/v2\/tags?post=14388"}],"curies":[{"name":"wp","href":"https:\/\/api.w.org\/{rel}","templated":true}]}}