{"id":2494,"date":"2021-12-17T09:52:23","date_gmt":"2021-12-17T09:52:23","guid":{"rendered":"https:\/\/grupodexter.com\/?p=2494"},"modified":"2024-10-03T12:43:52","modified_gmt":"2024-10-03T10:43:52","slug":"the-role-of-financial-management-in-the-economic-recovery-madrid-magazine","status":"publish","type":"post","link":"https:\/\/grupodexter.com\/en\/el-papel-de-la-gestion-financiera-en-la-remontada-economica-madrid-magazine\/","title":{"rendered":"\"The role of financial management in the economic recovery\" - Madrid Magazine"},"content":{"rendered":"<div data-elementor-type=\"wp-post\" data-elementor-id=\"2494\" class=\"elementor elementor-2494\" data-elementor-post-type=\"post\">\n\t\t\t\t\t\t<section class=\"elementor-section elementor-top-section elementor-element elementor-element-3146974 elementor-section-boxed elementor-section-height-default elementor-section-height-default\" data-id=\"3146974\" data-element_type=\"section\" data-e-type=\"section\">\n\t\t\t\t\t\t<div class=\"elementor-container elementor-column-gap-default\">\n\t\t\t\t\t<div class=\"elementor-column elementor-col-100 elementor-top-column elementor-element elementor-element-4a94d2e\" data-id=\"4a94d2e\" data-element_type=\"column\" data-e-type=\"column\">\n\t\t\t<div class=\"elementor-widget-wrap elementor-element-populated\">\n\t\t\t\t\t\t<div class=\"elementor-element elementor-element-beb7f8e elementor-widget elementor-widget-heading\" data-id=\"beb7f8e\" data-element_type=\"widget\" data-e-type=\"widget\" data-widget_type=\"heading.default\">\n\t\t\t\t<div class=\"elementor-widget-container\">\n\t\t\t\t\t<h2 class=\"elementor-heading-title elementor-size-default\">\"Financial management, the engine of economic recovery\" - Madrid Magazine<\/h2>\t\t\t\t<\/div>\n\t\t\t\t<\/div>\n\t\t\t\t<div class=\"elementor-element elementor-element-446d853 elementor-widget elementor-widget-image\" data-id=\"446d853\" data-element_type=\"widget\" data-e-type=\"widget\" data-widget_type=\"image.default\">\n\t\t\t\t<div class=\"elementor-widget-container\">\n\t\t\t\t\t\t\t\t\t\t\t\t\t\t\t<img fetchpriority=\"high\" decoding=\"async\" width=\"750\" height=\"960\" src=\"https:\/\/grupodexter.com\/wp-content\/uploads\/image12-768x983.jpeg\" class=\"attachment-medium_large size-medium_large wp-image-2500\" alt=\"\" srcset=\"https:\/\/grupodexter.com\/wp-content\/uploads\/\/image12-768x983.jpeg 768w, https:\/\/grupodexter.com\/wp-content\/uploads\/\/image12-234x300.jpeg 234w, https:\/\/grupodexter.com\/wp-content\/uploads\/\/image12-800x1024.jpeg 800w, https:\/\/grupodexter.com\/wp-content\/uploads\/\/image12.jpeg 946w\" sizes=\"(max-width: 750px) 100vw, 750px\" \/>\t\t\t\t\t\t\t\t\t\t\t\t\t\t\t<\/div>\n\t\t\t\t<\/div>\n\t\t\t\t<div class=\"elementor-element elementor-element-c66ca68 elementor-widget elementor-widget-country-flag\" data-id=\"c66ca68\" data-element_type=\"widget\" data-e-type=\"widget\" data-widget_type=\"country-flag.default\">\n\t\t\t\t<div class=\"elementor-widget-container\">\n\t\t\t\t\t\t\t<div class=\"cffe-flag-wrapper\">\n\t\t\t<div class=\"cffe-flag\">\n\t\t\t\t<i class=\"flag-icon flag-icon-es\" aria-hidden=\"true\"><\/i>\n\t\t\t<\/div>\n\t\t<\/div>\n\t\t\t\t\t\t<\/div>\n\t\t\t\t<\/div>\n\t\t\t\t<div class=\"elementor-element elementor-element-4830906 elementor-widget elementor-widget-text-editor\" data-id=\"4830906\" data-element_type=\"widget\" data-e-type=\"widget\" data-widget_type=\"text-editor.default\">\n\t\t\t\t<div class=\"elementor-widget-container\">\n\t\t\t\t\t\t\t\t\t<p>Dexter Global Finance CEO, Yeidy Ramirez publishes in the issue of\u00a0<span style=\"font-size: inherit;\">December in the magazine Madrid Magazine an article entitled \"The role of the\u00a0<\/span><span style=\"font-size: inherit;\">financial management in the economic upturn\".<\/span><\/p><p>In the text, he develops the idea that \"those of us who accumulated almost two decades of\u00a0<span style=\"font-size: inherit;\">experience as financial managers and intermediaries, we are fully aware of our\u00a0<\/span><span style=\"font-size: inherit;\">that private equity, which might once have been seen as a last resort, has been\u00a0<\/span><span style=\"font-size: inherit;\">resource, it is now one more in the quest to find the lung and the engine for the most\u00a0<\/span><span style=\"font-size: inherit;\">various projects.<\/span><\/p><p>Dexter's top executive appeals to lead in this time of recovery\u00a0<span style=\"font-size: inherit;\">economic \"from our attitudes, our ambitions, our energies,\u00a0<\/span><span style=\"font-size: inherit;\">our balances and our strengths.<\/span><\/p><p>Read the full article:<\/p><p><img decoding=\"async\" src=\"http:\/\/grupodexter.com\/wp-content\/uploads\/image3.jpeg\" alt=\"\" width=\"547\" height=\"555\" class=\"size-full wp-image-2498 aligncenter\" srcset=\"https:\/\/grupodexter.com\/wp-content\/uploads\/\/image3.jpeg 547w, https:\/\/grupodexter.com\/wp-content\/uploads\/\/image3-296x300.jpeg 296w\" sizes=\"(max-width: 547px) 100vw, 547px\" \/><\/p><p><img decoding=\"async\" src=\"http:\/\/grupodexter.com\/wp-content\/uploads\/image4.jpeg\" alt=\"\" width=\"541\" height=\"547\" class=\"aligncenter wp-image-2499 size-full\" srcset=\"https:\/\/grupodexter.com\/wp-content\/uploads\/\/image4.jpeg 541w, https:\/\/grupodexter.com\/wp-content\/uploads\/\/image4-297x300.jpeg 297w\" sizes=\"(max-width: 541px) 100vw, 541px\" \/><\/p><div><\/div>\t\t\t\t\t\t\t\t<\/div>\n\t\t\t\t<\/div>\n\t\t\t\t<div class=\"elementor-element elementor-element-500e95c elementor-widget-divider--view-line_icon elementor-view-framed elementor-widget-divider--element-align-center elementor-widget elementor-widget-divider\" data-id=\"500e95c\" data-element_type=\"widget\" data-e-type=\"widget\" data-widget_type=\"divider.default\">\n\t\t\t\t<div class=\"elementor-widget-container\">\n\t\t\t\t\t\t\t<div class=\"elementor-divider\">\n\t\t\t<span class=\"elementor-divider-separator\">\n\t\t\t\t\t\t\t<div class=\"elementor-icon elementor-divider__element\">\n\t\t\t\t\t<i aria-hidden=\"true\" class=\"fas fa-star\"><\/i><\/div>\n\t\t\t\t\t\t<\/span>\n\t\t<\/div>\n\t\t\t\t\t\t<\/div>\n\t\t\t\t<\/div>\n\t\t\t\t<div class=\"elementor-element elementor-element-966ffd3 elementor-widget elementor-widget-country-flag\" data-id=\"966ffd3\" data-element_type=\"widget\" data-e-type=\"widget\" data-widget_type=\"country-flag.default\">\n\t\t\t\t<div class=\"elementor-widget-container\">\n\t\t\t\t\t\t\t<div class=\"cffe-flag-wrapper\">\n\t\t\t<div class=\"cffe-flag\">\n\t\t\t\t<i class=\"flag-icon flag-icon-gb\" aria-hidden=\"true\"><\/i>\n\t\t\t<\/div>\n\t\t<\/div>\n\t\t\t\t\t\t<\/div>\n\t\t\t\t<\/div>\n\t\t\t\t<div class=\"elementor-element elementor-element-08d9e68 elementor-widget elementor-widget-text-editor\" data-id=\"08d9e68\" data-element_type=\"widget\" data-e-type=\"widget\" data-widget_type=\"text-editor.default\">\n\t\t\t\t<div class=\"elementor-widget-container\">\n\t\t\t\t\t\t\t\t\t<p><span style=\"font-family: Oswald;\"><span style=\"font-size: 21.3333px;\">The CEO of Dexter Global Finance, Yeidy Ram\u00edrez publishes an article in the December issue of Madrid Magazine under the title \"The role of financial management in the economic comeback\".<\/span><\/span><\/p>\n<p><span style=\"font-family: Oswald;\"><span style=\"font-size: 21.3333px;\">In the text, he develops the idea that \"those of us who have accumulated almost two decades of experience as financial managers and intermediaries, we are fully aware that private capital, which could be considered in other times as a last resort, is now one more in the trying to find the lung and the motor for the most diverse projects \".<\/span><\/span><\/p>\n<p><span style=\"font-family: Oswald;\"><span style=\"font-size: 21.3333px;\">Dexter's first executive appeals to lead this time of economic recovery \"from our attitudes, our ambitions, our energies, our balances and our strengths\".<\/span><\/span><\/p>\n<p><o:p><\/o:p><\/p>\t\t\t\t\t\t\t\t<\/div>\n\t\t\t\t<\/div>\n\t\t\t\t\t<\/div>\n\t\t<\/div>\n\t\t\t\t\t<\/div>\n\t\t<\/section>\n\t\t\t\t<\/div>","protected":false},"excerpt":{"rendered":"<p>\u00abLa gesti\u00f3n financiera, motor de la recuperaci\u00f3n econ\u00f3mica\u00bb &#8211; Madrid Magazine La CEO de Dexter Global Finance, Yeidy Ram\u00edrez publica en el n\u00famero de&nbsp;diciembre de la revista Madrid Magazine un art\u00edculo bajo el t\u00edtulo \u201cEl papel de la&nbsp;gesti\u00f3n financiera en la remontada econ\u00f3mica\u201d. En el texto, desarrolla la idea de [&hellip;]<\/p>\n","protected":false},"author":1,"featured_media":2497,"comment_status":"closed","ping_status":"closed","sticky":false,"template":"","format":"standard","meta":{"footnotes":""},"categories":[11],"tags":[],"class_list":["post-2494","post","type-post","status-publish","format-standard","has-post-thumbnail","hentry","category-dexter-global-finance"],"_links":{"self":[{"href":"https:\/\/grupodexter.com\/en\/wp-json\/wp\/v2\/posts\/2494","targetHints":{"allow":["GET"]}}],"collection":[{"href":"https:\/\/grupodexter.com\/en\/wp-json\/wp\/v2\/posts"}],"about":[{"href":"https:\/\/grupodexter.com\/en\/wp-json\/wp\/v2\/types\/post"}],"author":[{"embeddable":true,"href":"https:\/\/grupodexter.com\/en\/wp-json\/wp\/v2\/users\/1"}],"replies":[{"embeddable":true,"href":"https:\/\/grupodexter.com\/en\/wp-json\/wp\/v2\/comments?post=2494"}],"version-history":[{"count":1,"href":"https:\/\/grupodexter.com\/en\/wp-json\/wp\/v2\/posts\/2494\/revisions"}],"predecessor-version":[{"id":13263,"href":"https:\/\/grupodexter.com\/en\/wp-json\/wp\/v2\/posts\/2494\/revisions\/13263"}],"wp:featuredmedia":[{"embeddable":true,"href":"https:\/\/grupodexter.com\/en\/wp-json\/wp\/v2\/media\/2497"}],"wp:attachment":[{"href":"https:\/\/grupodexter.com\/en\/wp-json\/wp\/v2\/media?parent=2494"}],"wp:term":[{"taxonomy":"category","embeddable":true,"href":"https:\/\/grupodexter.com\/en\/wp-json\/wp\/v2\/categories?post=2494"},{"taxonomy":"post_tag","embeddable":true,"href":"https:\/\/grupodexter.com\/en\/wp-json\/wp\/v2\/tags?post=2494"}],"curies":[{"name":"wp","href":"https:\/\/api.w.org\/{rel}","templated":true}]}}