{"id":4459,"date":"2022-05-29T17:39:13","date_gmt":"2022-05-29T16:39:13","guid":{"rendered":"https:\/\/grupodexter.com\/?p=4459"},"modified":"2024-10-03T12:36:08","modified_gmt":"2024-10-03T10:36:08","slug":"private-capital-key-to-malagas-economic-growth","status":"publish","type":"post","link":"https:\/\/grupodexter.com\/en\/el-capital-privado-clave-en-el-crecimiento-economico-de-malaga\/","title":{"rendered":"Private capital, a key factor in Malaga's economic development."},"content":{"rendered":"<div data-elementor-type=\"wp-post\" data-elementor-id=\"4459\" class=\"elementor elementor-4459\" data-elementor-post-type=\"post\">\n\t\t\t\t\t\t<section class=\"elementor-section elementor-top-section elementor-element elementor-element-3146974 elementor-section-boxed elementor-section-height-default elementor-section-height-default\" data-id=\"3146974\" data-element_type=\"section\" data-e-type=\"section\">\n\t\t\t\t\t\t<div class=\"elementor-container elementor-column-gap-default\">\n\t\t\t\t\t<div class=\"elementor-column elementor-col-100 elementor-top-column elementor-element elementor-element-4a94d2e\" data-id=\"4a94d2e\" data-element_type=\"column\" data-e-type=\"column\">\n\t\t\t<div class=\"elementor-widget-wrap elementor-element-populated\">\n\t\t\t\t\t\t<div class=\"elementor-element elementor-element-beb7f8e elementor-widget elementor-widget-heading\" data-id=\"beb7f8e\" data-element_type=\"widget\" data-e-type=\"widget\" data-widget_type=\"heading.default\">\n\t\t\t\t<div class=\"elementor-widget-container\">\n\t\t\t\t\t<h2 class=\"elementor-heading-title elementor-size-default\">\"The wind is blowing very favourably in Malaga, and businessmen are aware that they have to take advantage of the opportunities (...)\".<\/h2>\t\t\t\t<\/div>\n\t\t\t\t<\/div>\n\t\t\t\t<div class=\"elementor-element elementor-element-4830906 elementor-widget elementor-widget-text-editor\" data-id=\"4830906\" data-element_type=\"widget\" data-e-type=\"widget\" data-widget_type=\"text-editor.default\">\n\t\t\t\t<div class=\"elementor-widget-container\">\n\t\t\t\t\t\t\t\t\t<p>The CEO of DEXTER, Yeidy Ram\u00edrez, has spoken about the importance that private capital is playing in the moment of clear economic momentum that M\u00e1laga is experiencing, both in the capital and in the province. She pointed out that \"private capital is working in a very direct and immediate way to make companies with financing needs stronger, and in a very visible and powerful way in the real estate sector as a whole: from residential to hotels, from commercial to office buildings\".<\/p><p>On the other hand, Yeidy Ram\u00edrez added that \"the wind is blowing very favourably in Malaga, and entrepreneurs are aware that they have to take advantage of opportunities in the short term, and with great agility, to create wealth. Our mission here is to provide them with capital to help them achieve their goals, to prosper, to sell, to create jobs... with a wide range of financial products starting from one million euros and up to 150 million euros, and which go beyond real estate or mortgages\".<\/p><p>Read the full article\u00a0<a href=\"https:\/\/www.malagareporter.com\/2022\/04\/06\/malaga-esta-en-inmobiliario-y-en-financiero-claramente-al-alza\/\" target=\"_blank\" style=\"background-color: #ffffff;\" rel=\"noopener\"><b>HERE<\/b><\/a><\/p>\t\t\t\t\t\t\t\t<\/div>\n\t\t\t\t<\/div>\n\t\t\t\t<div class=\"elementor-element elementor-element-62737fd elementor-widget-divider--view-line_icon elementor-view-framed elementor-widget-divider--element-align-center elementor-widget elementor-widget-divider\" data-id=\"62737fd\" data-element_type=\"widget\" data-e-type=\"widget\" data-widget_type=\"divider.default\">\n\t\t\t\t<div class=\"elementor-widget-container\">\n\t\t\t\t\t\t\t<div class=\"elementor-divider\">\n\t\t\t<span class=\"elementor-divider-separator\">\n\t\t\t\t\t\t\t<div class=\"elementor-icon elementor-divider__element\">\n\t\t\t\t\t<i aria-hidden=\"true\" class=\"fas fa-star\"><\/i><\/div>\n\t\t\t\t\t\t<\/span>\n\t\t<\/div>\n\t\t\t\t\t\t<\/div>\n\t\t\t\t<\/div>\n\t\t\t\t\t<\/div>\n\t\t<\/div>\n\t\t\t\t\t<\/div>\n\t\t<\/section>\n\t\t\t\t<\/div>","protected":false},"excerpt":{"rendered":"<p>\u201cel viento sopla muy a favor en M\u00e1laga, y los empresarios son conscientes de que han de aprovechar las oportunidades(&#8230;)\u201d La CEO de DEXTER, Yeidy Ram\u00edrez se ha pronunciado sobre la importancia que est\u00e1 desempe\u00f1ando el capital privado en el momento de claro impulso econ\u00f3mico que vive M\u00e1laga, tanto la [&hellip;]<\/p>\n","protected":false},"author":1,"featured_media":4461,"comment_status":"closed","ping_status":"closed","sticky":false,"template":"","format":"standard","meta":{"footnotes":""},"categories":[12],"tags":[],"class_list":["post-4459","post","type-post","status-publish","format-standard","has-post-thumbnail","hentry","category-medios-de-comunicacion"],"_links":{"self":[{"href":"https:\/\/grupodexter.com\/en\/wp-json\/wp\/v2\/posts\/4459","targetHints":{"allow":["GET"]}}],"collection":[{"href":"https:\/\/grupodexter.com\/en\/wp-json\/wp\/v2\/posts"}],"about":[{"href":"https:\/\/grupodexter.com\/en\/wp-json\/wp\/v2\/types\/post"}],"author":[{"embeddable":true,"href":"https:\/\/grupodexter.com\/en\/wp-json\/wp\/v2\/users\/1"}],"replies":[{"embeddable":true,"href":"https:\/\/grupodexter.com\/en\/wp-json\/wp\/v2\/comments?post=4459"}],"version-history":[{"count":1,"href":"https:\/\/grupodexter.com\/en\/wp-json\/wp\/v2\/posts\/4459\/revisions"}],"predecessor-version":[{"id":13211,"href":"https:\/\/grupodexter.com\/en\/wp-json\/wp\/v2\/posts\/4459\/revisions\/13211"}],"wp:featuredmedia":[{"embeddable":true,"href":"https:\/\/grupodexter.com\/en\/wp-json\/wp\/v2\/media\/4461"}],"wp:attachment":[{"href":"https:\/\/grupodexter.com\/en\/wp-json\/wp\/v2\/media?parent=4459"}],"wp:term":[{"taxonomy":"category","embeddable":true,"href":"https:\/\/grupodexter.com\/en\/wp-json\/wp\/v2\/categories?post=4459"},{"taxonomy":"post_tag","embeddable":true,"href":"https:\/\/grupodexter.com\/en\/wp-json\/wp\/v2\/tags?post=4459"}],"curies":[{"name":"wp","href":"https:\/\/api.w.org\/{rel}","templated":true}]}}