{"id":5505,"date":"2022-08-29T09:16:39","date_gmt":"2022-08-29T08:16:39","guid":{"rendered":"https:\/\/grupodexter.com\/?p=5505"},"modified":"2024-10-03T12:32:11","modified_gmt":"2024-10-03T10:32:11","slug":"en-la-vuelta-del-verano-hay-un-gran-dinamismo-de-promotores-y-constructores","status":"publish","type":"post","link":"https:\/\/grupodexter.com\/en\/en-la-vuelta-del-verano-hay-un-gran-dinamismo-de-promotores-y-constructores\/","title":{"rendered":"Strong momentum in the market from developers and builders"},"content":{"rendered":"<div data-elementor-type=\"wp-post\" data-elementor-id=\"5505\" class=\"elementor elementor-5505\" data-elementor-post-type=\"post\">\n\t\t\t\t\t\t<section class=\"elementor-section elementor-top-section elementor-element elementor-element-3146974 elementor-section-boxed elementor-section-height-default elementor-section-height-default\" data-id=\"3146974\" data-element_type=\"section\" data-e-type=\"section\">\n\t\t\t\t\t\t<div class=\"elementor-container elementor-column-gap-default\">\n\t\t\t\t\t<div class=\"elementor-column elementor-col-100 elementor-top-column elementor-element elementor-element-4a94d2e\" data-id=\"4a94d2e\" data-element_type=\"column\" data-e-type=\"column\">\n\t\t\t<div class=\"elementor-widget-wrap elementor-element-populated\">\n\t\t\t\t\t\t<div class=\"elementor-element elementor-element-beb7f8e elementor-widget elementor-widget-heading\" data-id=\"beb7f8e\" data-element_type=\"widget\" data-e-type=\"widget\" data-widget_type=\"heading.default\">\n\t\t\t\t<div class=\"elementor-widget-container\">\n\t\t\t\t\t<h2 class=\"elementor-heading-title elementor-size-default\"> \"Hay un gran dinamismo de promotores y constructores y un gran volumen de operaciones de compraventa\"<\/h2>\t\t\t\t<\/div>\n\t\t\t\t<\/div>\n\t\t\t\t<div class=\"elementor-element elementor-element-4830906 elementor-widget elementor-widget-text-editor\" data-id=\"4830906\" data-element_type=\"widget\" data-e-type=\"widget\" data-widget_type=\"text-editor.default\">\n\t\t\t\t<div class=\"elementor-widget-container\">\n\t\t\t\t\t\t\t\t\t<p>The CEO of <em>DEXTER<\/em>, Yeidy Ram\u00edrez ha estado en el programa <em>La Ma\u00f1ana de la Costa<\/em>, que se emite desde la <em>Cadena COPE<\/em> en Marbella, y se ha pronunciado sobre los datos seg\u00fan los cuales se batir\u00e1 el r\u00e9cord de inversi\u00f3n inmobiliaria en 2022. Ha se\u00f1alado que <em>\u201cla tendencia va a ser muy positiva, ya que el sector inmobiliario, y especialmente el residencial, ha salido muy reforzado tras la pandemia. Todos los indicadores se est\u00e1n recuperando, hay un gran dinamismo de promotores y constructores y un gran volumen de operaciones de compraventa\u201d<\/em>he added.<\/p><p>En este sentido, ha ponderado que <em>DEXTER<\/em> est\u00e1 financiando <em>\u201coperaciones a un gran ritmo en toda Espa\u00f1a. Y la tendencia desde septiembre en lo que queda de a\u00f1o ya vemos que va a ser buen\u00edsima, ya que una parte del dinamismo del mercado inmobiliario y del financiero se debe a la fuerte presencia de clientes y empresas internacionales, algo que notamos de manera casi diaria\u201d<\/em>.<\/p><p>Una parte de la conversaci\u00f3n ha versado sobre los empresarios que recurren al capital privado <em>\u201cporque est\u00e1n acostumbrados a trabajar con \u00e9l\u2026 est\u00e1n apostando por la agilidad, la velocidad y la eficacia\u201d, <\/em>ha apostillado.<\/p><p>Listen to the full interview below.<\/p>\t\t\t\t\t\t\t\t<\/div>\n\t\t\t\t<\/div>\n\t\t\t\t<div class=\"elementor-element elementor-element-7616ab2 elementor-widget elementor-widget-wp-widget-media_audio\" data-id=\"7616ab2\" data-element_type=\"widget\" data-e-type=\"widget\" data-widget_type=\"wp-widget-media_audio.default\">\n\t\t\t\t<div class=\"elementor-widget-container\">\n\t\t\t\t\t<h5>Entrevista Yeidy Ram\u00edrez, CEO de Dexter, en COPE Marbella (24\/08\/2022)<\/h5><audio class=\"wp-audio-shortcode\" id=\"audio-5505-1\" preload=\"none\" style=\"width: 100%;\" controls=\"controls\"><source type=\"audio\/mpeg\" src=\"https:\/\/grupodexter.com\/wp-content\/uploads\/RPReplay_Final1661758835-1-online-audio-converter.com_.mp3?_=1\" \/><source type=\"audio\/mpeg\" src=\"http:\/\/grupodexter.com\/wp-content\/uploads\/RPReplay_Final1661758835-1-online-audio-converter.com_.mp3?_=1\" \/><a href=\"https:\/\/grupodexter.com\/wp-content\/uploads\/RPReplay_Final1661758835-1-online-audio-converter.com_.mp3\">https:\/\/grupodexter.com\/wp-content\/uploads\/RPReplay_Final1661758835-1-online-audio-converter.com_.mp3<\/a><\/audio>\t\t\t\t<\/div>\n\t\t\t\t<\/div>\n\t\t\t\t<div class=\"elementor-element elementor-element-62737fd elementor-widget-divider--view-line_icon elementor-view-framed elementor-widget-divider--element-align-center elementor-widget elementor-widget-divider\" data-id=\"62737fd\" data-element_type=\"widget\" data-e-type=\"widget\" data-widget_type=\"divider.default\">\n\t\t\t\t<div class=\"elementor-widget-container\">\n\t\t\t\t\t\t\t<div class=\"elementor-divider\">\n\t\t\t<span class=\"elementor-divider-separator\">\n\t\t\t\t\t\t\t<div class=\"elementor-icon elementor-divider__element\">\n\t\t\t\t\t<i aria-hidden=\"true\" class=\"fas fa-star\"><\/i><\/div>\n\t\t\t\t\t\t<\/span>\n\t\t<\/div>\n\t\t\t\t\t\t<\/div>\n\t\t\t\t<\/div>\n\t\t\t\t\t<\/div>\n\t\t<\/div>\n\t\t\t\t\t<\/div>\n\t\t<\/section>\n\t\t\t\t<\/div>","protected":false},"excerpt":{"rendered":"<p>\u00abHay un gran dinamismo de promotores y constructores y un gran volumen de operaciones de compraventa\u00bb La CEO de DEXTER, Yeidy Ram\u00edrez ha estado en el programa La Ma\u00f1ana de la Costa, que se emite desde la Cadena COPE en Marbella, y se ha pronunciado sobre los datos seg\u00fan los [&hellip;]<\/p>\n","protected":false},"author":1,"featured_media":5502,"comment_status":"closed","ping_status":"closed","sticky":false,"template":"","format":"standard","meta":{"footnotes":""},"categories":[12],"tags":[],"class_list":["post-5505","post","type-post","status-publish","format-standard","has-post-thumbnail","hentry","category-medios-de-comunicacion"],"_links":{"self":[{"href":"https:\/\/grupodexter.com\/en\/wp-json\/wp\/v2\/posts\/5505","targetHints":{"allow":["GET"]}}],"collection":[{"href":"https:\/\/grupodexter.com\/en\/wp-json\/wp\/v2\/posts"}],"about":[{"href":"https:\/\/grupodexter.com\/en\/wp-json\/wp\/v2\/types\/post"}],"author":[{"embeddable":true,"href":"https:\/\/grupodexter.com\/en\/wp-json\/wp\/v2\/users\/1"}],"replies":[{"embeddable":true,"href":"https:\/\/grupodexter.com\/en\/wp-json\/wp\/v2\/comments?post=5505"}],"version-history":[{"count":1,"href":"https:\/\/grupodexter.com\/en\/wp-json\/wp\/v2\/posts\/5505\/revisions"}],"predecessor-version":[{"id":13172,"href":"https:\/\/grupodexter.com\/en\/wp-json\/wp\/v2\/posts\/5505\/revisions\/13172"}],"wp:featuredmedia":[{"embeddable":true,"href":"https:\/\/grupodexter.com\/en\/wp-json\/wp\/v2\/media\/5502"}],"wp:attachment":[{"href":"https:\/\/grupodexter.com\/en\/wp-json\/wp\/v2\/media?parent=5505"}],"wp:term":[{"taxonomy":"category","embeddable":true,"href":"https:\/\/grupodexter.com\/en\/wp-json\/wp\/v2\/categories?post=5505"},{"taxonomy":"post_tag","embeddable":true,"href":"https:\/\/grupodexter.com\/en\/wp-json\/wp\/v2\/tags?post=5505"}],"curies":[{"name":"wp","href":"https:\/\/api.w.org\/{rel}","templated":true}]}}