{"id":10337,"date":"2023-12-12T11:22:58","date_gmt":"2023-12-12T10:22:58","guid":{"rendered":"https:\/\/grupodexter.com\/?p=10337"},"modified":"2023-12-13T11:24:34","modified_gmt":"2023-12-13T10:24:34","slug":"dexter-y-malaga-el-binomio-que-crece-economica-y-financieramente","status":"publish","type":"post","link":"https:\/\/grupodexter.com\/fr\/dexter-y-malaga-el-binomio-que-crece-economica-y-financieramente\/","title":{"rendered":"DEXTER et Malaga, un couple en pleine croissance \u00e9conomique et financi\u00e8re"},"content":{"rendered":"<div data-elementor-type=\"wp-post\" data-elementor-id=\"10337\" class=\"elementor elementor-10337\" data-elementor-post-type=\"post\">\n\t\t\t\t\t\t<section class=\"elementor-section elementor-top-section elementor-element elementor-element-8cacad2 elementor-section-boxed elementor-section-height-default elementor-section-height-default\" data-id=\"8cacad2\" data-element_type=\"section\" data-e-type=\"section\">\n\t\t\t\t\t\t<div class=\"elementor-container elementor-column-gap-default\">\n\t\t\t\t\t<div class=\"elementor-column elementor-col-100 elementor-top-column elementor-element elementor-element-7b804f02\" data-id=\"7b804f02\" data-element_type=\"column\" data-e-type=\"column\">\n\t\t\t<div class=\"elementor-widget-wrap elementor-element-populated\">\n\t\t\t\t\t\t<div class=\"elementor-element elementor-element-6144496 elementor-widget elementor-widget-country-flag\" data-id=\"6144496\" data-element_type=\"widget\" data-e-type=\"widget\" data-widget_type=\"country-flag.default\">\n\t\t\t\t<div class=\"elementor-widget-container\">\n\t\t\t\t\t\t\t<div class=\"cffe-flag-wrapper\">\n\t\t\t<div class=\"cffe-flag\">\n\t\t\t\t<i class=\"flag-icon flag-icon-es\" aria-hidden=\"true\"><\/i>\n\t\t\t<\/div>\n\t\t<\/div>\n\t\t\t\t\t\t<\/div>\n\t\t\t\t<\/div>\n\t\t\t\t<div class=\"elementor-element elementor-element-4d70dbba elementor-widget elementor-widget-heading\" data-id=\"4d70dbba\" data-element_type=\"widget\" data-e-type=\"widget\" data-widget_type=\"heading.default\">\n\t\t\t\t<div class=\"elementor-widget-container\">\n\t\t\t\t\t<h2 class=\"elementor-heading-title elementor-size-default\">DEXTER et Malaga, un couple en pleine croissance \u00e9conomique et financi\u00e8re<\/h2>\t\t\t\t<\/div>\n\t\t\t\t<\/div>\n\t\t\t\t<div class=\"elementor-element elementor-element-4e774e6 elementor-widget elementor-widget-text-editor\" data-id=\"4e774e6\" data-element_type=\"widget\" data-e-type=\"widget\" data-widget_type=\"text-editor.default\">\n\t\t\t\t<div class=\"elementor-widget-container\">\n\t\t\t\t\t\t\t\t\t<p>Les chiffres sont souvent \u00e9loquents : Malaga conna\u00eetra une croissance deux fois sup\u00e9rieure \u00e0 celle de l'Andalousie, des \u00c9tats-Unis et de la zone euro. Les bonnes performances du tourisme, des exportations et le poids croissant de la technologie conduisent \u00e0 une croissance \"robuste\", selon les experts macro\u00e9conomiques.<\/p><p>L'Association des \u00e9conomistes de Malaga a elle-m\u00eame publi\u00e9 un barom\u00e8tre fin 2023 selon lequel le PIB de la province augmenterait d'ici la fin de l'ann\u00e9e d'environ 2,5%, soit le double de la moyenne de l'Andalousie, de la zone euro ou des \u00c9tats-Unis et huit fois plus que les estimations faites pour le Royaume-Uni ou douze fois plus que pour l'Allemagne.<\/p><p>Le tourisme sur la Costa del Sol, la forte croissance des exportations de Malaga gr\u00e2ce notamment au secteur agroalimentaire, et la force de la technologie avec l'attraction et la cr\u00e9ation d'entreprises tant dans le parc technologique que dans d'autres centres de la province sont des piliers essentiels pour comprendre cette tendance tr\u00e8s b\u00e9n\u00e9fique. Malaga a d\u00e9j\u00e0 surmont\u00e9 la situation pr\u00e9-covidique, gr\u00e2ce \u00e0 une augmentation de 7,7% du PIB en 2022.<\/p><p>\"Il est essentiel pour le tourisme de diversifier l'offre avec des congr\u00e8s, du golf, de la gastronomie, des mus\u00e9es, etc. afin de prolonger la saison\", pr\u00e9cisent les experts. Le vice-pr\u00e9sident de DEXTER, Alfonso Merlos, souligne que \"le si\u00e8ge de notre entreprise se trouve \u00e0 Marbella, ce qui nous permet d'avoir une position dominante sur toute la Costa del Sol, de Sotogrande \u00e0 la ville de Malaga, et au-del\u00e0, jusqu'\u00e0 la c\u00f4te de Grenade. Il existe un tissu d'entreprises qui ne cesse de cro\u00eetre et que nous alimentons en capital, par le biais de fonds d'investissement, avec une rapidit\u00e9 extraordinaire. Et pas seulement dans le secteur de la promotion immobili\u00e8re\", conclut le second dirigeant de la soci\u00e9t\u00e9.<\/p><div><\/div><div><\/div><div><\/div><div><\/div><div><\/div><div><\/div>\t\t\t\t\t\t\t\t<\/div>\n\t\t\t\t<\/div>\n\t\t\t\t<div class=\"elementor-element elementor-element-73e31fd elementor-widget-divider--view-line_icon elementor-view-framed elementor-widget-divider--element-align-center elementor-widget elementor-widget-divider\" data-id=\"73e31fd\" data-element_type=\"widget\" data-e-type=\"widget\" data-widget_type=\"divider.default\">\n\t\t\t\t<div class=\"elementor-widget-container\">\n\t\t\t\t\t\t\t<div class=\"elementor-divider\">\n\t\t\t<span class=\"elementor-divider-separator\">\n\t\t\t\t\t\t\t<div class=\"elementor-icon elementor-divider__element\">\n\t\t\t\t\t<i aria-hidden=\"true\" class=\"fas fa-star\"><\/i><\/div>\n\t\t\t\t\t\t<\/span>\n\t\t<\/div>\n\t\t\t\t\t\t<\/div>\n\t\t\t\t<\/div>\n\t\t\t\t<div class=\"elementor-element elementor-element-268aecf elementor-widget elementor-widget-country-flag\" data-id=\"268aecf\" data-element_type=\"widget\" data-e-type=\"widget\" data-widget_type=\"country-flag.default\">\n\t\t\t\t<div class=\"elementor-widget-container\">\n\t\t\t\t\t\t\t<div class=\"cffe-flag-wrapper\">\n\t\t\t<div class=\"cffe-flag\">\n\t\t\t\t<i class=\"flag-icon flag-icon-gb\" aria-hidden=\"true\"><\/i>\n\t\t\t<\/div>\n\t\t<\/div>\n\t\t\t\t\t\t<\/div>\n\t\t\t\t<\/div>\n\t\t\t\t<div class=\"elementor-element elementor-element-a1d9538 elementor-widget elementor-widget-heading\" data-id=\"a1d9538\" data-element_type=\"widget\" data-e-type=\"widget\" data-widget_type=\"heading.default\">\n\t\t\t\t<div class=\"elementor-widget-container\">\n\t\t\t\t\t<h2 class=\"elementor-heading-title elementor-size-default\">DEXTER et Malaga, un couple en pleine croissance \u00e9conomique et financi\u00e8re<\/h2>\t\t\t\t<\/div>\n\t\t\t\t<\/div>\n\t\t\t\t<div class=\"elementor-element elementor-element-d269c60 elementor-widget elementor-widget-text-editor\" data-id=\"d269c60\" data-element_type=\"widget\" data-e-type=\"widget\" data-widget_type=\"text-editor.default\">\n\t\t\t\t<div class=\"elementor-widget-container\">\n\t\t\t\t\t\t\t\t\t<p>Les chiffres sont souvent \u00e9loquents : Malaga conna\u00eetra une croissance deux fois sup\u00e9rieure \u00e0 celle de l'Andalousie, des \u00c9tats-Unis et de la zone euro. Les bonnes performances du tourisme, des exportations et l'importance croissante de la technologie conduiront \u00e0 une croissance \"robuste\", selon les experts macro\u00e9conomiques.<\/p>\n<p>L'Association des \u00e9conomistes de Malaga a elle-m\u00eame publi\u00e9 un barom\u00e8tre fin 2023 selon lequel le PIB de la province augmenterait d'ici la fin de l'ann\u00e9e d'environ 2,5%, soit le double de la moyenne de l'Andalousie, de la zone euro et des \u00c9tats-Unis, et huit fois plus que les estimations faites pour le Royaume-Uni et douze fois plus que pour l'Allemagne.<\/p>\n<p>Le tourisme sur la Costa del Sol, la forte croissance des exportations de Malaga gr\u00e2ce principalement au secteur agroalimentaire, et la force de la technologie avec l'attraction et la cr\u00e9ation d'entreprises tant dans le parc technologique que dans d'autres zones de la province sont des piliers essentiels pour comprendre cette tendance b\u00e9n\u00e9fique. Malaga a d\u00e9j\u00e0 surmont\u00e9 la situation pr\u00e9-covidique, gr\u00e2ce \u00e0 une augmentation de 7,7% du PIB d'ici 2022.<\/p>\n<div>\"Il est essentiel pour le tourisme de diversifier l'offre avec des congr\u00e8s, du golf, de la gastronomie, des mus\u00e9es, etc. afin de prolonger la saison\", pr\u00e9cisent les experts. Le vice-pr\u00e9sident de DEXTER, Alfonso Merlos, souligne que \"le si\u00e8ge de notre entreprise se trouve \u00e0 Marbella, ce qui nous permet d'avoir une position dominante sur toute la Costa del Sol, de Sotogrande \u00e0 la ville de Malaga, et au-del\u00e0, jusqu'\u00e0 la c\u00f4te de Grenade. Il existe un tissu d'entreprises qui ne cesse de cro\u00eetre et que nous alimentons en capital, par le biais de fonds d'investissement, avec une rapidit\u00e9 extraordinaire. Et pas seulement dans le secteur de la promotion immobili\u00e8re\", conclut le second dirigeant de la soci\u00e9t\u00e9.<br><\/div>\n<div><\/div>\n<div><\/div>\n<div><\/div>\n<div><\/div>\n<div><\/div>\n<div><\/div>\n<div><\/div>\t\t\t\t\t\t\t\t<\/div>\n\t\t\t\t<\/div>\n\t\t\t\t\t<\/div>\n\t\t<\/div>\n\t\t\t\t\t<\/div>\n\t\t<\/section>\n\t\t\t\t<\/div>","protected":false},"excerpt":{"rendered":"<p>M\u00e1laga capital y la Costa del Sol mantendr\u00e1n su pulso financiero e inmobiliario en 2024 A pesar de los datos puntuales de cada mes, a lo largo de este 2023, debido a las ca\u00eddas de compraventas al mermar la concesi\u00f3n de hipotecas, las tendencias inmobiliarias de los principales indicadores de [&hellip;]<\/p>\n","protected":false},"author":1,"featured_media":10293,"comment_status":"closed","ping_status":"closed","sticky":false,"template":"","format":"standard","meta":{"footnotes":""},"categories":[11],"tags":[],"class_list":["post-10337","post","type-post","status-publish","format-standard","has-post-thumbnail","hentry","category-dexter-global-finance"],"_links":{"self":[{"href":"https:\/\/grupodexter.com\/fr\/wp-json\/wp\/v2\/posts\/10337","targetHints":{"allow":["GET"]}}],"collection":[{"href":"https:\/\/grupodexter.com\/fr\/wp-json\/wp\/v2\/posts"}],"about":[{"href":"https:\/\/grupodexter.com\/fr\/wp-json\/wp\/v2\/types\/post"}],"author":[{"embeddable":true,"href":"https:\/\/grupodexter.com\/fr\/wp-json\/wp\/v2\/users\/1"}],"replies":[{"embeddable":true,"href":"https:\/\/grupodexter.com\/fr\/wp-json\/wp\/v2\/comments?post=10337"}],"version-history":[{"count":0,"href":"https:\/\/grupodexter.com\/fr\/wp-json\/wp\/v2\/posts\/10337\/revisions"}],"wp:featuredmedia":[{"embeddable":true,"href":"https:\/\/grupodexter.com\/fr\/wp-json\/wp\/v2\/media\/10293"}],"wp:attachment":[{"href":"https:\/\/grupodexter.com\/fr\/wp-json\/wp\/v2\/media?parent=10337"}],"wp:term":[{"taxonomy":"category","embeddable":true,"href":"https:\/\/grupodexter.com\/fr\/wp-json\/wp\/v2\/categories?post=10337"},{"taxonomy":"post_tag","embeddable":true,"href":"https:\/\/grupodexter.com\/fr\/wp-json\/wp\/v2\/tags?post=10337"}],"curies":[{"name":"wp","href":"https:\/\/api.w.org\/{rel}","templated":true}]}}