{"id":10343,"date":"2023-12-13T11:25:21","date_gmt":"2023-12-13T10:25:21","guid":{"rendered":"https:\/\/grupodexter.com\/?p=10343"},"modified":"2023-12-13T11:28:24","modified_gmt":"2023-12-13T10:28:24","slug":"dexter-refuerza-su-compromiso-solidario-esta-navidad-con-la-fundacion-bertin-osborne","status":"publish","type":"post","link":"https:\/\/grupodexter.com\/fr\/dexter-refuerza-su-compromiso-solidario-esta-navidad-con-la-fundacion-bertin-osborne\/","title":{"rendered":"DEXTER renforce son engagement en faveur de la solidarit\u00e9 \u00e0 l'occasion de No\u00ebl avec la \"Fondation Bert\u00edn Osborne\"."},"content":{"rendered":"<div data-elementor-type=\"wp-post\" data-elementor-id=\"10343\" class=\"elementor elementor-10343\" data-elementor-post-type=\"post\">\n\t\t\t\t\t\t<section class=\"elementor-section elementor-top-section elementor-element elementor-element-8cacad2 elementor-section-boxed elementor-section-height-default elementor-section-height-default\" data-id=\"8cacad2\" data-element_type=\"section\" data-e-type=\"section\">\n\t\t\t\t\t\t<div class=\"elementor-container elementor-column-gap-default\">\n\t\t\t\t\t<div class=\"elementor-column elementor-col-100 elementor-top-column elementor-element elementor-element-7b804f02\" data-id=\"7b804f02\" data-element_type=\"column\" data-e-type=\"column\">\n\t\t\t<div class=\"elementor-widget-wrap elementor-element-populated\">\n\t\t\t\t\t\t<div class=\"elementor-element elementor-element-6144496 elementor-widget elementor-widget-country-flag\" data-id=\"6144496\" data-element_type=\"widget\" data-e-type=\"widget\" data-widget_type=\"country-flag.default\">\n\t\t\t\t<div class=\"elementor-widget-container\">\n\t\t\t\t\t\t\t<div class=\"cffe-flag-wrapper\">\n\t\t\t<div class=\"cffe-flag\">\n\t\t\t\t<i class=\"flag-icon flag-icon-es\" aria-hidden=\"true\"><\/i>\n\t\t\t<\/div>\n\t\t<\/div>\n\t\t\t\t\t\t<\/div>\n\t\t\t\t<\/div>\n\t\t\t\t<div class=\"elementor-element elementor-element-4d70dbba elementor-widget elementor-widget-heading\" data-id=\"4d70dbba\" data-element_type=\"widget\" data-e-type=\"widget\" data-widget_type=\"heading.default\">\n\t\t\t\t<div class=\"elementor-widget-container\">\n\t\t\t\t\t<h2 class=\"elementor-heading-title elementor-size-default\">DEXTER renforce son engagement en faveur de la solidarit\u00e9 \u00e0 l'occasion de No\u00ebl avec la \"Fondation Bert\u00edn Osborne\".<\/h2>\t\t\t\t<\/div>\n\t\t\t\t<\/div>\n\t\t\t\t<div class=\"elementor-element elementor-element-4e774e6 elementor-widget elementor-widget-text-editor\" data-id=\"4e774e6\" data-element_type=\"widget\" data-e-type=\"widget\" data-widget_type=\"text-editor.default\">\n\t\t\t\t<div class=\"elementor-widget-container\">\n\t\t\t\t\t\t\t\t\t<p>DEXTER reste d\u00e9termin\u00e9e \u00e0 promouvoir sa responsabilit\u00e9 sociale d'entreprise, en tant que soci\u00e9t\u00e9 de gestion financi\u00e8re et d'interm\u00e9diation qui n'est pas seulement redevable \u00e0 ses fonds institutionnels et \u00e0 ses clients, mais qui s'engage \u00e9galement envers la soci\u00e9t\u00e9 dans son ensemble, au-del\u00e0 de son travail de cr\u00e9ation de richesses.<\/p><p>Ainsi, ce 13 d\u00e9cembre 2023, il a contribu\u00e9 par un don aux \"Dona2 Awards\", que la \"Fondation Bert\u00edn Osborne\" a pr\u00e9sent\u00e9s \u00e0 Madrid. La Fondation a pour objectif de veiller \u00e0 ce que les enfants ayant des besoins sp\u00e9ciaux ou un handicap quelconque disposent de tout ce dont ils ont besoin pour se d\u00e9velopper, et ce, par le biais de \"projets qui les aident \u00e0 mieux marcher dans leur vie quotidienne, en leur offrant des cl\u00e9s pour faire face \u00e0 des situations \u00e9motionnellement compliqu\u00e9es\", tant pour les enfants que pour leurs familles.<\/p><p>DEXTER croit au travail de la Fondation, qui vise \u00e0 \"profiter d'un espace et d'un temps pour partager des exp\u00e9riences tout en d\u00e9couvrant et en \u00e9largissant le r\u00e9pertoire de comp\u00e9tences, de strat\u00e9gies et d'outils, qui peuvent b\u00e9n\u00e9ficier \u00e0 la fois au d\u00e9veloppement personnel et aux relations familiales et, par cons\u00e9quent, au climat dans lequel les enfants, handicap\u00e9s ou non, sont \u00e9duqu\u00e9s\".<\/p><p>Le pr\u00e9sident de DEXTER, Yeidy Ram\u00edrez, a soulign\u00e9 que \"depuis la cr\u00e9ation de l'entreprise il y a cinq ans, nous sommes tr\u00e8s conscients de notre responsabilit\u00e9 vis-\u00e0-vis de la soci\u00e9t\u00e9, des plus vuln\u00e9rables ou de ceux qui ont simplement des besoins particuliers\". En ce sens, il a ajout\u00e9 qu'\"avec ce don, nous soutenons une fondation qui \u0153uvre pour le soutien int\u00e9gral des mineurs, en accompagnant leurs familles afin qu'elles re\u00e7oivent une assistance personnalis\u00e9e et gratuite tous les jours de l'ann\u00e9e, 24 heures sur 24\". L'aide et la solidarit\u00e9 nous humanisent, elles sont au c\u0153ur de nos valeurs et nous aident \u00e0 construire une soci\u00e9t\u00e9 meilleure\", conclut Yeidy Ram\u00edrez.<\/p><div><\/div><div><\/div><div><\/div><div><\/div><div><\/div><div><\/div>\t\t\t\t\t\t\t\t<\/div>\n\t\t\t\t<\/div>\n\t\t\t\t<div class=\"elementor-element elementor-element-73e31fd elementor-widget-divider--view-line_icon elementor-view-framed elementor-widget-divider--element-align-center elementor-widget elementor-widget-divider\" data-id=\"73e31fd\" data-element_type=\"widget\" data-e-type=\"widget\" data-widget_type=\"divider.default\">\n\t\t\t\t<div class=\"elementor-widget-container\">\n\t\t\t\t\t\t\t<div class=\"elementor-divider\">\n\t\t\t<span class=\"elementor-divider-separator\">\n\t\t\t\t\t\t\t<div class=\"elementor-icon elementor-divider__element\">\n\t\t\t\t\t<i aria-hidden=\"true\" class=\"fas fa-star\"><\/i><\/div>\n\t\t\t\t\t\t<\/span>\n\t\t<\/div>\n\t\t\t\t\t\t<\/div>\n\t\t\t\t<\/div>\n\t\t\t\t<div class=\"elementor-element elementor-element-268aecf elementor-widget elementor-widget-country-flag\" data-id=\"268aecf\" data-element_type=\"widget\" data-e-type=\"widget\" data-widget_type=\"country-flag.default\">\n\t\t\t\t<div class=\"elementor-widget-container\">\n\t\t\t\t\t\t\t<div class=\"cffe-flag-wrapper\">\n\t\t\t<div class=\"cffe-flag\">\n\t\t\t\t<i class=\"flag-icon flag-icon-gb\" aria-hidden=\"true\"><\/i>\n\t\t\t<\/div>\n\t\t<\/div>\n\t\t\t\t\t\t<\/div>\n\t\t\t\t<\/div>\n\t\t\t\t<div class=\"elementor-element elementor-element-a1d9538 elementor-widget elementor-widget-heading\" data-id=\"a1d9538\" data-element_type=\"widget\" data-e-type=\"widget\" data-widget_type=\"heading.default\">\n\t\t\t\t<div class=\"elementor-widget-container\">\n\t\t\t\t\t<h2 class=\"elementor-heading-title elementor-size-default\">DEXTER renforce son engagement solidaire \u00e0 No\u00ebl avec la \"Fondation Bert\u00edn Osborne\".<\/h2>\t\t\t\t<\/div>\n\t\t\t\t<\/div>\n\t\t\t\t<div class=\"elementor-element elementor-element-d269c60 elementor-widget elementor-widget-text-editor\" data-id=\"d269c60\" data-element_type=\"widget\" data-e-type=\"widget\" data-widget_type=\"text-editor.default\">\n\t\t\t\t<div class=\"elementor-widget-container\">\n\t\t\t\t\t\t\t\t\t<p>DEXTER s'engage \u00e0 promouvoir sa responsabilit\u00e9 sociale d'entreprise, en tant que soci\u00e9t\u00e9 de gestion financi\u00e8re et d'interm\u00e9diation qui a non seulement un devoir envers ses fonds institutionnels et ses clients, mais aussi un engagement envers la soci\u00e9t\u00e9 dans son ensemble, au-del\u00e0 de son travail de cr\u00e9ation de richesses.<\/p>\n<p>Ainsi, ce 13 d\u00e9cembre 2023, elle a contribu\u00e9 par un don aux \" Prix Dona2 \", pr\u00e9sent\u00e9s par la \" Fondation Bert\u00edn Osborne \" \u00e0 Madrid. L'objectif de la Fondation est que les enfants ayant des besoins sp\u00e9ciaux ou un certain type de handicap disposent de tout ce dont ils ont besoin pour leur d\u00e9veloppement, et ce, par le biais de \"projets qui les aident \u00e0 mieux marcher dans leur vie quotidienne, en leur offrant des cl\u00e9s pour faire face \u00e0 des situations \u00e9motionnellement compliqu\u00e9es\", tant pour les enfants que pour leurs familles.<\/p>\n<p>DEXTER croit au travail de la Fondation, qui vise \u00e0 \"profiter d'un espace et d'un temps pour partager des exp\u00e9riences tout en d\u00e9couvrant et en \u00e9largissant le r\u00e9pertoire de comp\u00e9tences, de strat\u00e9gies et d'outils, qui peuvent b\u00e9n\u00e9ficier \u00e0 la fois au d\u00e9veloppement personnel et aux relations familiales et, par cons\u00e9quent, au climat dans lequel les fils et les filles, avec ou sans handicap, sont \u00e9duqu\u00e9s\".<\/p><p>Le pr\u00e9sident de DEXTER, Yeidy Ram\u00edrez, a soulign\u00e9 que \"depuis la cr\u00e9ation de l'entreprise il y a cinq ans, nous sommes tr\u00e8s conscients de notre responsabilit\u00e9 \u00e0 l'\u00e9gard de la soci\u00e9t\u00e9, des personnes les plus vuln\u00e9rables ou de celles qui ont tout simplement des besoins particuliers\". En ce sens, il a ajout\u00e9 qu'\"avec ce don, nous soutenons une fondation qui \u0153uvre pour le soutien int\u00e9gral des mineurs, en accompagnant leurs familles afin qu'elles re\u00e7oivent une assistance personnalis\u00e9e et gratuite tous les jours de l'ann\u00e9e, 24 heures sur 24\". L'aide et la solidarit\u00e9 nous humanisent, elles sont au c\u0153ur de nos valeurs et nous aident \u00e0 construire une soci\u00e9t\u00e9 meilleure\", conclut Yeidy Ram\u00edrez.<br><\/p>\n<div><\/div>\n<div><\/div>\n<div><\/div>\n<div><\/div>\n<div><\/div>\n<div><\/div>\n<div><\/div>\t\t\t\t\t\t\t\t<\/div>\n\t\t\t\t<\/div>\n\t\t\t\t\t<\/div>\n\t\t<\/div>\n\t\t\t\t\t<\/div>\n\t\t<\/section>\n\t\t\t\t<\/div>","protected":false},"excerpt":{"rendered":"<p>M\u00e1laga capital y la Costa del Sol mantendr\u00e1n su pulso financiero e inmobiliario en 2024 A pesar de los datos puntuales de cada mes, a lo largo de este 2023, debido a las ca\u00eddas de compraventas al mermar la concesi\u00f3n de hipotecas, las tendencias inmobiliarias de los principales indicadores de [&hellip;]<\/p>\n","protected":false},"author":1,"featured_media":10348,"comment_status":"closed","ping_status":"closed","sticky":false,"template":"","format":"standard","meta":{"footnotes":""},"categories":[11],"tags":[],"class_list":["post-10343","post","type-post","status-publish","format-standard","has-post-thumbnail","hentry","category-dexter-global-finance"],"_links":{"self":[{"href":"https:\/\/grupodexter.com\/fr\/wp-json\/wp\/v2\/posts\/10343","targetHints":{"allow":["GET"]}}],"collection":[{"href":"https:\/\/grupodexter.com\/fr\/wp-json\/wp\/v2\/posts"}],"about":[{"href":"https:\/\/grupodexter.com\/fr\/wp-json\/wp\/v2\/types\/post"}],"author":[{"embeddable":true,"href":"https:\/\/grupodexter.com\/fr\/wp-json\/wp\/v2\/users\/1"}],"replies":[{"embeddable":true,"href":"https:\/\/grupodexter.com\/fr\/wp-json\/wp\/v2\/comments?post=10343"}],"version-history":[{"count":0,"href":"https:\/\/grupodexter.com\/fr\/wp-json\/wp\/v2\/posts\/10343\/revisions"}],"wp:featuredmedia":[{"embeddable":true,"href":"https:\/\/grupodexter.com\/fr\/wp-json\/wp\/v2\/media\/10348"}],"wp:attachment":[{"href":"https:\/\/grupodexter.com\/fr\/wp-json\/wp\/v2\/media?parent=10343"}],"wp:term":[{"taxonomy":"category","embeddable":true,"href":"https:\/\/grupodexter.com\/fr\/wp-json\/wp\/v2\/categories?post=10343"},{"taxonomy":"post_tag","embeddable":true,"href":"https:\/\/grupodexter.com\/fr\/wp-json\/wp\/v2\/tags?post=10343"}],"curies":[{"name":"wp","href":"https:\/\/api.w.org\/{rel}","templated":true}]}}