{"id":10908,"date":"2024-02-21T09:47:10","date_gmt":"2024-02-21T08:47:10","guid":{"rendered":"https:\/\/grupodexter.com\/?p=10908"},"modified":"2024-03-04T09:51:19","modified_gmt":"2024-03-04T08:51:19","slug":"les-cles-des-fonds-dinvestissement-dans-leur-regard-sur-malaga-et-la-costa-del-sol","status":"publish","type":"post","link":"https:\/\/grupodexter.com\/fr\/las-claves-de-los-fondos-de-inversion-en-su-mirada-a-malaga-y-la-costa-del-sol\/","title":{"rendered":"Les cl\u00e9s pour que les fonds d'investissement s'int\u00e9ressent \u00e0 Malaga et \u00e0 la Costa del Sol"},"content":{"rendered":"<div data-elementor-type=\"wp-post\" data-elementor-id=\"10908\" class=\"elementor elementor-10908\" data-elementor-post-type=\"post\">\n\t\t\t\t\t\t<section class=\"elementor-section elementor-top-section elementor-element elementor-element-8cacad2 elementor-section-boxed elementor-section-height-default elementor-section-height-default\" data-id=\"8cacad2\" data-element_type=\"section\" data-e-type=\"section\">\n\t\t\t\t\t\t<div class=\"elementor-container elementor-column-gap-default\">\n\t\t\t\t\t<div class=\"elementor-column elementor-col-100 elementor-top-column elementor-element elementor-element-7b804f02\" data-id=\"7b804f02\" data-element_type=\"column\" data-e-type=\"column\">\n\t\t\t<div class=\"elementor-widget-wrap elementor-element-populated\">\n\t\t\t\t\t\t<div class=\"elementor-element elementor-element-6144496 elementor-widget elementor-widget-country-flag\" data-id=\"6144496\" data-element_type=\"widget\" data-e-type=\"widget\" data-widget_type=\"country-flag.default\">\n\t\t\t\t<div class=\"elementor-widget-container\">\n\t\t\t\t\t\t\t<div class=\"cffe-flag-wrapper\">\n\t\t\t<div class=\"cffe-flag\">\n\t\t\t\t<i class=\"flag-icon flag-icon-es\" aria-hidden=\"true\"><\/i>\n\t\t\t<\/div>\n\t\t<\/div>\n\t\t\t\t\t\t<\/div>\n\t\t\t\t<\/div>\n\t\t\t\t<div class=\"elementor-element elementor-element-4d70dbba elementor-widget elementor-widget-heading\" data-id=\"4d70dbba\" data-element_type=\"widget\" data-e-type=\"widget\" data-widget_type=\"heading.default\">\n\t\t\t\t<div class=\"elementor-widget-container\">\n\t\t\t\t\t<h2 class=\"elementor-heading-title elementor-size-default\">Les cl\u00e9s pour que les fonds d'investissement s'int\u00e9ressent \u00e0 Malaga et \u00e0 la Costa del Sol<\/h2>\t\t\t\t<\/div>\n\t\t\t\t<\/div>\n\t\t\t\t<div class=\"elementor-element elementor-element-4e774e6 elementor-widget elementor-widget-text-editor\" data-id=\"4e774e6\" data-element_type=\"widget\" data-e-type=\"widget\" data-widget_type=\"text-editor.default\">\n\t\t\t\t<div class=\"elementor-widget-container\">\n\t\t\t\t\t\t\t\t\t<p>Les chiffres sont les chiffres. Et le nombre d'op\u00e9rations que les fonds d'investissement r\u00e9alisent depuis cinq ans dans la province de Malaga, et surtout sur la Costa del Sol, ne cesse de cro\u00eetre sans que l'on puisse, pour l'instant, y voir une limite.<\/p><p>DEXTER g\u00e8re et repr\u00e9sente plus de cinquante fonds d'investissement, fonds de dette et fonds de capital-investissement op\u00e9rant dans toute l'Espagne et, dans une large mesure, dans cette partie de la M\u00e9diterran\u00e9e. Pourquoi ? Les raisons sont nombreuses et vari\u00e9es.<\/p><p>Tout d'abord, la Costa del Sol est une destination touristique tr\u00e8s pris\u00e9e, tant au niveau national qu'international. Ses plages, son climat, sa gastronomie, ses infrastructures, ses services... cr\u00e9ent une forte demande de logements, de services de divertissement et d'autres commodit\u00e9s, ce qui pr\u00e9sente \u00e0 son tour des opportunit\u00e9s d'investissement lucratives pour les fonds.<\/p><p>Outre son attrait touristique, Malaga est un centre \u00e9conomique important de l'Andalousie et de l'Espagne. Des entreprises de tous les secteurs productifs s'installent dans cette r\u00e9gion du pays, qui offre un environnement propice au d\u00e9veloppement de presque toutes les activit\u00e9s productives, en particulier l'immobilier : ce n'est pas pour rien que des entreprises internationales de premier plan ont \u00e9tabli leur si\u00e8ge ou leurs succursales dans la province, ce qui g\u00e9n\u00e8re \u00e9galement beaucoup d'emplois.<\/p><p>La position strat\u00e9gique, en tant que porte d'entr\u00e9e du sud de l'Espagne, n'est pas anodine si l'on ne tient pas compte, en outre, du commerce international et de la logistique, avec un acc\u00e8s facile aux principaux ports et a\u00e9roports, ce qui offre des avantages comp\u00e9titifs.<\/p><p>\u00c1ngel Garc\u00eda, du d\u00e9partement de d\u00e9veloppement des entreprises de DEXTER, ajoute un dernier aspect : \"il convient de souligner que ces derni\u00e8res ann\u00e9es, les secteurs tels que la technologie et l'innovation ont connu un essor important, mettant au jour un solide \u00e9cosyst\u00e8me entrepreneurial, avec la cr\u00e9ation de plusieurs parcs technologiques et centres de recherche dans la capitale et les r\u00e9gions environnantes\".<\/p><p>Ce sont toutes les raisons pour lesquelles DEXTER s'est fortement engag\u00e9 \u00e0 maintenir son si\u00e8ge dans la capitale de la Costa del Sol : Marbella.<\/p><div><\/div><div><\/div><div><\/div><div><\/div><div><\/div><div><\/div>\t\t\t\t\t\t\t\t<\/div>\n\t\t\t\t<\/div>\n\t\t\t\t<div class=\"elementor-element elementor-element-73e31fd elementor-widget-divider--view-line_icon elementor-view-framed elementor-widget-divider--element-align-center elementor-widget elementor-widget-divider\" data-id=\"73e31fd\" data-element_type=\"widget\" data-e-type=\"widget\" data-widget_type=\"divider.default\">\n\t\t\t\t<div class=\"elementor-widget-container\">\n\t\t\t\t\t\t\t<div class=\"elementor-divider\">\n\t\t\t<span class=\"elementor-divider-separator\">\n\t\t\t\t\t\t\t<div class=\"elementor-icon elementor-divider__element\">\n\t\t\t\t\t<i aria-hidden=\"true\" class=\"fas fa-star\"><\/i><\/div>\n\t\t\t\t\t\t<\/span>\n\t\t<\/div>\n\t\t\t\t\t\t<\/div>\n\t\t\t\t<\/div>\n\t\t\t\t<div class=\"elementor-element elementor-element-268aecf elementor-widget elementor-widget-country-flag\" data-id=\"268aecf\" data-element_type=\"widget\" data-e-type=\"widget\" data-widget_type=\"country-flag.default\">\n\t\t\t\t<div class=\"elementor-widget-container\">\n\t\t\t\t\t\t\t<div class=\"cffe-flag-wrapper\">\n\t\t\t<div class=\"cffe-flag\">\n\t\t\t\t<i class=\"flag-icon flag-icon-gb\" aria-hidden=\"true\"><\/i>\n\t\t\t<\/div>\n\t\t<\/div>\n\t\t\t\t\t\t<\/div>\n\t\t\t\t<\/div>\n\t\t\t\t<div class=\"elementor-element elementor-element-a1d9538 elementor-widget elementor-widget-heading\" data-id=\"a1d9538\" data-element_type=\"widget\" data-e-type=\"widget\" data-widget_type=\"heading.default\">\n\t\t\t\t<div class=\"elementor-widget-container\">\n\t\t\t\t\t<h2 class=\"elementor-heading-title elementor-size-default\">Les cl\u00e9s des fonds d'investissement dans leur regard sur Malaga et la Costa del Sol<\/h2>\t\t\t\t<\/div>\n\t\t\t\t<\/div>\n\t\t\t\t<div class=\"elementor-element elementor-element-d269c60 elementor-widget elementor-widget-text-editor\" data-id=\"d269c60\" data-element_type=\"widget\" data-e-type=\"widget\" data-widget_type=\"text-editor.default\">\n\t\t\t\t<div class=\"elementor-widget-container\">\n\t\t\t\t\t\t\t\t\t<p>Les donn\u00e9es sont les donn\u00e9es. Et le nombre d'op\u00e9rations que les fonds d'investissement r\u00e9alisent depuis cinq ans dans la province de Malaga, et surtout sur la Costa del Sol, ne cesse de cro\u00eetre sans que l'on en voie, pour l'instant, la limite.<\/p><p>DEXTER g\u00e8re et repr\u00e9sente plus de cinquante fonds d'investissement, fonds de dette et fonds de capital-investissement op\u00e9rant dans toute l'Espagne et, dans une large mesure, dans cette partie de la M\u00e9diterran\u00e9e. Les raisons sont nombreuses et tr\u00e8s diverses.<\/p><p>Tout d'abord, la Costa del Sol est une destination touristique tr\u00e8s pris\u00e9e, tant au niveau national qu'international. Ses plages, son climat, sa gastronomie, son infrastructure, ses services... cr\u00e9ent une forte demande de logements, de services de divertissement et d'autres commodit\u00e9s, ce qui pr\u00e9sente des opportunit\u00e9s d'investissement lucratives pour les fonds.<\/p><p>Outre son attrait touristique, Malaga est un important centre \u00e9conomique de l'Andalousie et de l'Espagne. Des entreprises de tous les secteurs productifs s'installent dans cette r\u00e9gion du pays qui offre un environnement si propice au d\u00e9veloppement de presque toutes les activit\u00e9s productives, et notamment de l'immobilier : ce n'est pas pour rien que des entreprises internationales de premier plan ont \u00e9tabli leur si\u00e8ge ou des succursales dans la province, ce qui g\u00e9n\u00e8re \u00e9galement beaucoup d'emplois.<\/p><p>La position strat\u00e9gique, en tant que porte d'entr\u00e9e du sud de l'Espagne, n'est pas anodine si l'on ne tient pas compte, en outre, du commerce international et de la logistique, avec un acc\u00e8s facile aux principaux ports et a\u00e9roports, ce qui offre des avantages comp\u00e9titifs.<\/p><p>\u00c1ngel Garc\u00eda, du d\u00e9partement de d\u00e9veloppement des entreprises de DEXTER, ajoute un dernier aspect : \"il convient de souligner que ces derni\u00e8res ann\u00e9es, les secteurs tels que la technologie et l'innovation ont connu un essor important, mettant au jour un solide \u00e9cosyst\u00e8me entrepreneurial, avec la cr\u00e9ation de plusieurs parcs technologiques et centres de recherche dans la capitale et les r\u00e9gions environnantes\".<\/p><p>Ce sont toutes les raisons pour lesquelles DEXTER s'est fortement engag\u00e9 \u00e0 maintenir son si\u00e8ge dans la capitale de la Costa del Sol : Marbella.<\/p>\n<div><\/div>\n<div><\/div>\n<div><\/div>\n<div><\/div>\n<div><\/div>\n<div><\/div>\n<div><\/div>\n<div><\/div>\n<div><\/div>\n<div><\/div>\n<div><\/div>\n<div><\/div>\t\t\t\t\t\t\t\t<\/div>\n\t\t\t\t<\/div>\n\t\t\t\t\t<\/div>\n\t\t<\/div>\n\t\t\t\t\t<\/div>\n\t\t<\/section>\n\t\t\t\t<\/div>","protected":false},"excerpt":{"rendered":"<p>Las claves de los fondos de inversi\u00f3n en su mirada a M\u00e1laga y la Costa del Sol Los datos son los datos. Y el n\u00famero de operaciones que los fondos de inversi\u00f3n est\u00e1n llevando a cabo en el \u00faltimo lustro en M\u00e1laga provincia, y especialmente en la Costa del Sol, [&hellip;]<\/p>\n","protected":false},"author":1,"featured_media":10911,"comment_status":"closed","ping_status":"closed","sticky":false,"template":"","format":"standard","meta":{"footnotes":""},"categories":[11],"tags":[],"class_list":["post-10908","post","type-post","status-publish","format-standard","has-post-thumbnail","hentry","category-dexter-global-finance"],"_links":{"self":[{"href":"https:\/\/grupodexter.com\/fr\/wp-json\/wp\/v2\/posts\/10908","targetHints":{"allow":["GET"]}}],"collection":[{"href":"https:\/\/grupodexter.com\/fr\/wp-json\/wp\/v2\/posts"}],"about":[{"href":"https:\/\/grupodexter.com\/fr\/wp-json\/wp\/v2\/types\/post"}],"author":[{"embeddable":true,"href":"https:\/\/grupodexter.com\/fr\/wp-json\/wp\/v2\/users\/1"}],"replies":[{"embeddable":true,"href":"https:\/\/grupodexter.com\/fr\/wp-json\/wp\/v2\/comments?post=10908"}],"version-history":[{"count":0,"href":"https:\/\/grupodexter.com\/fr\/wp-json\/wp\/v2\/posts\/10908\/revisions"}],"wp:featuredmedia":[{"embeddable":true,"href":"https:\/\/grupodexter.com\/fr\/wp-json\/wp\/v2\/media\/10911"}],"wp:attachment":[{"href":"https:\/\/grupodexter.com\/fr\/wp-json\/wp\/v2\/media?parent=10908"}],"wp:term":[{"taxonomy":"category","embeddable":true,"href":"https:\/\/grupodexter.com\/fr\/wp-json\/wp\/v2\/categories?post=10908"},{"taxonomy":"post_tag","embeddable":true,"href":"https:\/\/grupodexter.com\/fr\/wp-json\/wp\/v2\/tags?post=10908"}],"curies":[{"name":"wp","href":"https:\/\/api.w.org\/{rel}","templated":true}]}}