{"id":10945,"date":"2024-03-01T10:36:57","date_gmt":"2024-03-01T09:36:57","guid":{"rendered":"https:\/\/grupodexter.com\/?p=10945"},"modified":"2024-03-04T10:40:40","modified_gmt":"2024-03-04T09:40:40","slug":"dexter-intervendra-en-un-foro-sobre-inversion-inmobiliaria-y-nueva-economia-en-marbella","status":"publish","type":"post","link":"https:\/\/grupodexter.com\/fr\/dexter-intervendra-en-un-foro-sobre-inversion-inmobiliaria-y-nueva-economia-en-marbella\/","title":{"rendered":"DEXTER interviendra lors d'un forum sur l'investissement immobilier et la \"nouvelle \u00e9conomie\" \u00e0 Marbella"},"content":{"rendered":"<div data-elementor-type=\"wp-post\" data-elementor-id=\"10945\" class=\"elementor elementor-10945\" data-elementor-post-type=\"post\">\n\t\t\t\t\t\t<section class=\"elementor-section elementor-top-section elementor-element elementor-element-8cacad2 elementor-section-boxed elementor-section-height-default elementor-section-height-default\" data-id=\"8cacad2\" data-element_type=\"section\" data-e-type=\"section\">\n\t\t\t\t\t\t<div class=\"elementor-container elementor-column-gap-default\">\n\t\t\t\t\t<div class=\"elementor-column elementor-col-100 elementor-top-column elementor-element elementor-element-7b804f02\" data-id=\"7b804f02\" data-element_type=\"column\" data-e-type=\"column\">\n\t\t\t<div class=\"elementor-widget-wrap elementor-element-populated\">\n\t\t\t\t\t\t<div class=\"elementor-element elementor-element-6144496 elementor-widget elementor-widget-country-flag\" data-id=\"6144496\" data-element_type=\"widget\" data-e-type=\"widget\" data-widget_type=\"country-flag.default\">\n\t\t\t\t<div class=\"elementor-widget-container\">\n\t\t\t\t\t\t\t<div class=\"cffe-flag-wrapper\">\n\t\t\t<div class=\"cffe-flag\">\n\t\t\t\t<i class=\"flag-icon flag-icon-es\" aria-hidden=\"true\"><\/i>\n\t\t\t<\/div>\n\t\t<\/div>\n\t\t\t\t\t\t<\/div>\n\t\t\t\t<\/div>\n\t\t\t\t<div class=\"elementor-element elementor-element-4d70dbba elementor-widget elementor-widget-heading\" data-id=\"4d70dbba\" data-element_type=\"widget\" data-e-type=\"widget\" data-widget_type=\"heading.default\">\n\t\t\t\t<div class=\"elementor-widget-container\">\n\t\t\t\t\t<h2 class=\"elementor-heading-title elementor-size-default\">DEXTER interviendra lors d'un forum sur l'investissement immobilier et la \"nouvelle \u00e9conomie\" \u00e0 Marbella<\/h2>\t\t\t\t<\/div>\n\t\t\t\t<\/div>\n\t\t\t\t<div class=\"elementor-element elementor-element-4e774e6 elementor-widget elementor-widget-text-editor\" data-id=\"4e774e6\" data-element_type=\"widget\" data-e-type=\"widget\" data-widget_type=\"text-editor.default\">\n\t\t\t\t<div class=\"elementor-widget-container\">\n\t\t\t\t\t\t\t\t\t<p>Le 6 mars, \u00e0 'The Pool' (Marbella), l'\u00e9v\u00e9nement \"PropTech et Tokenization en Espagne : Opportunit\u00e9s &amp; D\u00e9fis\" aura lieu \u00e0 partir de 17h, une r\u00e9union qui abordera les d\u00e9fis dans le monde de la technologie immobili\u00e8re, la tokenisation en Espagne et les perspectives strat\u00e9giques pour l'immobilier dans notre pays.<\/p><p>Alfonso Merlos, vice-pr\u00e9sident de DEXTER, y participera, ainsi que Mois\u00e9s Segura, fondateur de Tokeniza, et Vicente Ortiz, directeur g\u00e9n\u00e9ral ex\u00e9cutif de Vicox. L'\u00e9v\u00e9nement est parrain\u00e9 par la plateforme MetaWealth, qui a choisi l'Espagne comme l'un des march\u00e9s immobiliers les plus attrayants d'Europe et qui se concentrera sur la d\u00e9mocratisation des investissements, en les rendant accessibles aux utilisateurs ayant un pouvoir d'achat plus ou moins \u00e9lev\u00e9. En effet, la soci\u00e9t\u00e9 a pr\u00e9sent\u00e9 en Espagne une premi\u00e8re s\u00e9lection d'appartements Mane Residences \u00e0 Benalm\u00e1dena, Malaga, y compris des penthouses exclusifs.<\/p><p>Le second dirigeant de DEXTER a soulign\u00e9 que \"nous sommes tr\u00e8s heureux que lorsque les gens parlent d'investissement immobilier, de financement alternatif, de capital-investissement... ils consid\u00e8rent la position dominante de notre soci\u00e9t\u00e9 sur le march\u00e9. D'une part, et d'autre part, nous sommes certainement fiers qu'avec notre si\u00e8ge \u00e0 Marbella, de plus en plus d'entreprises consid\u00e8rent la Costa del Sol comme un p\u00f4le d'attraction pour la g\u00e9n\u00e9ration de richesse dans tous les secteurs productifs\", a d\u00e9clar\u00e9 Alfonso Merlos, qui a conclu qu'\"une entreprise leader comme la n\u00f4tre doit \u00eatre constamment consciente des changements introduits par la technologie sur les march\u00e9s financiers ; ce n'est pas une question d'avenir, mais de pr\u00e9sent\".<\/p><div><\/div><div><\/div><div><\/div><div><\/div><div><\/div><div><\/div>\t\t\t\t\t\t\t\t<\/div>\n\t\t\t\t<\/div>\n\t\t\t\t<div class=\"elementor-element elementor-element-73e31fd elementor-widget-divider--view-line_icon elementor-view-framed elementor-widget-divider--element-align-center elementor-widget elementor-widget-divider\" data-id=\"73e31fd\" data-element_type=\"widget\" data-e-type=\"widget\" data-widget_type=\"divider.default\">\n\t\t\t\t<div class=\"elementor-widget-container\">\n\t\t\t\t\t\t\t<div class=\"elementor-divider\">\n\t\t\t<span class=\"elementor-divider-separator\">\n\t\t\t\t\t\t\t<div class=\"elementor-icon elementor-divider__element\">\n\t\t\t\t\t<i aria-hidden=\"true\" class=\"fas fa-star\"><\/i><\/div>\n\t\t\t\t\t\t<\/span>\n\t\t<\/div>\n\t\t\t\t\t\t<\/div>\n\t\t\t\t<\/div>\n\t\t\t\t<div class=\"elementor-element elementor-element-268aecf elementor-widget elementor-widget-country-flag\" data-id=\"268aecf\" data-element_type=\"widget\" data-e-type=\"widget\" data-widget_type=\"country-flag.default\">\n\t\t\t\t<div class=\"elementor-widget-container\">\n\t\t\t\t\t\t\t<div class=\"cffe-flag-wrapper\">\n\t\t\t<div class=\"cffe-flag\">\n\t\t\t\t<i class=\"flag-icon flag-icon-gb\" aria-hidden=\"true\"><\/i>\n\t\t\t<\/div>\n\t\t<\/div>\n\t\t\t\t\t\t<\/div>\n\t\t\t\t<\/div>\n\t\t\t\t<div class=\"elementor-element elementor-element-a1d9538 elementor-widget elementor-widget-heading\" data-id=\"a1d9538\" data-element_type=\"widget\" data-e-type=\"widget\" data-widget_type=\"heading.default\">\n\t\t\t\t<div class=\"elementor-widget-container\">\n\t\t\t\t\t<h2 class=\"elementor-heading-title elementor-size-default\">DEXTER interviendra lors d'un forum sur l'investissement immobilier et la \"nouvelle \u00e9conomie\" \u00e0 Marbella<\/h2>\t\t\t\t<\/div>\n\t\t\t\t<\/div>\n\t\t\t\t<div class=\"elementor-element elementor-element-d269c60 elementor-widget elementor-widget-text-editor\" data-id=\"d269c60\" data-element_type=\"widget\" data-e-type=\"widget\" data-widget_type=\"text-editor.default\">\n\t\t\t\t<div class=\"elementor-widget-container\">\n\t\t\t\t\t\t\t\t\t<p>Le 6 mars prochain, dans 'The Pool' (Marbella) aura lieu \u00e0 partir de 17 heures l'\u00e9v\u00e9nement \"PropTech et Tokenization en Espagne : Opportunit\u00e9s &amp; D\u00e9fis\", une r\u00e9union dans laquelle les d\u00e9fis du monde de la technologie immobili\u00e8re, tokenization en Espagne et le paysage strat\u00e9gique de l'immobilier dans notre pays seront abord\u00e9s.<\/p><p>Alfonso Merlos, vice-pr\u00e9sident de DEXTER, participera \u00e0 l'\u00e9v\u00e9nement, ainsi que Mois\u00e9s Segura, fondateur de Tokeniza, et Vicente Ortiz, directeur g\u00e9n\u00e9ral ex\u00e9cutif de Vicox. L'\u00e9v\u00e9nement est parrain\u00e9 par la plateforme MetaWealth, qui a choisi l'Espagne comme l'un des march\u00e9s immobiliers les plus attrayants d'Europe et qui mettra l'accent sur la d\u00e9mocratisation des investissements, en les rendant accessibles aux utilisateurs ayant un pouvoir d'achat plus ou moins \u00e9lev\u00e9. En fait, la soci\u00e9t\u00e9 a pr\u00e9sent\u00e9 en Espagne une premi\u00e8re s\u00e9lection d'appartements Mane Residences \u00e0 Benalm\u00e1dena, M\u00e1laga, y compris des penthouses exclusifs.<\/p><p>Le second dirigeant de DEXTER a soulign\u00e9 que \"nous sommes tr\u00e8s heureux que lorsque les gens parlent d'investissement immobilier, de financement alternatif, de capital-investissement... ils consid\u00e8rent la position dominante de notre soci\u00e9t\u00e9 sur le march\u00e9. D'une part, et d'autre part, nous sommes certainement fiers qu'avec notre si\u00e8ge \u00e0 Marbella, de plus en plus d'entreprises consid\u00e8rent la Costa del Sol comme un p\u00f4le d'attraction pour la g\u00e9n\u00e9ration de richesse dans tous les secteurs productifs\", a soulign\u00e9 Alfonso Merlos, qui a conclu qu'\"une entreprise leader comme la n\u00f4tre doit \u00eatre en permanence attentive aux changements introduits par la technologie sur les march\u00e9s financiers ; ce n'est pas une question d'avenir, mais de pr\u00e9sent\".<\/p>\n<div><\/div>\n<div><\/div>\n<div><\/div>\n<div><\/div>\n<div><\/div>\n<div><\/div>\n<div><\/div>\n<div><\/div>\n<div><\/div>\n<div><\/div>\n<div><\/div>\n<div><\/div>\t\t\t\t\t\t\t\t<\/div>\n\t\t\t\t<\/div>\n\t\t\t\t\t<\/div>\n\t\t<\/div>\n\t\t\t\t\t<\/div>\n\t\t<\/section>\n\t\t\t\t<\/div>","protected":false},"excerpt":{"rendered":"<p>DEXTER intervendr\u00e1 en un foro sobre inversi\u00f3n inmobiliaria y \u2018nueva econom\u00eda\u2019 en Marbella El pr\u00f3ximo 6 de marzo, en \u2018The Pool\u2019 (Marbella) se llevar\u00e1 a cabo a partir de las 5 de la tarde el evento \u201cPropTech and Tokenization in Spain: Opportunities &amp; Challenges\u201d, un encuentro en el que se [&hellip;]<\/p>\n","protected":false},"author":1,"featured_media":10947,"comment_status":"closed","ping_status":"closed","sticky":false,"template":"","format":"standard","meta":{"footnotes":""},"categories":[11],"tags":[],"class_list":["post-10945","post","type-post","status-publish","format-standard","has-post-thumbnail","hentry","category-dexter-global-finance"],"_links":{"self":[{"href":"https:\/\/grupodexter.com\/fr\/wp-json\/wp\/v2\/posts\/10945","targetHints":{"allow":["GET"]}}],"collection":[{"href":"https:\/\/grupodexter.com\/fr\/wp-json\/wp\/v2\/posts"}],"about":[{"href":"https:\/\/grupodexter.com\/fr\/wp-json\/wp\/v2\/types\/post"}],"author":[{"embeddable":true,"href":"https:\/\/grupodexter.com\/fr\/wp-json\/wp\/v2\/users\/1"}],"replies":[{"embeddable":true,"href":"https:\/\/grupodexter.com\/fr\/wp-json\/wp\/v2\/comments?post=10945"}],"version-history":[{"count":0,"href":"https:\/\/grupodexter.com\/fr\/wp-json\/wp\/v2\/posts\/10945\/revisions"}],"wp:featuredmedia":[{"embeddable":true,"href":"https:\/\/grupodexter.com\/fr\/wp-json\/wp\/v2\/media\/10947"}],"wp:attachment":[{"href":"https:\/\/grupodexter.com\/fr\/wp-json\/wp\/v2\/media?parent=10945"}],"wp:term":[{"taxonomy":"category","embeddable":true,"href":"https:\/\/grupodexter.com\/fr\/wp-json\/wp\/v2\/categories?post=10945"},{"taxonomy":"post_tag","embeddable":true,"href":"https:\/\/grupodexter.com\/fr\/wp-json\/wp\/v2\/tags?post=10945"}],"curies":[{"name":"wp","href":"https:\/\/api.w.org\/{rel}","templated":true}]}}