{"id":11197,"date":"2024-03-15T16:00:57","date_gmt":"2024-03-15T15:00:57","guid":{"rendered":"https:\/\/grupodexter.com\/?p=11197"},"modified":"2024-03-15T16:02:26","modified_gmt":"2024-03-15T15:02:26","slug":"la-red-comercial-de-dexter-se-encuentra-en-2024-en-constante-crecimiento","status":"publish","type":"post","link":"https:\/\/grupodexter.com\/fr\/la-red-comercial-de-dexter-se-encuentra-en-2024-en-constante-crecimiento\/","title":{"rendered":"Le r\u00e9seau de vente de DEXTER ne cesse de cro\u00eetre en 2024."},"content":{"rendered":"<div data-elementor-type=\"wp-post\" data-elementor-id=\"11197\" class=\"elementor elementor-11197\" data-elementor-post-type=\"post\">\n\t\t\t\t\t\t<section class=\"elementor-section elementor-top-section elementor-element elementor-element-8cacad2 elementor-section-boxed elementor-section-height-default elementor-section-height-default\" data-id=\"8cacad2\" data-element_type=\"section\" data-e-type=\"section\">\n\t\t\t\t\t\t<div class=\"elementor-container elementor-column-gap-default\">\n\t\t\t\t\t<div class=\"elementor-column elementor-col-100 elementor-top-column elementor-element elementor-element-7b804f02\" data-id=\"7b804f02\" data-element_type=\"column\" data-e-type=\"column\">\n\t\t\t<div class=\"elementor-widget-wrap elementor-element-populated\">\n\t\t\t\t\t\t<div class=\"elementor-element elementor-element-6144496 elementor-widget elementor-widget-country-flag\" data-id=\"6144496\" data-element_type=\"widget\" data-e-type=\"widget\" data-widget_type=\"country-flag.default\">\n\t\t\t\t<div class=\"elementor-widget-container\">\n\t\t\t\t\t\t\t<div class=\"cffe-flag-wrapper\">\n\t\t\t<div class=\"cffe-flag\">\n\t\t\t\t<i class=\"flag-icon flag-icon-es\" aria-hidden=\"true\"><\/i>\n\t\t\t<\/div>\n\t\t<\/div>\n\t\t\t\t\t\t<\/div>\n\t\t\t\t<\/div>\n\t\t\t\t<div class=\"elementor-element elementor-element-4d70dbba elementor-widget elementor-widget-heading\" data-id=\"4d70dbba\" data-element_type=\"widget\" data-e-type=\"widget\" data-widget_type=\"heading.default\">\n\t\t\t\t<div class=\"elementor-widget-container\">\n\t\t\t\t\t<h2 class=\"elementor-heading-title elementor-size-default\">\"Le r\u00e9seau de vente de DEXTER ne cesse de cro\u00eetre en 2024\".<\/h2>\t\t\t\t<\/div>\n\t\t\t\t<\/div>\n\t\t\t\t<div class=\"elementor-element elementor-element-4e774e6 elementor-widget elementor-widget-text-editor\" data-id=\"4e774e6\" data-element_type=\"widget\" data-e-type=\"widget\" data-widget_type=\"text-editor.default\">\n\t\t\t\t<div class=\"elementor-widget-container\">\n\t\t\t\t\t\t\t\t\t<p>Le directeur commercial de <i>DEXTER<\/i>Marco Ponce a \u00e9voqu\u00e9 la phase actuelle d'expansion de l'entreprise et l'attitude du monde des affaires \u00e0 l'\u00e9gard du financement alternatif par des capitaux priv\u00e9s : <i>\"Nous avons constat\u00e9 un changement ann\u00e9e apr\u00e8s ann\u00e9e, trimestre apr\u00e8s trimestre. C'est la r\u00e9alit\u00e9, il y a un caract\u00e8re plus r\u00e9ceptif envers les fonds d'investissement, une ouverture de la part des entrepreneurs qui cherchent des moyens de s'en sortir, des solutions\".<\/i>.<\/p>\n<p>Le directeur g\u00e9n\u00e9ral du r\u00e9seau commercial de l'entreprise a pr\u00e9cis\u00e9 que <i>\"Nous nous effor\u00e7ons tout particuli\u00e8rement de respecter les d\u00e9lais et les proc\u00e9dures, car certains clients sont fatigu\u00e9s et tr\u00e8s critiques \u00e0 l'\u00e9gard des banques traditionnelles, et nous recherchons des processus dans lesquels l'amortissement, une fois l'op\u00e9ration approuv\u00e9e et le capital transf\u00e9r\u00e9, est effectu\u00e9 dans des d\u00e9lais courts\".<\/i>a-t-il ajout\u00e9.<\/p>\n<p>Lors du \"FORO DEXTER - CAMPO DE GIBRALTAR\", et dans des d\u00e9clarations \u00e0 \"Onda Cero Radio\", Marco Ponce a fait r\u00e9f\u00e9rence \u00e0 la grande valeur de l'homme d'affaires qui vient au bureau ou qui contacte l'entreprise. <i>\"avec un projet bien structur\u00e9, avec un plan d'affaires bien articul\u00e9 et viable\".<\/i>.<\/p>\n<p>\u00c9couter l'int\u00e9gralit\u00e9 de l'entretien,&nbsp;<a href=\"https:\/\/www.ondacero.es\/emisoras\/andalucia\/marbella\/audios-podcast\/mas-de-uno\/mas-uno-marbella-1220-jueves-22-febrero-2024_2024022265d743dc4129260001cf0b67.html\" target=\"_blank\" rel=\"noopener\"><b>ICI<\/b><\/a>.<\/p>\n<div><\/div>\n<div><\/div>\n<div><\/div>\n<div><\/div>\n<div><\/div>\n<div><\/div>\t\t\t\t\t\t\t\t<\/div>\n\t\t\t\t<\/div>\n\t\t\t\t<div class=\"elementor-element elementor-element-73e31fd elementor-widget-divider--view-line_icon elementor-view-framed elementor-widget-divider--element-align-center elementor-widget elementor-widget-divider\" data-id=\"73e31fd\" data-element_type=\"widget\" data-e-type=\"widget\" data-widget_type=\"divider.default\">\n\t\t\t\t<div class=\"elementor-widget-container\">\n\t\t\t\t\t\t\t<div class=\"elementor-divider\">\n\t\t\t<span class=\"elementor-divider-separator\">\n\t\t\t\t\t\t\t<div class=\"elementor-icon elementor-divider__element\">\n\t\t\t\t\t<i aria-hidden=\"true\" class=\"fas fa-star\"><\/i><\/div>\n\t\t\t\t\t\t<\/span>\n\t\t<\/div>\n\t\t\t\t\t\t<\/div>\n\t\t\t\t<\/div>\n\t\t\t\t<div class=\"elementor-element elementor-element-268aecf elementor-widget elementor-widget-country-flag\" data-id=\"268aecf\" data-element_type=\"widget\" data-e-type=\"widget\" data-widget_type=\"country-flag.default\">\n\t\t\t\t<div class=\"elementor-widget-container\">\n\t\t\t\t\t\t\t<div class=\"cffe-flag-wrapper\">\n\t\t\t<div class=\"cffe-flag\">\n\t\t\t\t<i class=\"flag-icon flag-icon-gb\" aria-hidden=\"true\"><\/i>\n\t\t\t<\/div>\n\t\t<\/div>\n\t\t\t\t\t\t<\/div>\n\t\t\t\t<\/div>\n\t\t\t\t<div class=\"elementor-element elementor-element-a1d9538 elementor-widget elementor-widget-heading\" data-id=\"a1d9538\" data-element_type=\"widget\" data-e-type=\"widget\" data-widget_type=\"heading.default\">\n\t\t\t\t<div class=\"elementor-widget-container\">\n\t\t\t\t\t<h2 class=\"elementor-heading-title elementor-size-default\">\"Le r\u00e9seau commercial de DEXTER ne cesse de cro\u00eetre en 2024\".<\/h2>\t\t\t\t<\/div>\n\t\t\t\t<\/div>\n\t\t\t\t<div class=\"elementor-element elementor-element-d269c60 elementor-widget elementor-widget-text-editor\" data-id=\"d269c60\" data-element_type=\"widget\" data-e-type=\"widget\" data-widget_type=\"text-editor.default\">\n\t\t\t\t<div class=\"elementor-widget-container\">\n\t\t\t\t\t\t\t\t\t<p>Le directeur commercial de <i>DEXTER<\/i>Marco Ponce, a fait r\u00e9f\u00e9rence au moment d'expansion que conna\u00eet l'entreprise et \u00e0 l'attitude de la communaut\u00e9 des affaires par rapport au financement alternatif par le capital-investissement : <i>\"nous constatons un changement ann\u00e9e apr\u00e8s ann\u00e9e, trimestre apr\u00e8s trimestre<\/i>. <i>C'est la r\u00e9alit\u00e9, il y a un caract\u00e8re plus r\u00e9ceptif envers les fonds d'investissement, une ouverture de la part des entrepreneurs qui cherchent des moyens de s'en sortir, des solutions\".<\/i>.<\/p><p>Le directeur g\u00e9n\u00e9ral du r\u00e9seau commercial de l'entreprise a pr\u00e9cis\u00e9 que <i>\"Nous nous effor\u00e7ons de respecter les d\u00e9lais et les proc\u00e9dures, car certains clients sont fatigu\u00e9s et tr\u00e8s critiques \u00e0 l'\u00e9gard des banques traditionnelles, et nous recherchons des processus dans lesquels l'amortissement, une fois que l'op\u00e9ration est approuv\u00e9e et que le capital est investi, se fait en peu de temps\", a d\u00e9clar\u00e9 le pr\u00e9sident de la Commission.<\/i> a-t-il ajout\u00e9.<\/p><p>Lors du \"FORO DEXTER - CAMPO DE GIBRALTAR\", et dans des d\u00e9clarations \u00e0 \"Onda Cero Radio\", Marco Ponce a fait r\u00e9f\u00e9rence \u00e0 la grande valeur de l'entrepreneur qui vient au bureau ou qui contacte l'entreprise. <i>\"avec un projet bien structur\u00e9, avec un plan d'affaires bien construit et viable\".<\/i>.<\/p><p>\u00c9couter l'int\u00e9gralit\u00e9 de l'entretien,\u00a0<a href=\"https:\/\/www.ondacero.es\/emisoras\/andalucia\/marbella\/audios-podcast\/mas-de-uno\/mas-uno-marbella-1220-jueves-22-febrero-2024_2024022265d743dc4129260001cf0b67.html\" target=\"_blank\" rel=\"noopener\"><b>ICI<\/b><\/a>.<\/p><div><\/div><div><\/div><div><\/div><div><\/div><div><\/div><div><\/div><div><\/div><div><\/div><div><\/div><div><\/div><div><\/div><div><\/div>\t\t\t\t\t\t\t\t<\/div>\n\t\t\t\t<\/div>\n\t\t\t\t\t<\/div>\n\t\t<\/div>\n\t\t\t\t\t<\/div>\n\t\t<\/section>\n\t\t\t\t<\/div>","protected":false},"excerpt":{"rendered":"<p>\u201cLa red comercial de DEXTER se encuentra en 2024 en constante crecimiento\u201d El Director Comercial de DEXTER, Marco Ponce se ha referido al momento de expansi\u00f3n que vive la compa\u00f1\u00eda y a las propias actitudes del empresariado en relaci\u00f3n a la financiaci\u00f3n alternativa con capital privado: \u201cnotamos un cambio a\u00f1o [&hellip;]<\/p>\n","protected":false},"author":1,"featured_media":11191,"comment_status":"closed","ping_status":"closed","sticky":false,"template":"","format":"standard","meta":{"footnotes":""},"categories":[11],"tags":[],"class_list":["post-11197","post","type-post","status-publish","format-standard","has-post-thumbnail","hentry","category-dexter-global-finance"],"_links":{"self":[{"href":"https:\/\/grupodexter.com\/fr\/wp-json\/wp\/v2\/posts\/11197","targetHints":{"allow":["GET"]}}],"collection":[{"href":"https:\/\/grupodexter.com\/fr\/wp-json\/wp\/v2\/posts"}],"about":[{"href":"https:\/\/grupodexter.com\/fr\/wp-json\/wp\/v2\/types\/post"}],"author":[{"embeddable":true,"href":"https:\/\/grupodexter.com\/fr\/wp-json\/wp\/v2\/users\/1"}],"replies":[{"embeddable":true,"href":"https:\/\/grupodexter.com\/fr\/wp-json\/wp\/v2\/comments?post=11197"}],"version-history":[{"count":0,"href":"https:\/\/grupodexter.com\/fr\/wp-json\/wp\/v2\/posts\/11197\/revisions"}],"wp:featuredmedia":[{"embeddable":true,"href":"https:\/\/grupodexter.com\/fr\/wp-json\/wp\/v2\/media\/11191"}],"wp:attachment":[{"href":"https:\/\/grupodexter.com\/fr\/wp-json\/wp\/v2\/media?parent=11197"}],"wp:term":[{"taxonomy":"category","embeddable":true,"href":"https:\/\/grupodexter.com\/fr\/wp-json\/wp\/v2\/categories?post=11197"},{"taxonomy":"post_tag","embeddable":true,"href":"https:\/\/grupodexter.com\/fr\/wp-json\/wp\/v2\/tags?post=11197"}],"curies":[{"name":"wp","href":"https:\/\/api.w.org\/{rel}","templated":true}]}}