{"id":11304,"date":"2024-04-01T18:12:38","date_gmt":"2024-04-01T16:12:38","guid":{"rendered":"https:\/\/grupodexter.com\/?p=11304"},"modified":"2024-04-29T18:43:17","modified_gmt":"2024-04-29T16:43:17","slug":"le-financement-par-la-dette-privee-un-phenomene-en-pleine-expansion","status":"publish","type":"post","link":"https:\/\/grupodexter.com\/fr\/la-financiacion-con-deuda-privada-un-fenomeno-al-alza\/","title":{"rendered":"Le financement par la dette priv\u00e9e, un ph\u00e9nom\u00e8ne en pleine expansion"},"content":{"rendered":"<div data-elementor-type=\"wp-post\" data-elementor-id=\"11304\" class=\"elementor elementor-11304\" data-elementor-post-type=\"post\">\n\t\t\t\t\t\t<section class=\"elementor-section elementor-top-section elementor-element elementor-element-8cacad2 elementor-section-boxed elementor-section-height-default elementor-section-height-default\" data-id=\"8cacad2\" data-element_type=\"section\" data-e-type=\"section\">\n\t\t\t\t\t\t<div class=\"elementor-container elementor-column-gap-default\">\n\t\t\t\t\t<div class=\"elementor-column elementor-col-100 elementor-top-column elementor-element elementor-element-7b804f02\" data-id=\"7b804f02\" data-element_type=\"column\" data-e-type=\"column\">\n\t\t\t<div class=\"elementor-widget-wrap elementor-element-populated\">\n\t\t\t\t\t\t<div class=\"elementor-element elementor-element-6144496 elementor-widget elementor-widget-country-flag\" data-id=\"6144496\" data-element_type=\"widget\" data-e-type=\"widget\" data-widget_type=\"country-flag.default\">\n\t\t\t\t<div class=\"elementor-widget-container\">\n\t\t\t\t\t\t\t<div class=\"cffe-flag-wrapper\">\n\t\t\t<div class=\"cffe-flag\">\n\t\t\t\t<i class=\"flag-icon flag-icon-es\" aria-hidden=\"true\"><\/i>\n\t\t\t<\/div>\n\t\t<\/div>\n\t\t\t\t\t\t<\/div>\n\t\t\t\t<\/div>\n\t\t\t\t<div class=\"elementor-element elementor-element-4d70dbba elementor-widget elementor-widget-heading\" data-id=\"4d70dbba\" data-element_type=\"widget\" data-e-type=\"widget\" data-widget_type=\"heading.default\">\n\t\t\t\t<div class=\"elementor-widget-container\">\n\t\t\t\t\t<h2 class=\"elementor-heading-title elementor-size-default\">Le financement par la dette priv\u00e9e, un ph\u00e9nom\u00e8ne en pleine expansion<\/h2>\t\t\t\t<\/div>\n\t\t\t\t<\/div>\n\t\t\t\t<div class=\"elementor-element elementor-element-4e774e6 elementor-widget elementor-widget-text-editor\" data-id=\"4e774e6\" data-element_type=\"widget\" data-e-type=\"widget\" data-widget_type=\"text-editor.default\">\n\t\t\t\t<div class=\"elementor-widget-container\">\n\t\t\t\t\t\t\t\t\t<p><span style=\"white-space: normal;\"><span style=\"white-space: pre;\"> <\/span>Il est incontestable que depuis la crise financi\u00e8re mondiale, les besoins en capitaux ont \u00e9t\u00e9 couverts dans un nombre croissant de cas par la dette priv\u00e9e. Il est tout aussi vrai que l'augmentation des capitaux priv\u00e9s en Espagne a \u00e9t\u00e9 irr\u00e9versible au cours de la derni\u00e8re d\u00e9cennie.<\/span><\/p><p><span style=\"white-space: normal;\"><span style=\"white-space: pre;\"> <\/span>L'espace s'est \u00e9largi bien au-del\u00e0 des pr\u00eateurs traditionnels. Il suffit de dire que si en 2008 plus de 70% des pr\u00eats en Europe \u00e9taient des pr\u00eats bancaires, en 2023 ils atteindront \u00e0 peine 22%, alors que les pr\u00eats priv\u00e9s ont suivi le chemin inverse, dans notre pays sous l'impulsion d'un changement dans la r\u00e9glementation hypoth\u00e9caire qui a conduit \u00e0 ce que les clients soient dans moins de cas des individus (personnes physiques) et dans plus de cas des entrepreneurs (personnes morales).<\/span><\/p><p><span style=\"white-space: normal;\"><span style=\"white-space: pre;\"> <\/span>Des entreprises telles que DEXTER en Espagne, gr\u00e2ce \u00e0 son leadership en mati\u00e8re de gestion financi\u00e8re et d'interm\u00e9diation, et en s'appuyant sur des fonds internationaux, ont prouv\u00e9 que l'utilisation de ce type de cr\u00e9dit pr\u00e9sentait des avantages \u00e9vidents : ils peuvent \u00eatre et sont g\u00e9n\u00e9ralement plus flexibles, avec une ex\u00e9cution plus rapide, une plus grande certitude et m\u00eame une plus grande confidentialit\u00e9. En outre, au sein de la dette priv\u00e9e, il existe de nombreuses strat\u00e9gies diff\u00e9rentes \u00e0 travers le spectre des risques, en fonction, entre autres facteurs, de la qualit\u00e9 du cr\u00e9dit lui-m\u00eame.<\/span><\/p><p><span style=\"white-space: normal;\"><span style=\"white-space: pre;\"> <\/span>Le pr\u00e9sident de la soci\u00e9t\u00e9, Yeidy Ram\u00edrez, souligne que \"non seulement du point de vue du fond, du fonctionnement de chaque demande de pr\u00eat, mais aussi du point de vue formel, il s'agit d'un secteur qui s'est professionnalis\u00e9 et renforc\u00e9. D'o\u00f9, par exemple, la d\u00e9cision pionni\u00e8re de DEXTER d'avoir un d\u00e9l\u00e9gu\u00e9 accr\u00e9dit\u00e9, certifi\u00e9 en mati\u00e8re de protection des donn\u00e9es personnelles. Nous pensons que pour que la finance alternative poursuive son ascension, il est essentiel de continuer \u00e0 susciter la confiance des clients\", conclut M. Ram\u00edrez.<\/span><\/p>\t\t\t\t\t\t\t\t<\/div>\n\t\t\t\t<\/div>\n\t\t\t\t<div class=\"elementor-element elementor-element-73e31fd elementor-widget-divider--view-line_icon elementor-view-framed elementor-widget-divider--element-align-center elementor-widget elementor-widget-divider\" data-id=\"73e31fd\" data-element_type=\"widget\" data-e-type=\"widget\" data-widget_type=\"divider.default\">\n\t\t\t\t<div class=\"elementor-widget-container\">\n\t\t\t\t\t\t\t<div class=\"elementor-divider\">\n\t\t\t<span class=\"elementor-divider-separator\">\n\t\t\t\t\t\t\t<div class=\"elementor-icon elementor-divider__element\">\n\t\t\t\t\t<i aria-hidden=\"true\" class=\"fas fa-star\"><\/i><\/div>\n\t\t\t\t\t\t<\/span>\n\t\t<\/div>\n\t\t\t\t\t\t<\/div>\n\t\t\t\t<\/div>\n\t\t\t\t<div class=\"elementor-element elementor-element-268aecf elementor-widget elementor-widget-country-flag\" data-id=\"268aecf\" data-element_type=\"widget\" data-e-type=\"widget\" data-widget_type=\"country-flag.default\">\n\t\t\t\t<div class=\"elementor-widget-container\">\n\t\t\t\t\t\t\t<div class=\"cffe-flag-wrapper\">\n\t\t\t<div class=\"cffe-flag\">\n\t\t\t\t<i class=\"flag-icon flag-icon-gb\" aria-hidden=\"true\"><\/i>\n\t\t\t<\/div>\n\t\t<\/div>\n\t\t\t\t\t\t<\/div>\n\t\t\t\t<\/div>\n\t\t\t\t<div class=\"elementor-element elementor-element-a1d9538 elementor-widget elementor-widget-heading\" data-id=\"a1d9538\" data-element_type=\"widget\" data-e-type=\"widget\" data-widget_type=\"heading.default\">\n\t\t\t\t<div class=\"elementor-widget-container\">\n\t\t\t\t\t<h2 class=\"elementor-heading-title elementor-size-default\">Le financement par la dette priv\u00e9e, un ph\u00e9nom\u00e8ne en pleine expansion<\/h2>\t\t\t\t<\/div>\n\t\t\t\t<\/div>\n\t\t\t\t<div class=\"elementor-element elementor-element-d269c60 elementor-widget elementor-widget-text-editor\" data-id=\"d269c60\" data-element_type=\"widget\" data-e-type=\"widget\" data-widget_type=\"text-editor.default\">\n\t\t\t\t<div class=\"elementor-widget-container\">\n\t\t\t\t\t\t\t\t\t<p><span style=\"white-space: normal;\"><span style=\"white-space: pre;\"> <\/span>Il est incontestable que depuis la crise financi\u00e8re mondiale, les besoins en capitaux ont \u00e9t\u00e9 couverts dans un nombre croissant de cas par la dette priv\u00e9e. Il est tout aussi vrai que l'augmentation des capitaux priv\u00e9s en Espagne a \u00e9t\u00e9 irr\u00e9versible au cours de la derni\u00e8re d\u00e9cennie.<\/span><\/p><p><span style=\"white-space: normal;\"><span style=\"white-space: pre;\"> <\/span>L'espace s'est \u00e9largi bien au-del\u00e0 des pr\u00eateurs traditionnels. Il suffit de dire que si en 2008 plus de 70% des pr\u00eats en Europe \u00e9taient des pr\u00eats bancaires, en 2023 ils atteindront \u00e0 peine 22%, tandis que les pr\u00eats priv\u00e9s ont suivi le chemin inverse, dans notre pays, sous l'effet d'un changement dans la r\u00e9glementation hypoth\u00e9caire qui a conduit \u00e0 ce que les clients soient moins des individus (personnes physiques) et plus des entrepreneurs (personnes morales).<\/span><\/p><p><span style=\"white-space: normal;\"><span style=\"white-space: pre;\"> <\/span>Des entreprises comme DEXTER en Espagne, gr\u00e2ce \u00e0 son leadership en mati\u00e8re de gestion financi\u00e8re et d'interm\u00e9diation, et en s'appuyant sur des fonds internationaux, ont montr\u00e9 que ce type de cr\u00e9dit pr\u00e9sente des avantages \u00e9vidents : ils peuvent \u00eatre et sont g\u00e9n\u00e9ralement plus flexibles, avec une ex\u00e9cution plus rapide, une plus grande certitude et m\u00eame une plus grande confidentialit\u00e9. En outre, dans le cadre de la dette priv\u00e9e, il existe de nombreuses strat\u00e9gies diff\u00e9rentes sur l'ensemble du spectre des risques, en fonction, entre autres, de la qualit\u00e9 du cr\u00e9dit lui-m\u00eame.<\/span><\/p><p><span style=\"white-space: normal;\"><span style=\"white-space: pre;\"> <\/span>Le pr\u00e9sident de la soci\u00e9t\u00e9, Yeidy Ram\u00edrez, souligne que \"non seulement du point de vue du fonds, de l'op\u00e9ration de chaque demande de pr\u00eat, mais aussi du point de vue formel, il s'agit d'un secteur qui est devenu plus professionnel et plus solide. D'o\u00f9, par exemple, la d\u00e9cision pionni\u00e8re de DEXTER d'avoir un d\u00e9l\u00e9gu\u00e9 accr\u00e9dit\u00e9, certifi\u00e9 en mati\u00e8re de protection des donn\u00e9es personnelles. Nous pensons que pour que le financement alternatif poursuive sa progression, il est essentiel de continuer \u00e0 susciter la confiance des clients\", conclut M. Ram\u00edrez.<\/span><\/p><div><\/div><div><\/div><div><\/div><div><\/div><div><\/div><div><\/div><div><\/div><div><\/div><div><\/div><div><\/div><div><\/div><div><\/div>\t\t\t\t\t\t\t\t<\/div>\n\t\t\t\t<\/div>\n\t\t\t\t\t<\/div>\n\t\t<\/div>\n\t\t\t\t\t<\/div>\n\t\t<\/section>\n\t\t\t\t<\/div>","protected":false},"excerpt":{"rendered":"<p>La financiaci\u00f3n con deuda privada, un fen\u00f3meno al alza Es un hecho incontrovertible que desde la crisis financiera mundial, las necesidades de capital se han cubierto en un n\u00famero creciente de casos a trav\u00e9s de deuda privada. Y lo es, igualmente, que el ascenso del capital privado en Espa\u00f1a ha [&hellip;]<\/p>\n","protected":false},"author":1,"featured_media":11306,"comment_status":"closed","ping_status":"closed","sticky":false,"template":"","format":"standard","meta":{"footnotes":""},"categories":[11],"tags":[],"class_list":["post-11304","post","type-post","status-publish","format-standard","has-post-thumbnail","hentry","category-dexter-global-finance"],"_links":{"self":[{"href":"https:\/\/grupodexter.com\/fr\/wp-json\/wp\/v2\/posts\/11304","targetHints":{"allow":["GET"]}}],"collection":[{"href":"https:\/\/grupodexter.com\/fr\/wp-json\/wp\/v2\/posts"}],"about":[{"href":"https:\/\/grupodexter.com\/fr\/wp-json\/wp\/v2\/types\/post"}],"author":[{"embeddable":true,"href":"https:\/\/grupodexter.com\/fr\/wp-json\/wp\/v2\/users\/1"}],"replies":[{"embeddable":true,"href":"https:\/\/grupodexter.com\/fr\/wp-json\/wp\/v2\/comments?post=11304"}],"version-history":[{"count":0,"href":"https:\/\/grupodexter.com\/fr\/wp-json\/wp\/v2\/posts\/11304\/revisions"}],"wp:featuredmedia":[{"embeddable":true,"href":"https:\/\/grupodexter.com\/fr\/wp-json\/wp\/v2\/media\/11306"}],"wp:attachment":[{"href":"https:\/\/grupodexter.com\/fr\/wp-json\/wp\/v2\/media?parent=11304"}],"wp:term":[{"taxonomy":"category","embeddable":true,"href":"https:\/\/grupodexter.com\/fr\/wp-json\/wp\/v2\/categories?post=11304"},{"taxonomy":"post_tag","embeddable":true,"href":"https:\/\/grupodexter.com\/fr\/wp-json\/wp\/v2\/tags?post=11304"}],"curies":[{"name":"wp","href":"https:\/\/api.w.org\/{rel}","templated":true}]}}