{"id":11348,"date":"2024-04-13T18:29:50","date_gmt":"2024-04-13T16:29:50","guid":{"rendered":"https:\/\/grupodexter.com\/?p=11348"},"modified":"2024-04-29T18:44:00","modified_gmt":"2024-04-29T16:44:00","slug":"les-capitaux-prives-un-levier-decisif-pour-la-croissance-de-leconomie-espagnole","status":"publish","type":"post","link":"https:\/\/grupodexter.com\/fr\/el-capital-privado-palanca-decisiva-para-el-crecimiento-de-la-economia-espanola\/","title":{"rendered":"Les capitaux priv\u00e9s, un levier d\u00e9cisif pour la croissance de l'\u00e9conomie espagnole"},"content":{"rendered":"<div data-elementor-type=\"wp-post\" data-elementor-id=\"11348\" class=\"elementor elementor-11348\" data-elementor-post-type=\"post\">\n\t\t\t\t\t\t<section class=\"elementor-section elementor-top-section elementor-element elementor-element-8cacad2 elementor-section-boxed elementor-section-height-default elementor-section-height-default\" data-id=\"8cacad2\" data-element_type=\"section\" data-e-type=\"section\">\n\t\t\t\t\t\t<div class=\"elementor-container elementor-column-gap-default\">\n\t\t\t\t\t<div class=\"elementor-column elementor-col-100 elementor-top-column elementor-element elementor-element-7b804f02\" data-id=\"7b804f02\" data-element_type=\"column\" data-e-type=\"column\">\n\t\t\t<div class=\"elementor-widget-wrap elementor-element-populated\">\n\t\t\t\t\t\t<div class=\"elementor-element elementor-element-6144496 elementor-widget elementor-widget-country-flag\" data-id=\"6144496\" data-element_type=\"widget\" data-e-type=\"widget\" data-widget_type=\"country-flag.default\">\n\t\t\t\t<div class=\"elementor-widget-container\">\n\t\t\t\t\t\t\t<div class=\"cffe-flag-wrapper\">\n\t\t\t<div class=\"cffe-flag\">\n\t\t\t\t<i class=\"flag-icon flag-icon-es\" aria-hidden=\"true\"><\/i>\n\t\t\t<\/div>\n\t\t<\/div>\n\t\t\t\t\t\t<\/div>\n\t\t\t\t<\/div>\n\t\t\t\t<div class=\"elementor-element elementor-element-4d70dbba elementor-widget elementor-widget-heading\" data-id=\"4d70dbba\" data-element_type=\"widget\" data-e-type=\"widget\" data-widget_type=\"heading.default\">\n\t\t\t\t<div class=\"elementor-widget-container\">\n\t\t\t\t\t<h2 class=\"elementor-heading-title elementor-size-default\">Les capitaux priv\u00e9s, un levier d\u00e9cisif pour la croissance de l'\u00e9conomie espagnole<\/h2>\t\t\t\t<\/div>\n\t\t\t\t<\/div>\n\t\t\t\t<div class=\"elementor-element elementor-element-4e774e6 elementor-widget elementor-widget-text-editor\" data-id=\"4e774e6\" data-element_type=\"widget\" data-e-type=\"widget\" data-widget_type=\"text-editor.default\">\n\t\t\t\t<div class=\"elementor-widget-container\">\n\t\t\t\t\t\t\t\t\t<p><span style=\"white-space: normal;\"><span style=\"white-space: pre;\"> <\/span>Au-del\u00e0 de l'activit\u00e9 \u00e9conomique favoris\u00e9e par l'effet de levier des banques traditionnelles, le secteur du capital-investissement en Espagne continue de se d\u00e9velopper, prenant des parts de march\u00e9 et contribuant au d\u00e9veloppement de nouveaux projets, de nouvelles entreprises et, en fin de compte, \u00e0 la cr\u00e9ation d'emplois.<\/span><\/p><p><span style=\"white-space: normal;\"><span style=\"white-space: pre;\"> <\/span>Plus pr\u00e9cis\u00e9ment, dans le secteur du capital-risque et du capital-investissement en Espagne, le volume d'investissement a atteint 6 709 millions d'euros en 2023, r\u00e9partis dans un total de 844 investissements. Les fonds internationaux ont enregistr\u00e9 des chiffres d'investissement record dans les entreprises espagnoles (5 042 millions d'euros en 166 investissements), ce qui renforce un engagement incontestable en ces temps difficiles. Pour leur part, les fonds priv\u00e9s nationaux ont investi 1 470,3 millions d'euros dans 535 investissements.<\/span><\/p><p>Apr\u00e8s une ann\u00e9e 2023 marqu\u00e9e par l'incertitude macro\u00e9conomique et des taux d'int\u00e9r\u00eat \u00e9lev\u00e9s, l'opinion inform\u00e9e dans le secteur est qu'il y a une \"r\u00e9activation de l'activit\u00e9 d'investissement en 2024 sur le march\u00e9 espagnol\" : il y a de nouvelles op\u00e9rations et des projets int\u00e9ressants.\u00a0<\/p><p>Depuis cinq ans, DEXTER joue un r\u00f4le de premier plan dans le domaine du capital-investissement et de son utilisation \u00e0 des fins de financement alternatif. Son pr\u00e9sident, Yeidy Ram\u00edrez, assure que \"ce n'est pas toujours dit ou soulign\u00e9, mais avec le financement extra-bancaire, \u00e0 travers les fonds d'investissement et les fonds de dette que nous repr\u00e9sentons, nous contribuons grandement \u00e0 la cr\u00e9ation d'emplois et au progr\u00e8s des entreprises elles-m\u00eames\".<\/p><p>Outre le financement de la construction, DEXTER s'est impos\u00e9 comme le principal sp\u00e9cialiste des pr\u00eats-relais avec garanties hypoth\u00e9caires, un produit qui n'est pas propos\u00e9 par les banques traditionnelles en Espagne.<\/p>\t\t\t\t\t\t\t\t<\/div>\n\t\t\t\t<\/div>\n\t\t\t\t<div class=\"elementor-element elementor-element-73e31fd elementor-widget-divider--view-line_icon elementor-view-framed elementor-widget-divider--element-align-center elementor-widget elementor-widget-divider\" data-id=\"73e31fd\" data-element_type=\"widget\" data-e-type=\"widget\" data-widget_type=\"divider.default\">\n\t\t\t\t<div class=\"elementor-widget-container\">\n\t\t\t\t\t\t\t<div class=\"elementor-divider\">\n\t\t\t<span class=\"elementor-divider-separator\">\n\t\t\t\t\t\t\t<div class=\"elementor-icon elementor-divider__element\">\n\t\t\t\t\t<i aria-hidden=\"true\" class=\"fas fa-star\"><\/i><\/div>\n\t\t\t\t\t\t<\/span>\n\t\t<\/div>\n\t\t\t\t\t\t<\/div>\n\t\t\t\t<\/div>\n\t\t\t\t<div class=\"elementor-element elementor-element-268aecf elementor-widget elementor-widget-country-flag\" data-id=\"268aecf\" data-element_type=\"widget\" data-e-type=\"widget\" data-widget_type=\"country-flag.default\">\n\t\t\t\t<div class=\"elementor-widget-container\">\n\t\t\t\t\t\t\t<div class=\"cffe-flag-wrapper\">\n\t\t\t<div class=\"cffe-flag\">\n\t\t\t\t<i class=\"flag-icon flag-icon-gb\" aria-hidden=\"true\"><\/i>\n\t\t\t<\/div>\n\t\t<\/div>\n\t\t\t\t\t\t<\/div>\n\t\t\t\t<\/div>\n\t\t\t\t<div class=\"elementor-element elementor-element-a1d9538 elementor-widget elementor-widget-heading\" data-id=\"a1d9538\" data-element_type=\"widget\" data-e-type=\"widget\" data-widget_type=\"heading.default\">\n\t\t\t\t<div class=\"elementor-widget-container\">\n\t\t\t\t\t<h2 class=\"elementor-heading-title elementor-size-default\">Les capitaux priv\u00e9s, un levier d\u00e9cisif pour la croissance de l'\u00e9conomie espagnole<\/h2>\t\t\t\t<\/div>\n\t\t\t\t<\/div>\n\t\t\t\t<div class=\"elementor-element elementor-element-d269c60 elementor-widget elementor-widget-text-editor\" data-id=\"d269c60\" data-element_type=\"widget\" data-e-type=\"widget\" data-widget_type=\"text-editor.default\">\n\t\t\t\t<div class=\"elementor-widget-container\">\n\t\t\t\t\t\t\t\t\t<p><span style=\"white-space: normal;\"><span style=\"white-space: pre;\"> <\/span>Au-del\u00e0 de l'activit\u00e9 \u00e9conomique favoris\u00e9e par l'effet de levier des banques traditionnelles, le secteur du capital-investissement en Espagne continue de se d\u00e9velopper, prenant des parts de march\u00e9 et contribuant au d\u00e9veloppement de nouveaux projets, de nouvelles entreprises et, en fin de compte, \u00e0 la cr\u00e9ation d'emplois.<\/span><\/p><p><span style=\"white-space: normal;\"><span style=\"white-space: pre;\"> <\/span>Plus pr\u00e9cis\u00e9ment, dans le secteur du \"Venture Capital &amp; Private Equity\" en Espagne, le volume d'investissement a atteint 6 709 millions d'euros en 2023, r\u00e9partis dans un total de 844 investissements. Les fonds internationaux ont enregistr\u00e9 des chiffres d'investissement record dans les entreprises espagnoles (5 042 millions en 166 investissements), ce qui renforce un engagement incontestable en ces temps difficiles. Pour leur part, les fonds priv\u00e9s nationaux ont investi 1 470,3 millions d'euros dans 535 investissements.<\/span><\/p><p>Apr\u00e8s une ann\u00e9e 2023 marqu\u00e9e par l'incertitude macro\u00e9conomique et des taux d'int\u00e9r\u00eat \u00e9lev\u00e9s, l'opinion inform\u00e9e dans le secteur est qu'il y a une \"r\u00e9activation de l'activit\u00e9 d'investissement en 2024 sur le march\u00e9 espagnol\" : il y a de nouvelles op\u00e9rations et des projets int\u00e9ressants.\u00a0<\/p><p>DEXTER occupe depuis cinq ans une position de premier plan dans le domaine du capital-investissement et de son utilisation pour le financement alternatif. Son pr\u00e9sident, Yeidy Ram\u00edrez, assure que \"ce n'est pas toujours dit ou soulign\u00e9, mais avec le financement hors banque, \u00e0 travers les fonds d'investissement et les fonds de dette que nous repr\u00e9sentons, nous contribuons grandement \u00e0 la cr\u00e9ation d'emplois et au progr\u00e8s des entreprises elles-m\u00eames\".<\/p><p>Outre le financement de la construction, DEXTER est devenu le principal sp\u00e9cialiste des pr\u00eats-relais avec garanties hypoth\u00e9caires, un produit qui n'est pas propos\u00e9 par les banques traditionnelles en Espagne.<\/p>\t\t\t\t\t\t\t\t<\/div>\n\t\t\t\t<\/div>\n\t\t\t\t\t<\/div>\n\t\t<\/div>\n\t\t\t\t\t<\/div>\n\t\t<\/section>\n\t\t\t\t<\/div>","protected":false},"excerpt":{"rendered":"<p>El capital privado, palanca decisiva para el crecimiento de la econom\u00eda espa\u00f1ola M\u00e1s all\u00e1 de la actividad econ\u00f3mica promovida fruto de la palanca de la banca tradicional, la industria del capital privado en Espa\u00f1a sigue creciendo, copando cuotas de mercado y contribuyendo al desarrollo de nuevos proyectos, nuevas empresas y, [&hellip;]<\/p>\n","protected":false},"author":1,"featured_media":11350,"comment_status":"closed","ping_status":"closed","sticky":false,"template":"","format":"standard","meta":{"footnotes":""},"categories":[11],"tags":[],"class_list":["post-11348","post","type-post","status-publish","format-standard","has-post-thumbnail","hentry","category-dexter-global-finance"],"_links":{"self":[{"href":"https:\/\/grupodexter.com\/fr\/wp-json\/wp\/v2\/posts\/11348","targetHints":{"allow":["GET"]}}],"collection":[{"href":"https:\/\/grupodexter.com\/fr\/wp-json\/wp\/v2\/posts"}],"about":[{"href":"https:\/\/grupodexter.com\/fr\/wp-json\/wp\/v2\/types\/post"}],"author":[{"embeddable":true,"href":"https:\/\/grupodexter.com\/fr\/wp-json\/wp\/v2\/users\/1"}],"replies":[{"embeddable":true,"href":"https:\/\/grupodexter.com\/fr\/wp-json\/wp\/v2\/comments?post=11348"}],"version-history":[{"count":0,"href":"https:\/\/grupodexter.com\/fr\/wp-json\/wp\/v2\/posts\/11348\/revisions"}],"wp:featuredmedia":[{"embeddable":true,"href":"https:\/\/grupodexter.com\/fr\/wp-json\/wp\/v2\/media\/11350"}],"wp:attachment":[{"href":"https:\/\/grupodexter.com\/fr\/wp-json\/wp\/v2\/media?parent=11348"}],"wp:term":[{"taxonomy":"category","embeddable":true,"href":"https:\/\/grupodexter.com\/fr\/wp-json\/wp\/v2\/categories?post=11348"},{"taxonomy":"post_tag","embeddable":true,"href":"https:\/\/grupodexter.com\/fr\/wp-json\/wp\/v2\/tags?post=11348"}],"curies":[{"name":"wp","href":"https:\/\/api.w.org\/{rel}","templated":true}]}}