{"id":11457,"date":"2024-05-13T13:57:36","date_gmt":"2024-05-13T11:57:36","guid":{"rendered":"https:\/\/grupodexter.com\/?p=11457"},"modified":"2024-05-24T14:25:23","modified_gmt":"2024-05-24T12:25:23","slug":"dexter-dans-le-rapport-de-gestion-2023-de-la-confederation-des-cooperatives-dhabitation-despagne-concovi","status":"publish","type":"post","link":"https:\/\/grupodexter.com\/fr\/dexter-en-el-informe-de-gestion-2023-de-la-confederacion-de-cooperativas-de-viviendas-de-espana-concovi\/","title":{"rendered":"DEXTER\", dans le rapport de gestion 2023 de la Conf\u00e9d\u00e9ration des coop\u00e9ratives d'habitation espagnoles (CONCOVI)"},"content":{"rendered":"<div data-elementor-type=\"wp-post\" data-elementor-id=\"11457\" class=\"elementor elementor-11457\" data-elementor-post-type=\"post\">\n\t\t\t\t\t\t<section class=\"elementor-section elementor-top-section elementor-element elementor-element-8cacad2 elementor-section-boxed elementor-section-height-default elementor-section-height-default\" data-id=\"8cacad2\" data-element_type=\"section\" data-e-type=\"section\">\n\t\t\t\t\t\t<div class=\"elementor-container elementor-column-gap-default\">\n\t\t\t\t\t<div class=\"elementor-column elementor-col-100 elementor-top-column elementor-element elementor-element-7b804f02\" data-id=\"7b804f02\" data-element_type=\"column\" data-e-type=\"column\">\n\t\t\t<div class=\"elementor-widget-wrap elementor-element-populated\">\n\t\t\t\t\t\t<div class=\"elementor-element elementor-element-6144496 elementor-widget elementor-widget-country-flag\" data-id=\"6144496\" data-element_type=\"widget\" data-e-type=\"widget\" data-widget_type=\"country-flag.default\">\n\t\t\t\t<div class=\"elementor-widget-container\">\n\t\t\t\t\t\t\t<div class=\"cffe-flag-wrapper\">\n\t\t\t<div class=\"cffe-flag\">\n\t\t\t\t<i class=\"flag-icon flag-icon-es\" aria-hidden=\"true\"><\/i>\n\t\t\t<\/div>\n\t\t<\/div>\n\t\t\t\t\t\t<\/div>\n\t\t\t\t<\/div>\n\t\t\t\t<div class=\"elementor-element elementor-element-4d70dbba elementor-widget elementor-widget-heading\" data-id=\"4d70dbba\" data-element_type=\"widget\" data-e-type=\"widget\" data-widget_type=\"heading.default\">\n\t\t\t\t<div class=\"elementor-widget-container\">\n\t\t\t\t\t<h2 class=\"elementor-heading-title elementor-size-default\">DEXTER\", dans le rapport de gestion 2023 de la Conf\u00e9d\u00e9ration des coop\u00e9ratives d'habitation espagnoles (CONCOVI)<\/h2>\t\t\t\t<\/div>\n\t\t\t\t<\/div>\n\t\t\t\t<div class=\"elementor-element elementor-element-4e774e6 elementor-widget elementor-widget-text-editor\" data-id=\"4e774e6\" data-element_type=\"widget\" data-e-type=\"widget\" data-widget_type=\"text-editor.default\">\n\t\t\t\t<div class=\"elementor-widget-container\">\n\t\t\t\t\t\t\t\t\t<p>La contribution de DEXTER au financement du logement coop\u00e9ratif (autopromotion) a \u00e9t\u00e9 reconnue dans le rapport de gestion pr\u00e9sent\u00e9 par la Conf\u00e9d\u00e9ration espagnole des coop\u00e9ratives de logement (Confedereaci\u00f3n de Cooperativas de Vivienda de Espa\u00f1a) comme un bilan de l'ann\u00e9e \u00e9coul\u00e9e.<\/p><p>Concr\u00e8tement, CONCOVI reprend dans un document de plus de 100 pages l'\"Accord de collaboration\" qu'elle a conclu avec DEXTER en mars 2023, un accord qui reconna\u00eet l'exp\u00e9rience de la soci\u00e9t\u00e9 en mati\u00e8re de financement immobilier et sa position prestigieuse et privil\u00e9gi\u00e9e dans le secteur.<\/p><p>De m\u00eame, le rapport souligne que l'accord a \u00e9t\u00e9 \u00e9tabli sur la base du fait que \"DEXTER a montr\u00e9 et d\u00e9montr\u00e9 sa capacit\u00e9 \u00e0 r\u00e9pondre aux besoins sp\u00e9cifiques des coop\u00e9ratives de logement et que la cr\u00e9ation et la constitution de ce type de soci\u00e9t\u00e9 est en constante augmentation\".<\/p><p>Lors du r\u00e9cent SIMA 2024, le vice-pr\u00e9sident de DEXTER, Alfonso Merlos, s'est entretenu en toute d\u00e9contraction avec le pr\u00e9sident de CONCOVI, Juan Casares. Le pr\u00e9sident de la soci\u00e9t\u00e9, Yeidy Ram\u00edrez, a d\u00e9clar\u00e9 : \"Nous sommes fiers que, m\u00eame dans le monde des coop\u00e9ratives de logement, un secteur si sp\u00e9cifique, notre bon travail et notre position de leader en mati\u00e8re de financement alternatif par des capitaux priv\u00e9s soient reconnus. C'est un privil\u00e8ge pour nous de travailler main dans la main avec un acteur institutionnel aussi important que CONCOVI\", a conclu le directeur g\u00e9n\u00e9ral de DEXTER.<\/p>\t\t\t\t\t\t\t\t<\/div>\n\t\t\t\t<\/div>\n\t\t\t\t<div class=\"elementor-element elementor-element-73e31fd elementor-widget-divider--view-line_icon elementor-view-framed elementor-widget-divider--element-align-center elementor-widget elementor-widget-divider\" data-id=\"73e31fd\" data-element_type=\"widget\" data-e-type=\"widget\" data-widget_type=\"divider.default\">\n\t\t\t\t<div class=\"elementor-widget-container\">\n\t\t\t\t\t\t\t<div class=\"elementor-divider\">\n\t\t\t<span class=\"elementor-divider-separator\">\n\t\t\t\t\t\t\t<div class=\"elementor-icon elementor-divider__element\">\n\t\t\t\t\t<i aria-hidden=\"true\" class=\"fas fa-star\"><\/i><\/div>\n\t\t\t\t\t\t<\/span>\n\t\t<\/div>\n\t\t\t\t\t\t<\/div>\n\t\t\t\t<\/div>\n\t\t\t\t<div class=\"elementor-element elementor-element-268aecf elementor-widget elementor-widget-country-flag\" data-id=\"268aecf\" data-element_type=\"widget\" data-e-type=\"widget\" data-widget_type=\"country-flag.default\">\n\t\t\t\t<div class=\"elementor-widget-container\">\n\t\t\t\t\t\t\t<div class=\"cffe-flag-wrapper\">\n\t\t\t<div class=\"cffe-flag\">\n\t\t\t\t<i class=\"flag-icon flag-icon-gb\" aria-hidden=\"true\"><\/i>\n\t\t\t<\/div>\n\t\t<\/div>\n\t\t\t\t\t\t<\/div>\n\t\t\t\t<\/div>\n\t\t\t\t<div class=\"elementor-element elementor-element-a1d9538 elementor-widget elementor-widget-heading\" data-id=\"a1d9538\" data-element_type=\"widget\" data-e-type=\"widget\" data-widget_type=\"heading.default\">\n\t\t\t\t<div class=\"elementor-widget-container\">\n\t\t\t\t\t<h2 class=\"elementor-heading-title elementor-size-default\">DEXTER\", dans le rapport de gestion 2023 de la Conf\u00e9d\u00e9ration des coop\u00e9ratives d'habitation espagnoles (CONCOVI)<\/h2>\t\t\t\t<\/div>\n\t\t\t\t<\/div>\n\t\t\t\t<div class=\"elementor-element elementor-element-d269c60 elementor-widget elementor-widget-text-editor\" data-id=\"d269c60\" data-element_type=\"widget\" data-e-type=\"widget\" data-widget_type=\"text-editor.default\">\n\t\t\t\t<div class=\"elementor-widget-container\">\n\t\t\t\t\t\t\t\t\t<p>La contribution de DEXTER au financement du logement coop\u00e9ratif (autopromotion) a \u00e9t\u00e9 reconnue dans le rapport de gestion pr\u00e9sent\u00e9, comme bilan de l'ann\u00e9e \u00e9coul\u00e9e, par la Conf\u00e9d\u00e9ration des coop\u00e9ratives de logement d'Espagne (Confedereaci\u00f3n de Cooperativas de Vivienda de Espa\u00f1a).<\/p><p>Plus pr\u00e9cis\u00e9ment, CONCOVI reprend dans un document de plus de 100 pages l'\"Accord de collaboration\" qu'elle a conclu avec DEXTER en mars 2023, un accord qui reconna\u00eet l'exp\u00e9rience de la soci\u00e9t\u00e9 en mati\u00e8re de financement immobilier et sa position prestigieuse et privil\u00e9gi\u00e9e dans le secteur.<\/p><p>De m\u00eame, le rapport souligne que l'accord a \u00e9t\u00e9 \u00e9tabli sur la base du fait que \"DEXTER a montr\u00e9 et d\u00e9montr\u00e9 sa capacit\u00e9 \u00e0 r\u00e9pondre aux besoins sp\u00e9cifiques des coop\u00e9ratives d'habitation et que la cr\u00e9ation et l'incorporation de ce type de soci\u00e9t\u00e9 continue de cro\u00eetre\".<\/p><p>Lors de la r\u00e9cente \u00e9dition du SIMA 2024, le vice-pr\u00e9sident de DEXTER, Alfonso Merlos, s'est entretenu en toute d\u00e9contraction avec le pr\u00e9sident de CONCOVI, Juan Casares. Le pr\u00e9sident de la soci\u00e9t\u00e9, Yeidy Ram\u00edrez, a d\u00e9clar\u00e9 : \"Nous sommes fiers que, m\u00eame dans le monde des coop\u00e9ratives de logement, un secteur si sp\u00e9cifique, notre bon travail et notre position de leader en mati\u00e8re de financement alternatif par des capitaux priv\u00e9s soient reconnus. C'est un privil\u00e8ge pour nous de travailler main dans la main avec un acteur institutionnel aussi important que CONCOVI\", a conclu le premier dirigeant de DEXTER.<\/p>\t\t\t\t\t\t\t\t<\/div>\n\t\t\t\t<\/div>\n\t\t\t\t\t<\/div>\n\t\t<\/div>\n\t\t\t\t\t<\/div>\n\t\t<\/section>\n\t\t\t\t<\/div>","protected":false},"excerpt":{"rendered":"<p>\u2018DEXTER\u2019, en el Informe de Gesti\u00f3n 2023 de la Confederaci\u00f3n de Cooperativas de Viviendas de Espa\u00f1a (CONCOVI) La contribuci\u00f3n de DEXTER a la financiaci\u00f3n de vivienda en r\u00e9gimen de cooperativa (autopromoci\u00f3n) ha sido reconocida en el Informe de Gesti\u00f3n que presenta, como balance del \u00faltimo a\u00f1o, la Confedereaci\u00f3n de Cooperativas [&hellip;]<\/p>\n","protected":false},"author":1,"featured_media":11459,"comment_status":"closed","ping_status":"closed","sticky":false,"template":"","format":"standard","meta":{"footnotes":""},"categories":[11],"tags":[],"class_list":["post-11457","post","type-post","status-publish","format-standard","has-post-thumbnail","hentry","category-dexter-global-finance"],"_links":{"self":[{"href":"https:\/\/grupodexter.com\/fr\/wp-json\/wp\/v2\/posts\/11457","targetHints":{"allow":["GET"]}}],"collection":[{"href":"https:\/\/grupodexter.com\/fr\/wp-json\/wp\/v2\/posts"}],"about":[{"href":"https:\/\/grupodexter.com\/fr\/wp-json\/wp\/v2\/types\/post"}],"author":[{"embeddable":true,"href":"https:\/\/grupodexter.com\/fr\/wp-json\/wp\/v2\/users\/1"}],"replies":[{"embeddable":true,"href":"https:\/\/grupodexter.com\/fr\/wp-json\/wp\/v2\/comments?post=11457"}],"version-history":[{"count":0,"href":"https:\/\/grupodexter.com\/fr\/wp-json\/wp\/v2\/posts\/11457\/revisions"}],"wp:featuredmedia":[{"embeddable":true,"href":"https:\/\/grupodexter.com\/fr\/wp-json\/wp\/v2\/media\/11459"}],"wp:attachment":[{"href":"https:\/\/grupodexter.com\/fr\/wp-json\/wp\/v2\/media?parent=11457"}],"wp:term":[{"taxonomy":"category","embeddable":true,"href":"https:\/\/grupodexter.com\/fr\/wp-json\/wp\/v2\/categories?post=11457"},{"taxonomy":"post_tag","embeddable":true,"href":"https:\/\/grupodexter.com\/fr\/wp-json\/wp\/v2\/tags?post=11457"}],"curies":[{"name":"wp","href":"https:\/\/api.w.org\/{rel}","templated":true}]}}