{"id":11463,"date":"2024-05-24T14:25:32","date_gmt":"2024-05-24T12:25:32","guid":{"rendered":"https:\/\/grupodexter.com\/?p=11463"},"modified":"2024-05-24T14:31:17","modified_gmt":"2024-05-24T12:31:17","slug":"dexter-au-sima-2024-programme-de-rencontres-intenses-le-jour-de-louverture","status":"publish","type":"post","link":"https:\/\/grupodexter.com\/fr\/dexter-en-sima-2024-agenda-de-intensas-reuniones-en-la-jornada-de-apertura\/","title":{"rendered":"DEXTER \u00e0 \"SIMA 2024\" : programme de r\u00e9unions intenses le jour de l'ouverture"},"content":{"rendered":"<div data-elementor-type=\"wp-post\" data-elementor-id=\"11463\" class=\"elementor elementor-11463\" data-elementor-post-type=\"post\">\n\t\t\t\t\t\t<section class=\"elementor-section elementor-top-section elementor-element elementor-element-8cacad2 elementor-section-boxed elementor-section-height-default elementor-section-height-default\" data-id=\"8cacad2\" data-element_type=\"section\" data-e-type=\"section\">\n\t\t\t\t\t\t<div class=\"elementor-container elementor-column-gap-default\">\n\t\t\t\t\t<div class=\"elementor-column elementor-col-100 elementor-top-column elementor-element elementor-element-7b804f02\" data-id=\"7b804f02\" data-element_type=\"column\" data-e-type=\"column\">\n\t\t\t<div class=\"elementor-widget-wrap elementor-element-populated\">\n\t\t\t\t\t\t<div class=\"elementor-element elementor-element-6144496 elementor-widget elementor-widget-country-flag\" data-id=\"6144496\" data-element_type=\"widget\" data-e-type=\"widget\" data-widget_type=\"country-flag.default\">\n\t\t\t\t<div class=\"elementor-widget-container\">\n\t\t\t\t\t\t\t<div class=\"cffe-flag-wrapper\">\n\t\t\t<div class=\"cffe-flag\">\n\t\t\t\t<i class=\"flag-icon flag-icon-es\" aria-hidden=\"true\"><\/i>\n\t\t\t<\/div>\n\t\t<\/div>\n\t\t\t\t\t\t<\/div>\n\t\t\t\t<\/div>\n\t\t\t\t<div class=\"elementor-element elementor-element-4d70dbba elementor-widget elementor-widget-heading\" data-id=\"4d70dbba\" data-element_type=\"widget\" data-e-type=\"widget\" data-widget_type=\"heading.default\">\n\t\t\t\t<div class=\"elementor-widget-container\">\n\t\t\t\t\t<h2 class=\"elementor-heading-title elementor-size-default\">DEXTER \u00e0 \"SIMA 2024\" : programme de r\u00e9unions intenses le jour de l'ouverture<\/h2>\t\t\t\t<\/div>\n\t\t\t\t<\/div>\n\t\t\t\t<div class=\"elementor-element elementor-element-4e774e6 elementor-widget elementor-widget-text-editor\" data-id=\"4e774e6\" data-element_type=\"widget\" data-e-type=\"widget\" data-widget_type=\"text-editor.default\">\n\t\t\t\t<div class=\"elementor-widget-container\">\n\t\t\t\t\t\t\t\t\t<p>DEXTER n'a pas manqu\u00e9 son rendez-vous annuel et sa r\u00e9f\u00e9rence avec le Salon de l'immobilier de Madrid, SIMA, qui, dans cette \u00e9dition 2024, a ouvert ses portes avec une offre qui d\u00e9passe les 17 000 logements \u00e0 vendre, dont la moiti\u00e9 dans la Communaut\u00e9 de Madrid, plus de 300 exposants et 17 pays repr\u00e9sent\u00e9s.<\/p><p>La d\u00e9l\u00e9gation, compos\u00e9e du vice-pr\u00e9sident de la soci\u00e9t\u00e9, Alfonso Merlos, de la directrice commerciale, Victoria Valle, et du directeur du marketing, Antonio Ponce, a tenu d'intenses r\u00e9unions tout au long de la journ\u00e9e avec des clients, des collaborateurs et des interm\u00e9diaires, ainsi qu'avec des op\u00e9rateurs tels que des \u00e9valuateurs et des agences immobili\u00e8res, qui sont les points d'entr\u00e9e habituels pour les op\u00e9rations de DEXTER.<\/p><p>Une r\u00e9union de travail a \u00e9galement eu lieu avec la Conf\u00e9d\u00e9ration espagnole des coop\u00e9ratives de logement CONCOVI (avec son pr\u00e9sident Juan Casares), avec laquelle un accord de collaboration fructueux est maintenu ; et avec la pr\u00e9sidente de COWORD, Araceli Mart\u00edn Navarro, dans la mesure o\u00f9 DEXTER facilite \u00e9galement l'acc\u00e8s au financement pour les nouveaux mod\u00e8les de flex-living : cohousing ou coliving.<\/p><p>Le vice-pr\u00e9sident de la soci\u00e9t\u00e9, Alfonso Merlos, a soulign\u00e9 que \"bien que DEXTER facilite l'acc\u00e8s au financement pour tous les secteurs productifs, pour les entreprises dans un large \u00e9ventail de domaines, le financement immobilier est notre produit phare : pr\u00eats pour l'achat de terrains, pour l'achat d'actifs, pr\u00eats aux promoteurs et, sans aucun doute, pr\u00eats-relais avec garanties hypoth\u00e9caires. Notre pr\u00e9sence au SIMA, cette ann\u00e9e encore, est tout \u00e0 fait logique et nous en tirons le meilleur parti\", a conclu M. Merlos.<\/p>\t\t\t\t\t\t\t\t<\/div>\n\t\t\t\t<\/div>\n\t\t\t\t<div class=\"elementor-element elementor-element-73e31fd elementor-widget-divider--view-line_icon elementor-view-framed elementor-widget-divider--element-align-center elementor-widget elementor-widget-divider\" data-id=\"73e31fd\" data-element_type=\"widget\" data-e-type=\"widget\" data-widget_type=\"divider.default\">\n\t\t\t\t<div class=\"elementor-widget-container\">\n\t\t\t\t\t\t\t<div class=\"elementor-divider\">\n\t\t\t<span class=\"elementor-divider-separator\">\n\t\t\t\t\t\t\t<div class=\"elementor-icon elementor-divider__element\">\n\t\t\t\t\t<i aria-hidden=\"true\" class=\"fas fa-star\"><\/i><\/div>\n\t\t\t\t\t\t<\/span>\n\t\t<\/div>\n\t\t\t\t\t\t<\/div>\n\t\t\t\t<\/div>\n\t\t\t\t<div class=\"elementor-element elementor-element-268aecf elementor-widget elementor-widget-country-flag\" data-id=\"268aecf\" data-element_type=\"widget\" data-e-type=\"widget\" data-widget_type=\"country-flag.default\">\n\t\t\t\t<div class=\"elementor-widget-container\">\n\t\t\t\t\t\t\t<div class=\"cffe-flag-wrapper\">\n\t\t\t<div class=\"cffe-flag\">\n\t\t\t\t<i class=\"flag-icon flag-icon-gb\" aria-hidden=\"true\"><\/i>\n\t\t\t<\/div>\n\t\t<\/div>\n\t\t\t\t\t\t<\/div>\n\t\t\t\t<\/div>\n\t\t\t\t<div class=\"elementor-element elementor-element-a1d9538 elementor-widget elementor-widget-heading\" data-id=\"a1d9538\" data-element_type=\"widget\" data-e-type=\"widget\" data-widget_type=\"heading.default\">\n\t\t\t\t<div class=\"elementor-widget-container\">\n\t\t\t\t\t<h2 class=\"elementor-heading-title elementor-size-default\">DEXTER \u00e0 \"SIMA 2024\" : programme de r\u00e9unions intenses le jour de l'ouverture<\/h2>\t\t\t\t<\/div>\n\t\t\t\t<\/div>\n\t\t\t\t<div class=\"elementor-element elementor-element-d269c60 elementor-widget elementor-widget-text-editor\" data-id=\"d269c60\" data-element_type=\"widget\" data-e-type=\"widget\" data-widget_type=\"text-editor.default\">\n\t\t\t\t<div class=\"elementor-widget-container\">\n\t\t\t\t\t\t\t\t\t<p>DEXTER n'a pas manqu\u00e9 son rendez-vous annuel avec le Salon de l'immobilier de Madrid, SIMA, qui, dans cette \u00e9dition 2024, a ouvert ses portes avec une offre qui d\u00e9passe les 17 000 logements \u00e0 vendre, dont la moiti\u00e9 dans la Communaut\u00e9 de Madrid, plus de 300 exposants et 17 pays repr\u00e9sent\u00e9s.<\/p><p>La d\u00e9l\u00e9gation, compos\u00e9e du vice-pr\u00e9sident de la soci\u00e9t\u00e9, Alfonso Merlos, de la directrice commerciale, Victoria Valle, et du directeur du marketing, Antonio Ponce, a tenu d'intenses r\u00e9unions tout au long de la journ\u00e9e avec des clients, des collaborateurs et des interm\u00e9diaires, ainsi qu'avec des op\u00e9rateurs tels que des \u00e9valuateurs et des agences immobili\u00e8res, qui sont les points d'entr\u00e9e habituels pour les op\u00e9rations de DEXTER.<\/p><p>De m\u00eame, une r\u00e9union de travail a \u00e9t\u00e9 organis\u00e9e avec la Conf\u00e9d\u00e9ration des coop\u00e9ratives de logement d'Espagne CONCOVI (avec son pr\u00e9sident Juan Casares), avec laquelle un accord de collaboration fructueux est maintenu ; et avec la pr\u00e9sidente de COWORD, Araceli Mart\u00edn Navarro, dans la mesure o\u00f9 DEXTER facilite \u00e9galement l'acc\u00e8s au financement pour les nouveaux mod\u00e8les de flex-living : cohousing ou coliving.<\/p><p>Le vice-pr\u00e9sident de la soci\u00e9t\u00e9, Alfonso Merlos, a pr\u00e9cis\u00e9ment soulign\u00e9 que \"bien que DEXTER facilite l'acc\u00e8s au financement pour tous les secteurs productifs, pour les entreprises orient\u00e9es vers les domaines les plus divers, le financement immobilier est notre produit phare : pr\u00eats pour l'achat de terrains, pour l'achat d'actifs, pr\u00eats aux promoteurs et, sans aucun doute, pr\u00eats-relais avec garanties hypoth\u00e9caires. Notre pr\u00e9sence au SIMA, cette ann\u00e9e encore, est tout \u00e0 fait logique et nous la mettons \u00e0 profit\", a conclu M. Merlos.<\/p>\t\t\t\t\t\t\t\t<\/div>\n\t\t\t\t<\/div>\n\t\t\t\t\t<\/div>\n\t\t<\/div>\n\t\t\t\t\t<\/div>\n\t\t<\/section>\n\t\t\t\t<\/div>","protected":false},"excerpt":{"rendered":"<p>DEXTER en \u2018SIMA 2024\u2019: agenda de intensas reuniones en la jornada de apertura DEXTER no ha faltado a su cita anual y de referencia con el Sal\u00f3n Inmobiliario de Madrid, SIMA, que en esta edici\u00f3n 2024 ha abierto sus puertas con una oferta que supera las 17.000 viviendas a la [&hellip;]<\/p>\n","protected":false},"author":1,"featured_media":11465,"comment_status":"closed","ping_status":"closed","sticky":false,"template":"","format":"standard","meta":{"footnotes":""},"categories":[11],"tags":[],"class_list":["post-11463","post","type-post","status-publish","format-standard","has-post-thumbnail","hentry","category-dexter-global-finance"],"_links":{"self":[{"href":"https:\/\/grupodexter.com\/fr\/wp-json\/wp\/v2\/posts\/11463","targetHints":{"allow":["GET"]}}],"collection":[{"href":"https:\/\/grupodexter.com\/fr\/wp-json\/wp\/v2\/posts"}],"about":[{"href":"https:\/\/grupodexter.com\/fr\/wp-json\/wp\/v2\/types\/post"}],"author":[{"embeddable":true,"href":"https:\/\/grupodexter.com\/fr\/wp-json\/wp\/v2\/users\/1"}],"replies":[{"embeddable":true,"href":"https:\/\/grupodexter.com\/fr\/wp-json\/wp\/v2\/comments?post=11463"}],"version-history":[{"count":0,"href":"https:\/\/grupodexter.com\/fr\/wp-json\/wp\/v2\/posts\/11463\/revisions"}],"wp:featuredmedia":[{"embeddable":true,"href":"https:\/\/grupodexter.com\/fr\/wp-json\/wp\/v2\/media\/11465"}],"wp:attachment":[{"href":"https:\/\/grupodexter.com\/fr\/wp-json\/wp\/v2\/media?parent=11463"}],"wp:term":[{"taxonomy":"category","embeddable":true,"href":"https:\/\/grupodexter.com\/fr\/wp-json\/wp\/v2\/categories?post=11463"},{"taxonomy":"post_tag","embeddable":true,"href":"https:\/\/grupodexter.com\/fr\/wp-json\/wp\/v2\/tags?post=11463"}],"curies":[{"name":"wp","href":"https:\/\/api.w.org\/{rel}","templated":true}]}}