{"id":11565,"date":"2024-06-13T11:44:53","date_gmt":"2024-06-13T09:44:53","guid":{"rendered":"https:\/\/grupodexter.com\/?p=11565"},"modified":"2024-06-13T11:46:14","modified_gmt":"2024-06-13T09:46:14","slug":"dexter-sigue-contribuyendo-tambien-a-la-financiacion-de-pymes-en-toda-espana","status":"publish","type":"post","link":"https:\/\/grupodexter.com\/fr\/dexter-sigue-contribuyendo-tambien-a-la-financiacion-de-pymes-en-toda-espana\/","title":{"rendered":"DEXTER continue \u00e9galement \u00e0 contribuer au financement des PME dans toute l'Espagne."},"content":{"rendered":"<div data-elementor-type=\"wp-post\" data-elementor-id=\"11565\" class=\"elementor elementor-11565\" data-elementor-post-type=\"post\">\n\t\t\t\t\t\t<section class=\"elementor-section elementor-top-section elementor-element elementor-element-8cacad2 elementor-section-boxed elementor-section-height-default elementor-section-height-default\" data-id=\"8cacad2\" data-element_type=\"section\" data-e-type=\"section\">\n\t\t\t\t\t\t<div class=\"elementor-container elementor-column-gap-default\">\n\t\t\t\t\t<div class=\"elementor-column elementor-col-100 elementor-top-column elementor-element elementor-element-7b804f02\" data-id=\"7b804f02\" data-element_type=\"column\" data-e-type=\"column\">\n\t\t\t<div class=\"elementor-widget-wrap elementor-element-populated\">\n\t\t\t\t\t\t<div class=\"elementor-element elementor-element-6144496 elementor-widget elementor-widget-country-flag\" data-id=\"6144496\" data-element_type=\"widget\" data-e-type=\"widget\" data-widget_type=\"country-flag.default\">\n\t\t\t\t<div class=\"elementor-widget-container\">\n\t\t\t\t\t\t\t<div class=\"cffe-flag-wrapper\">\n\t\t\t<div class=\"cffe-flag\">\n\t\t\t\t<i class=\"flag-icon flag-icon-es\" aria-hidden=\"true\"><\/i>\n\t\t\t<\/div>\n\t\t<\/div>\n\t\t\t\t\t\t<\/div>\n\t\t\t\t<\/div>\n\t\t\t\t<div class=\"elementor-element elementor-element-4d70dbba elementor-widget elementor-widget-heading\" data-id=\"4d70dbba\" data-element_type=\"widget\" data-e-type=\"widget\" data-widget_type=\"heading.default\">\n\t\t\t\t<div class=\"elementor-widget-container\">\n\t\t\t\t\t<h2 class=\"elementor-heading-title elementor-size-default\">DEXTER continue \u00e9galement \u00e0 contribuer au financement des PME dans toute l'Espagne.<\/h2>\t\t\t\t<\/div>\n\t\t\t\t<\/div>\n\t\t\t\t<div class=\"elementor-element elementor-element-4e774e6 elementor-widget elementor-widget-text-editor\" data-id=\"4e774e6\" data-element_type=\"widget\" data-e-type=\"widget\" data-widget_type=\"text-editor.default\">\n\t\t\t\t<div class=\"elementor-widget-container\">\n\t\t\t\t\t\t\t\t\t<p>La province de Malaga compte \u00e0 elle seule 57 000 PME, ce qui en fait la province andalouse qui compte le plus grand nombre d'entreprises. En 2023, elle a atteint un nouveau record, enregistrant exactement 57 492 entreprises inscrites \u00e0 la S\u00e9curit\u00e9 sociale, ce qui repr\u00e9sente une augmentation de 1 156 au cours des 12 derniers mois, soit pr\u00e8s d'une centaine de nouvelles organisations par mois. Ce chiffre est le plus \u00e9lev\u00e9 jamais enregistr\u00e9 au mois de d\u00e9cembre, d\u00e9passant m\u00eame celui de d\u00e9cembre 2019, juste avant la pand\u00e9mie.<\/p><p>\u00c9picentre de l'innovation et du d\u00e9veloppement, Malaga dispose d'une infrastructure avanc\u00e9e et d'un solide r\u00e9seau de soutien aux entreprises. En fait, le tissu productif de Malaga se caract\u00e9rise par la pr\u00e9dominance des PME, qui repr\u00e9sentent 85% du total. L'h\u00f4tellerie, les transports, la construction et l'immobilier sont les segments qui connaissent la croissance la plus rapide.<\/p><p>Ce n'est pas un hasard si DEXTER a opt\u00e9 ces derniers mois, pr\u00e9cis\u00e9ment pour stimuler cet important secteur d'activit\u00e9, pour le financement des PME, avec des pr\u00eats allant de 300 000 euros \u00e0 un million d'euros, en dessous de ce qui \u00e9tait le ticket financier habituel de l'entreprise et qu'elle continue \u00e0 maintenir comme le plus dominant et le plus demand\u00e9 (de 1M \u00e0 150M d'euros en une seule op\u00e9ration).<\/p><p>Le pr\u00e9sident de la soci\u00e9t\u00e9, Yeidy Ram\u00edrez, insiste sur le fait que \"dans ce groupe d'entrepreneurs, nous recherchons \u00e9galement ce qui nous a toujours distingu\u00e9s en tant qu'entreprise : travailler avec le client avec un maximum de professionnalisme, de transparence, de s\u00e9curit\u00e9 et, bien s\u00fbr, de proximit\u00e9 et de sp\u00e9cialisation\".<\/p><p>Bien que cette ligne de pr\u00eats \u00e0 partir de 300 000 euros soit propos\u00e9e \u00e0 toutes les entreprises, quel que soit leur secteur, la majorit\u00e9 des demandeurs sont ceux qui op\u00e8rent dans le secteur immobilier, car les pr\u00eats avec garantie hypoth\u00e9caire sont plus souples et plus rapides \u00e0 approuver en termes de viabilit\u00e9.<\/p>\t\t\t\t\t\t\t\t<\/div>\n\t\t\t\t<\/div>\n\t\t\t\t<div class=\"elementor-element elementor-element-73e31fd elementor-widget-divider--view-line_icon elementor-view-framed elementor-widget-divider--element-align-center elementor-widget elementor-widget-divider\" data-id=\"73e31fd\" data-element_type=\"widget\" data-e-type=\"widget\" data-widget_type=\"divider.default\">\n\t\t\t\t<div class=\"elementor-widget-container\">\n\t\t\t\t\t\t\t<div class=\"elementor-divider\">\n\t\t\t<span class=\"elementor-divider-separator\">\n\t\t\t\t\t\t\t<div class=\"elementor-icon elementor-divider__element\">\n\t\t\t\t\t<i aria-hidden=\"true\" class=\"fas fa-star\"><\/i><\/div>\n\t\t\t\t\t\t<\/span>\n\t\t<\/div>\n\t\t\t\t\t\t<\/div>\n\t\t\t\t<\/div>\n\t\t\t\t<div class=\"elementor-element elementor-element-268aecf elementor-widget elementor-widget-country-flag\" data-id=\"268aecf\" data-element_type=\"widget\" data-e-type=\"widget\" data-widget_type=\"country-flag.default\">\n\t\t\t\t<div class=\"elementor-widget-container\">\n\t\t\t\t\t\t\t<div class=\"cffe-flag-wrapper\">\n\t\t\t<div class=\"cffe-flag\">\n\t\t\t\t<i class=\"flag-icon flag-icon-gb\" aria-hidden=\"true\"><\/i>\n\t\t\t<\/div>\n\t\t<\/div>\n\t\t\t\t\t\t<\/div>\n\t\t\t\t<\/div>\n\t\t\t\t<div class=\"elementor-element elementor-element-a1d9538 elementor-widget elementor-widget-heading\" data-id=\"a1d9538\" data-element_type=\"widget\" data-e-type=\"widget\" data-widget_type=\"heading.default\">\n\t\t\t\t<div class=\"elementor-widget-container\">\n\t\t\t\t\t<h2 class=\"elementor-heading-title elementor-size-default\">DEXTER continue \u00e9galement \u00e0 contribuer au financement des PME dans toute l'Espagne.<\/h2>\t\t\t\t<\/div>\n\t\t\t\t<\/div>\n\t\t\t\t<div class=\"elementor-element elementor-element-d269c60 elementor-widget elementor-widget-text-editor\" data-id=\"d269c60\" data-element_type=\"widget\" data-e-type=\"widget\" data-widget_type=\"text-editor.default\">\n\t\t\t\t<div class=\"elementor-widget-container\">\n\t\t\t\t\t\t\t\t\t<p>La province de Malaga compte \u00e0 elle seule 57 000 PME, ce qui en fait la province andalouse qui compte le plus grand nombre d'entreprises. En 2023, elle a atteint un nouveau record, avec 57 492 entreprises inscrites \u00e0 la S\u00e9curit\u00e9 sociale, soit une augmentation de 1 156 au cours des 12 derniers mois, c'est-\u00e0-dire pr\u00e8s d'une centaine de nouvelles organisations par mois. Ce chiffre est le plus \u00e9lev\u00e9 jamais enregistr\u00e9 pour un mois de d\u00e9cembre, d\u00e9passant m\u00eame celui de d\u00e9cembre 2019, juste avant la pand\u00e9mie.<\/p><p>\u00c9picentre de l'innovation et du d\u00e9veloppement, Malaga dispose d'une infrastructure avanc\u00e9e et d'un solide r\u00e9seau de soutien aux entreprises. En fait, le tissu productif de Malaga se caract\u00e9rise par la pr\u00e9dominance des PME, qui repr\u00e9sentent 85% du total. L'h\u00f4tellerie, les transports, la construction et l'immobilier sont les segments qui connaissent la croissance la plus rapide.<\/p><p>Ce n'est pas un hasard si, au cours des derniers mois, DEXTER a opt\u00e9 pour le financement des PME, avec des pr\u00eats allant de 300 000 euros \u00e0 un million d'euros, en de\u00e7\u00e0 du ticket financier habituel de l'entreprise, qu'elle continue de maintenir comme dominant et le plus demand\u00e9 (de 1M \u00e0 150M d'euros en une seule op\u00e9ration), pr\u00e9cis\u00e9ment pour stimuler cet important secteur d'activit\u00e9.<\/p><p>Le pr\u00e9sident de la soci\u00e9t\u00e9, Yeidy Ram\u00edrez, insiste sur le fait que \"dans cette gamme d'entrepreneurs, nous recherchons \u00e9galement ce qui nous a toujours distingu\u00e9s en tant qu'entreprise : travailler avec le client avec un maximum de professionnalisme, de transparence, de s\u00e9curit\u00e9 et, bien s\u00fbr, de proximit\u00e9 et de sp\u00e9cialisation\".<\/p><p>Bien que cette ligne de pr\u00eats \u00e0 partir de 300 000 euros soit propos\u00e9e \u00e0 toutes les entreprises, quel que soit leur secteur, la majorit\u00e9 des demandeurs sont ceux qui op\u00e8rent dans le secteur immobilier, car les pr\u00eats avec garantie hypoth\u00e9caire sont plus souples et plus rapides \u00e0 approuver en termes de viabilit\u00e9.<\/p>\t\t\t\t\t\t\t\t<\/div>\n\t\t\t\t<\/div>\n\t\t\t\t\t<\/div>\n\t\t<\/div>\n\t\t\t\t\t<\/div>\n\t\t<\/section>\n\t\t\t\t<\/div>","protected":false},"excerpt":{"rendered":"<p>DEXTER sigue contribuyendo, tambi\u00e9n, a la financiaci\u00f3n de pymes en toda Espa\u00f1a Solamente en la provincia de M\u00e1laga hay 57.000 pymes, de ah\u00ed que se haya consolidado como la provincia andaluza con mayor n\u00famero de empresas. En 2023, alcanz\u00f3 un nuevo r\u00e9cord, contabilizando exactamente 57.492 compa\u00f1\u00edas dadas de alta en [&hellip;]<\/p>\n","protected":false},"author":1,"featured_media":11567,"comment_status":"closed","ping_status":"closed","sticky":false,"template":"","format":"standard","meta":{"footnotes":""},"categories":[11],"tags":[],"class_list":["post-11565","post","type-post","status-publish","format-standard","has-post-thumbnail","hentry","category-dexter-global-finance"],"_links":{"self":[{"href":"https:\/\/grupodexter.com\/fr\/wp-json\/wp\/v2\/posts\/11565","targetHints":{"allow":["GET"]}}],"collection":[{"href":"https:\/\/grupodexter.com\/fr\/wp-json\/wp\/v2\/posts"}],"about":[{"href":"https:\/\/grupodexter.com\/fr\/wp-json\/wp\/v2\/types\/post"}],"author":[{"embeddable":true,"href":"https:\/\/grupodexter.com\/fr\/wp-json\/wp\/v2\/users\/1"}],"replies":[{"embeddable":true,"href":"https:\/\/grupodexter.com\/fr\/wp-json\/wp\/v2\/comments?post=11565"}],"version-history":[{"count":0,"href":"https:\/\/grupodexter.com\/fr\/wp-json\/wp\/v2\/posts\/11565\/revisions"}],"wp:featuredmedia":[{"embeddable":true,"href":"https:\/\/grupodexter.com\/fr\/wp-json\/wp\/v2\/media\/11567"}],"wp:attachment":[{"href":"https:\/\/grupodexter.com\/fr\/wp-json\/wp\/v2\/media?parent=11565"}],"wp:term":[{"taxonomy":"category","embeddable":true,"href":"https:\/\/grupodexter.com\/fr\/wp-json\/wp\/v2\/categories?post=11565"},{"taxonomy":"post_tag","embeddable":true,"href":"https:\/\/grupodexter.com\/fr\/wp-json\/wp\/v2\/tags?post=11565"}],"curies":[{"name":"wp","href":"https:\/\/api.w.org\/{rel}","templated":true}]}}