{"id":13745,"date":"2024-11-03T12:13:47","date_gmt":"2024-11-03T11:13:47","guid":{"rendered":"https:\/\/grupodexter.com\/?p=13745"},"modified":"2025-04-30T11:58:00","modified_gmt":"2025-04-30T09:58:00","slug":"le-financement-alternatif-stimule-le-marche-des-residences-secondaires","status":"publish","type":"post","link":"https:\/\/grupodexter.com\/fr\/la-financiacion-alternativa-anima-el-mercado-de-segundasresidencias\/","title":{"rendered":"Le financement alternatif stimule le march\u00e9 des r\u00e9sidences secondaires"},"content":{"rendered":"<div data-elementor-type=\"wp-post\" data-elementor-id=\"13745\" class=\"elementor elementor-13745\" data-elementor-post-type=\"post\">\n\t\t\t\t\t\t<section class=\"elementor-section elementor-top-section elementor-element elementor-element-28af3eb elementor-section-boxed elementor-section-height-default elementor-section-height-default\" data-id=\"28af3eb\" data-element_type=\"section\" data-e-type=\"section\">\n\t\t\t\t\t\t<div class=\"elementor-container elementor-column-gap-default\">\n\t\t\t\t\t<div class=\"elementor-column elementor-col-100 elementor-top-column elementor-element elementor-element-ea70cbe\" data-id=\"ea70cbe\" data-element_type=\"column\" data-e-type=\"column\">\n\t\t\t<div class=\"elementor-widget-wrap elementor-element-populated\">\n\t\t\t\t\t\t<div class=\"elementor-element elementor-element-bf9d84e elementor-widget elementor-widget-heading\" data-id=\"bf9d84e\" data-element_type=\"widget\" data-e-type=\"widget\" data-widget_type=\"heading.default\">\n\t\t\t\t<div class=\"elementor-widget-container\">\n\t\t\t\t\t<h2 class=\"elementor-heading-title elementor-size-default\">Le financement alternatif stimule le march\u00e9 des r\u00e9sidences secondaires<\/h2>\t\t\t\t<\/div>\n\t\t\t\t<\/div>\n\t\t\t\t<div class=\"elementor-element elementor-element-ab89d06 elementor-widget elementor-widget-text-editor\" data-id=\"ab89d06\" data-element_type=\"widget\" data-e-type=\"widget\" data-widget_type=\"text-editor.default\">\n\t\t\t\t<div class=\"elementor-widget-container\">\n\t\t\t\t\t\t\t\t\t<p>Pr\u00e8s de trois millions d'Espagnols poss\u00e8dent une r\u00e9sidence secondaire, ce qui fait de l'Espagne le premier pays europ\u00e9en sur ce march\u00e9, ce qui constitue un avantage concurrentiel en termes de rentabilit\u00e9 et de stabilit\u00e9 pour les acheteurs et les investisseurs int\u00e9ress\u00e9s par ce segment.<\/p>\n<p>Cette position de leader met en \u00e9vidence l'attrait de l'Espagne en tant que destination, non seulement en raison de sa situation g\u00e9ographique et de son climat, par exemple, mais aussi en raison de la capacit\u00e9 du march\u00e9 immobilier \u00e0 s'adapter aux nouveaux besoins et exigences en mati\u00e8re de logement.<\/p>\n<p>En tant que vice-pr\u00e9sident de <em>DEXTER<\/em>Alfonso Merlos, <em>\"Ce segment continue d'\u00eatre un pari solide pour de nombreux acheteurs en Espagne, qu'ils soient nationaux ou \u00e9trangers. Ils sont parfois \u00e0 la recherche d'un environnement calme pour s'\u00e9vader pendant les p\u00e9riodes de vacances, d'autres fois d'une opportunit\u00e9 d'investissement \u00e0 long terme qui peut servir de source de revenus r\u00e9currents... ce qui est certain, c'est que gr\u00e2ce \u00e0 cette forte demande, il y a des d\u00e9veloppements qui sont constamment en cours, principalement dans les zones c\u00f4ti\u00e8res\".<\/em>.<\/p>\n<p>En outre, le deuxi\u00e8me dirigeant de l'entreprise ajoute que <em>\"L'un des grands avantages pour les promoteurs d'opter pour un financement alternatif avec des fonds de capital-investissement est que, lorsqu'il existe une force commerciale, nous avons la capacit\u00e9 de financer des projets d\u00e8s la premi\u00e8re minute, sans pr\u00e9vente, sans r\u00e9servation de la part des acheteurs\".<\/em>Merlos ajoute.<\/p>\n<p>\u00a0Dans le contexte actuel, la tendance \u00e0 \u00e9tendre l'utilisation de ces biens et \u00e0 maximiser leur rentabilit\u00e9 en cas de location s'est encore accentu\u00e9e, augmentant constamment la valeur de ces biens.<\/p>\t\t\t\t\t\t\t\t<\/div>\n\t\t\t\t<\/div>\n\t\t\t\t\t<\/div>\n\t\t<\/div>\n\t\t\t\t\t<\/div>\n\t\t<\/section>\n\t\t\t\t<\/div>","protected":false},"excerpt":{"rendered":"<p>La financiaci\u00f3n alternativa anima el mercado de segundas residencias Casi tres millones de espa\u00f1oles poseen una segunda residencia, y esto hace que nuestro pa\u00eds se sit\u00fae a la cabeza de este mercado en Europa, lo que supone una ventaja competitiva en t\u00e9rminos de rentabilidad y estabilidad para los compradores e [&hellip;]<\/p>\n","protected":false},"author":1,"featured_media":13746,"comment_status":"closed","ping_status":"closed","sticky":false,"template":"","format":"standard","meta":{"footnotes":""},"categories":[11],"tags":[],"class_list":["post-13745","post","type-post","status-publish","format-standard","has-post-thumbnail","hentry","category-dexter-global-finance"],"_links":{"self":[{"href":"https:\/\/grupodexter.com\/fr\/wp-json\/wp\/v2\/posts\/13745","targetHints":{"allow":["GET"]}}],"collection":[{"href":"https:\/\/grupodexter.com\/fr\/wp-json\/wp\/v2\/posts"}],"about":[{"href":"https:\/\/grupodexter.com\/fr\/wp-json\/wp\/v2\/types\/post"}],"author":[{"embeddable":true,"href":"https:\/\/grupodexter.com\/fr\/wp-json\/wp\/v2\/users\/1"}],"replies":[{"embeddable":true,"href":"https:\/\/grupodexter.com\/fr\/wp-json\/wp\/v2\/comments?post=13745"}],"version-history":[{"count":5,"href":"https:\/\/grupodexter.com\/fr\/wp-json\/wp\/v2\/posts\/13745\/revisions"}],"predecessor-version":[{"id":14014,"href":"https:\/\/grupodexter.com\/fr\/wp-json\/wp\/v2\/posts\/13745\/revisions\/14014"}],"wp:featuredmedia":[{"embeddable":true,"href":"https:\/\/grupodexter.com\/fr\/wp-json\/wp\/v2\/media\/13746"}],"wp:attachment":[{"href":"https:\/\/grupodexter.com\/fr\/wp-json\/wp\/v2\/media?parent=13745"}],"wp:term":[{"taxonomy":"category","embeddable":true,"href":"https:\/\/grupodexter.com\/fr\/wp-json\/wp\/v2\/categories?post=13745"},{"taxonomy":"post_tag","embeddable":true,"href":"https:\/\/grupodexter.com\/fr\/wp-json\/wp\/v2\/tags?post=13745"}],"curies":[{"name":"wp","href":"https:\/\/api.w.org\/{rel}","templated":true}]}}