{"id":13802,"date":"2025-02-15T16:20:29","date_gmt":"2025-02-15T15:20:29","guid":{"rendered":"https:\/\/grupodexter.com\/?p=13802"},"modified":"2025-04-29T13:55:53","modified_gmt":"2025-04-29T11:55:53","slug":"madrid-y-el-inmobiliario-de-lujo-un-binomio-impulsado-por-el-capital-privado","status":"publish","type":"post","link":"https:\/\/grupodexter.com\/fr\/madrid-y-el-inmobiliario-de-lujo-un-binomio-impulsado-por-el-capital-privado\/","title":{"rendered":"Madrid et l'immobilier de luxe : un duo port\u00e9 par les capitaux priv\u00e9s"},"content":{"rendered":"<div data-elementor-type=\"wp-post\" data-elementor-id=\"13802\" class=\"elementor elementor-13802\" data-elementor-post-type=\"post\">\n\t\t\t\t\t\t<section class=\"elementor-section elementor-top-section elementor-element elementor-element-28af3eb elementor-section-boxed elementor-section-height-default elementor-section-height-default\" data-id=\"28af3eb\" data-element_type=\"section\" data-e-type=\"section\">\n\t\t\t\t\t\t<div class=\"elementor-container elementor-column-gap-default\">\n\t\t\t\t\t<div class=\"elementor-column elementor-col-100 elementor-top-column elementor-element elementor-element-ea70cbe\" data-id=\"ea70cbe\" data-element_type=\"column\" data-e-type=\"column\">\n\t\t\t<div class=\"elementor-widget-wrap elementor-element-populated\">\n\t\t\t\t\t\t<div class=\"elementor-element elementor-element-bf9d84e elementor-widget elementor-widget-heading\" data-id=\"bf9d84e\" data-element_type=\"widget\" data-e-type=\"widget\" data-widget_type=\"heading.default\">\n\t\t\t\t<div class=\"elementor-widget-container\">\n\t\t\t\t\t<h2 class=\"elementor-heading-title elementor-size-default\">Madrid et l'immobilier de luxe : un duo port\u00e9 par les capitaux priv\u00e9s<\/h2>\t\t\t\t<\/div>\n\t\t\t\t<\/div>\n\t\t\t\t<div class=\"elementor-element elementor-element-ab89d06 elementor-widget__width-initial elementor-widget elementor-widget-text-editor\" data-id=\"ab89d06\" data-element_type=\"widget\" data-e-type=\"widget\" data-widget_type=\"text-editor.default\">\n\t\t\t\t<div class=\"elementor-widget-container\">\n\t\t\t\t\t\t\t\t\t<p>Es un hecho incontrovertible. Madrid se posiciona como la segunda ciudad europea m\u00e1s atractiva para invertir en el sector inmobiliario, seg\u00fan el ranking elaborado por PwC y Urban Land Institute (ULI). Este reconocimiento refuerza la tendencia de crecimiento que ha experimentado la capital espa\u00f1ola en el segmento de lujo, donde el precio por metro cuadrado ha alcanzado los 25.000 euros en algunas promociones exclusivas.<\/p><p>Los expertos entienden que el mercado madrile\u00f1o continuar\u00e1 al alza en 2025, impulsado por compradores internacionales, en su mayor\u00eda procedentes de Latinoam\u00e9rica (M\u00e9xico, Colombia, Venezuela) y Estados Unidos. Zonas emblem\u00e1ticas como Salamanca y Chamber\u00ed concentran el inter\u00e9s de estas grandes fortunas, quienes valoran la calidad de los acabados, las \u2018amenities\u2019 exclusivas y la seguridad jur\u00eddica que ofrece la ciudad y la Comunidad.<\/p><p>De acuerdo con el perfil de los inversores extranjeros, muchos utilizan estas propiedades como primera residencia temporal o como vivienda para sus hijos que estudian en Espa\u00f1a, con tickets que se sit\u00faan en torno a los 2,5 millones de euros, cifra que duplica la inversi\u00f3n media de los nacionales.<\/p><p><em>DEXTER<\/em> viene durante m\u00e1s de cinco a\u00f1os aportando capital privado, en t\u00e9rminos financieros, y vehiculado a trav\u00e9s de pr\u00e9stamos-puente con garant\u00eda hipotecaria en un porcentaje muy alto de los casos. <em>\u201cEsos clientes extranjeros pueden contar con patrimonio fuera de Espa\u00f1a pero aqu\u00ed, en nuestro pa\u00eds, no siempre les resulta f\u00e1cil y \u00e1gil la operativa bancaria, por lo que desde los fondos de inversi\u00f3n, y a trav\u00e9s de fondos deuda, se les aporta una liquidez puntual, para 12 o 24 meses, a sabiendas de que estos empresarios tienen una capacidad sobrada para la amortizaci\u00f3n\u201d<\/em>, apunta Alfonso Merlos, vicepresidente de la compa\u00f1\u00eda.<\/p><p>Los rasgos intr\u00ednsecos de Madrid, su enfoque siempre innovador y cosmopolita, su atractiva oferta residencial y hotelera, su vibrante vida cultural\u2026 son todos factores que hacen que la capital de Espa\u00f1a siga atrayendo capital extranjero. En tiempo presente y a futuro.<\/p>\t\t\t\t\t\t\t\t<\/div>\n\t\t\t\t<\/div>\n\t\t\t\t\t<\/div>\n\t\t<\/div>\n\t\t\t\t\t<\/div>\n\t\t<\/section>\n\t\t\t\t<\/div>","protected":false},"excerpt":{"rendered":"<p>Madrid y el inmobiliario de lujo: un binomio impulsado por el capital privado Es un hecho incontrovertible. Madrid se posiciona como la segunda ciudad europea m\u00e1s atractiva para invertir en el sector inmobiliario, seg\u00fan el ranking elaborado por PwC y Urban Land Institute (ULI). Este reconocimiento refuerza la tendencia de [&hellip;]<\/p>\n","protected":false},"author":1,"featured_media":13804,"comment_status":"closed","ping_status":"closed","sticky":false,"template":"","format":"standard","meta":{"footnotes":""},"categories":[11],"tags":[],"class_list":["post-13802","post","type-post","status-publish","format-standard","has-post-thumbnail","hentry","category-dexter-global-finance"],"_links":{"self":[{"href":"https:\/\/grupodexter.com\/fr\/wp-json\/wp\/v2\/posts\/13802","targetHints":{"allow":["GET"]}}],"collection":[{"href":"https:\/\/grupodexter.com\/fr\/wp-json\/wp\/v2\/posts"}],"about":[{"href":"https:\/\/grupodexter.com\/fr\/wp-json\/wp\/v2\/types\/post"}],"author":[{"embeddable":true,"href":"https:\/\/grupodexter.com\/fr\/wp-json\/wp\/v2\/users\/1"}],"replies":[{"embeddable":true,"href":"https:\/\/grupodexter.com\/fr\/wp-json\/wp\/v2\/comments?post=13802"}],"version-history":[{"count":4,"href":"https:\/\/grupodexter.com\/fr\/wp-json\/wp\/v2\/posts\/13802\/revisions"}],"predecessor-version":[{"id":13807,"href":"https:\/\/grupodexter.com\/fr\/wp-json\/wp\/v2\/posts\/13802\/revisions\/13807"}],"wp:featuredmedia":[{"embeddable":true,"href":"https:\/\/grupodexter.com\/fr\/wp-json\/wp\/v2\/media\/13804"}],"wp:attachment":[{"href":"https:\/\/grupodexter.com\/fr\/wp-json\/wp\/v2\/media?parent=13802"}],"wp:term":[{"taxonomy":"category","embeddable":true,"href":"https:\/\/grupodexter.com\/fr\/wp-json\/wp\/v2\/categories?post=13802"},{"taxonomy":"post_tag","embeddable":true,"href":"https:\/\/grupodexter.com\/fr\/wp-json\/wp\/v2\/tags?post=13802"}],"curies":[{"name":"wp","href":"https:\/\/api.w.org\/{rel}","templated":true}]}}