{"id":13858,"date":"2025-03-10T13:15:07","date_gmt":"2025-03-10T12:15:07","guid":{"rendered":"https:\/\/grupodexter.com\/?p=13858"},"modified":"2025-04-29T13:01:23","modified_gmt":"2025-04-29T11:01:23","slug":"le-secteur-de-lhabitat-se-developpe-en-espagne-grace-au-financement-alternatif","status":"publish","type":"post","link":"https:\/\/grupodexter.com\/fr\/el-sector-living-crece-en-espana-al-calor-de-la-financiacion-alternativa\/","title":{"rendered":"Le secteur de l'habitat se d\u00e9veloppe en Espagne gr\u00e2ce aux financements alternatifs"},"content":{"rendered":"<div data-elementor-type=\"wp-post\" data-elementor-id=\"13858\" class=\"elementor elementor-13858\" data-elementor-post-type=\"post\">\n\t\t\t\t\t\t<section class=\"elementor-section elementor-top-section elementor-element elementor-element-28af3eb elementor-section-boxed elementor-section-height-default elementor-section-height-default\" data-id=\"28af3eb\" data-element_type=\"section\" data-e-type=\"section\">\n\t\t\t\t\t\t<div class=\"elementor-container elementor-column-gap-default\">\n\t\t\t\t\t<div class=\"elementor-column elementor-col-100 elementor-top-column elementor-element elementor-element-ea70cbe\" data-id=\"ea70cbe\" data-element_type=\"column\" data-e-type=\"column\">\n\t\t\t<div class=\"elementor-widget-wrap elementor-element-populated\">\n\t\t\t\t\t\t<div class=\"elementor-element elementor-element-bf9d84e elementor-widget elementor-widget-heading\" data-id=\"bf9d84e\" data-element_type=\"widget\" data-e-type=\"widget\" data-widget_type=\"heading.default\">\n\t\t\t\t<div class=\"elementor-widget-container\">\n\t\t\t\t\t<h2 class=\"elementor-heading-title elementor-size-default\">Le secteur de l'habitat se d\u00e9veloppe en Espagne gr\u00e2ce aux financements alternatifs<\/h2>\t\t\t\t<\/div>\n\t\t\t\t<\/div>\n\t\t\t\t<div class=\"elementor-element elementor-element-ab89d06 elementor-widget__width-initial elementor-widget elementor-widget-text-editor\" data-id=\"ab89d06\" data-element_type=\"widget\" data-e-type=\"widget\" data-widget_type=\"text-editor.default\">\n\t\t\t\t<div class=\"elementor-widget-container\">\n\t\t\t\t\t\t\t\t\t<p>Le march\u00e9 de l'immobilier en Espagne est en pleine transformation. La fa\u00e7on dont nous vivons, travaillons et \u00e9tudions a radicalement chang\u00e9 ces derni\u00e8res ann\u00e9es, en particulier apr\u00e8s la pand\u00e9mie de COVID, et le secteur de l'immobilier s'adapte \u00e0 ces nouveaux besoins.<\/p><p>Il ne fait aucun doute que l'\"habitat\" est devenu l'un des domaines d'investissement les plus attrayants, en raison d'une demande croissante et d'une offre encore insuffisante et donc insatisfaite. Au-del\u00e0 du traditionnel Build to Sell (BTS), les r\u00e9sidences \u00e9tudiantes et le Flex-Living (un mod\u00e8le de logement qui offre des contrats de location flexibles, meubl\u00e9s et avec services) gagnent en importance.<\/p><p>Cet essor ne peut se comprendre sans le poids des financements alternatifs de type private equity. <em>DEXTER<\/em> a d\u00e9montr\u00e9, promotion apr\u00e8s promotion, la n\u00e9cessit\u00e9 pour un tr\u00e8s grand nombre d'entrepreneurs de lever des capitaux et des dettes pour faire avancer leurs projets, et le \"Living\", loin d'\u00eatre une exception, est l'un des cr\u00e9neaux les plus attractifs.<\/p><p>Comme le souligne \u00e0 juste titre le pr\u00e9sident de l'entreprise, Yeidy Ramirez, <em>\"L'Espagne est confront\u00e9e \u00e0 une p\u00e9nurie structurelle de logements : environ 100 000 unit\u00e9s sont construites chaque ann\u00e9e, alors que la demande d\u00e9passe les 350 000 unit\u00e9s par an. Il est vrai qu'il y a un manque de terrains finalis\u00e9s, ce qui fait monter le prix pour l'acheteur final, mais ces derni\u00e8res ann\u00e9es, il y a \u00e9galement eu un manque de financement de la part des banques traditionnelles, et c'est exactement ce manque, qui s'agrandit de jour en jour, que nous comblons \u00e0 la satisfaction de la classe d'affaires\".<\/em>conclut Ramirez.<\/p><p>L'un des ph\u00e9nom\u00e8nes qui gagne en importance est le \"Flex-Living\", qui combine le meilleur de la location traditionnelle et du logement temporaire, en s'adaptant \u00e0 la demande croissante des professionnels mobiles, des expatri\u00e9s, des \u00e9tudiants de troisi\u00e8me cycle ou des personnes en cours de changement personnel. <em>DEXTER<\/em> participe \u00e0 ces projets en mobilisant des financements pour une dur\u00e9e pouvant aller jusqu'\u00e0 36 mois.<\/p>\t\t\t\t\t\t\t\t<\/div>\n\t\t\t\t<\/div>\n\t\t\t\t\t<\/div>\n\t\t<\/div>\n\t\t\t\t\t<\/div>\n\t\t<\/section>\n\t\t\t\t<\/div>","protected":false},"excerpt":{"rendered":"<p>El sector \u2018living\u2019 crece en Espa\u00f1a al calor de la financiaci\u00f3n alternativa El mercado inmobiliario en Espa\u00f1a est\u00e1 en plena transformaci\u00f3n. La manera en que vivimos, trabajamos y estudiamos ha cambiado radicalmente en los \u00faltimos a\u00f1os, especialmente tras la pandemia de COVID, y el sector inmobiliario se est\u00e1 adaptando a [&hellip;]<\/p>\n","protected":false},"author":1,"featured_media":13860,"comment_status":"closed","ping_status":"closed","sticky":false,"template":"","format":"standard","meta":{"footnotes":""},"categories":[11],"tags":[],"class_list":["post-13858","post","type-post","status-publish","format-standard","has-post-thumbnail","hentry","category-dexter-global-finance"],"_links":{"self":[{"href":"https:\/\/grupodexter.com\/fr\/wp-json\/wp\/v2\/posts\/13858","targetHints":{"allow":["GET"]}}],"collection":[{"href":"https:\/\/grupodexter.com\/fr\/wp-json\/wp\/v2\/posts"}],"about":[{"href":"https:\/\/grupodexter.com\/fr\/wp-json\/wp\/v2\/types\/post"}],"author":[{"embeddable":true,"href":"https:\/\/grupodexter.com\/fr\/wp-json\/wp\/v2\/users\/1"}],"replies":[{"embeddable":true,"href":"https:\/\/grupodexter.com\/fr\/wp-json\/wp\/v2\/comments?post=13858"}],"version-history":[{"count":4,"href":"https:\/\/grupodexter.com\/fr\/wp-json\/wp\/v2\/posts\/13858\/revisions"}],"predecessor-version":[{"id":13863,"href":"https:\/\/grupodexter.com\/fr\/wp-json\/wp\/v2\/posts\/13858\/revisions\/13863"}],"wp:featuredmedia":[{"embeddable":true,"href":"https:\/\/grupodexter.com\/fr\/wp-json\/wp\/v2\/media\/13860"}],"wp:attachment":[{"href":"https:\/\/grupodexter.com\/fr\/wp-json\/wp\/v2\/media?parent=13858"}],"wp:term":[{"taxonomy":"category","embeddable":true,"href":"https:\/\/grupodexter.com\/fr\/wp-json\/wp\/v2\/categories?post=13858"},{"taxonomy":"post_tag","embeddable":true,"href":"https:\/\/grupodexter.com\/fr\/wp-json\/wp\/v2\/tags?post=13858"}],"curies":[{"name":"wp","href":"https:\/\/api.w.org\/{rel}","templated":true}]}}