{"id":14104,"date":"2025-06-25T10:57:55","date_gmt":"2025-06-25T08:57:55","guid":{"rendered":"https:\/\/grupodexter.com\/?p=14104"},"modified":"2025-07-22T18:40:04","modified_gmt":"2025-07-22T16:40:04","slug":"dexter-soutient-la-journee-internationale-de-lentrepreneur-lors-de-sa-celebration-a-madrid","status":"publish","type":"post","link":"https:\/\/grupodexter.com\/fr\/dexter-se-vuelca-con-el-dia-internacional-del-empresario-en-su-celebracion-en-madrid\/","title":{"rendered":"DEXTER c\u00e9l\u00e8bre la \"Journ\u00e9e internationale de l'entrepreneur\" \u00e0 Madrid"},"content":{"rendered":"<div data-elementor-type=\"wp-post\" data-elementor-id=\"14104\" class=\"elementor elementor-14104\" data-elementor-post-type=\"post\">\n\t\t\t\t\t\t<section class=\"elementor-section elementor-top-section elementor-element elementor-element-28af3eb elementor-section-boxed elementor-section-height-default elementor-section-height-default\" data-id=\"28af3eb\" data-element_type=\"section\" data-e-type=\"section\">\n\t\t\t\t\t\t<div class=\"elementor-container elementor-column-gap-default\">\n\t\t\t\t\t<div class=\"elementor-column elementor-col-100 elementor-top-column elementor-element elementor-element-ea70cbe\" data-id=\"ea70cbe\" data-element_type=\"column\" data-e-type=\"column\">\n\t\t\t<div class=\"elementor-widget-wrap elementor-element-populated\">\n\t\t\t\t\t\t<div class=\"elementor-element elementor-element-bf9d84e elementor-widget elementor-widget-heading\" data-id=\"bf9d84e\" data-element_type=\"widget\" data-e-type=\"widget\" data-widget_type=\"heading.default\">\n\t\t\t\t<div class=\"elementor-widget-container\">\n\t\t\t\t\t<h2 class=\"elementor-heading-title elementor-size-default\">DEXTER c\u00e9l\u00e8bre la \"Journ\u00e9e internationale de l'entrepreneur\" \u00e0 Madrid<\/h2>\t\t\t\t<\/div>\n\t\t\t\t<\/div>\n\t\t\t\t<div class=\"elementor-element elementor-element-ab89d06 elementor-widget__width-initial elementor-widget elementor-widget-text-editor\" data-id=\"ab89d06\" data-element_type=\"widget\" data-e-type=\"widget\" data-widget_type=\"text-editor.default\">\n\t\t\t\t<div class=\"elementor-widget-container\">\n\t\t\t\t\t\t\t\t\t<p>Dans le cadre de son engagement continu \u00e0 stimuler les entrepreneurs dans toute l'Espagne, <em>DEXTER<\/em> sera pr\u00e9sente le 27 juin, \u00e0 Madrid, \u00e0 l'occasion de la Journ\u00e9e internationale de l'entrepreneur, lors d'un \u00e9v\u00e9nement organis\u00e9 par l'Association espagnole des amis des entrepreneurs, qui vise \u00e0 institutionnaliser cette date.<\/p><p>\u00a0\u00a0\u00a0\u00a0\u00a0\u00a0\u00a0\u00a0\u00a0\u00a0\u00a0 La pr\u00e9sidente de l'AEAE, Pilar Tall\u00f3n, a soulign\u00e9 que <em>\"Chaque entrepreneur, freelance et chef d'entreprise sait que le chemin vers l'excellence est sem\u00e9 d'emb\u00fbches, de sacrifices et de beaucoup d'apprentissage\".<\/em>C'est pourquoi une journ\u00e9e \u00e9tait n\u00e9cessaire pour reconna\u00eetre les efforts, le d\u00e9vouement et la contribution de ceux qui font tourner l'\u00e9conomie, g\u00e9n\u00e8rent de l'emploi et de l'innovation, et contribuent \u00e0 transformer et \u00e0 am\u00e9liorer la soci\u00e9t\u00e9.<\/p><p>\u00a0\u00a0\u00a0\u00a0\u00a0\u00a0\u00a0\u00a0\u00a0\u00a0\u00a0 Le pr\u00e9sident de la <em>DEXTER<\/em>Yeidy Ram\u00edrez, a d\u00e9clar\u00e9 que <em>\"Il est essentiel de rappeler et de reconna\u00eetre l'impact et le progr\u00e8s social qui sont rendus possibles, jour apr\u00e8s jour, par les actions des entrepreneurs et, pourquoi pas, de travailler sur la figure de l'entrepreneur lui-m\u00eame en tant que leader de service\".<\/em>.<\/p><p>\u00a0\u00a0\u00a0\u00a0\u00a0\u00a0\u00a0\u00a0\u00a0\u00a0\u00a0 L'\u00e9v\u00e9nement, auquel participeront le directeur commercial de la soci\u00e9t\u00e9, Bruno Asencio, et le directeur du marketing, Antonio Ponce, servira \u00e0 promouvoir l'esprit d'entreprise et \u00e0 partager des histoires inspirantes d'entrepreneurs, d'hommes d'affaires ayant une v\u00e9ritable vocation pour le service et dont l'objectif est d'am\u00e9liorer la soci\u00e9t\u00e9. Elle aura lieu \u00e0 partir de midi \u00e0 Alcal\u00e1 de Henares, dans le complexe El Olivar.<\/p><p><\/p>\t\t\t\t\t\t\t\t<\/div>\n\t\t\t\t<\/div>\n\t\t\t\t\t<\/div>\n\t\t<\/div>\n\t\t\t\t\t<\/div>\n\t\t<\/section>\n\t\t\t\t<\/div>","protected":false},"excerpt":{"rendered":"<p>DEXTER se vuelca con el \u2018D\u00eda Internacional del Empresario\u2019 en su celebraci\u00f3n en Madrid En su compromiso constante con el impulso a los empresarios de toda Espa\u00f1a, DEXTER estar\u00e1 presente el pr\u00f3ximo d\u00eda 27 de junio, en Madrid, en el D\u00eda Internacional del Empresario, en un evento organizado por la [&hellip;]<\/p>\n","protected":false},"author":1,"featured_media":14115,"comment_status":"closed","ping_status":"closed","sticky":false,"template":"","format":"standard","meta":{"footnotes":""},"categories":[11],"tags":[],"class_list":["post-14104","post","type-post","status-publish","format-standard","has-post-thumbnail","hentry","category-dexter-global-finance"],"_links":{"self":[{"href":"https:\/\/grupodexter.com\/fr\/wp-json\/wp\/v2\/posts\/14104","targetHints":{"allow":["GET"]}}],"collection":[{"href":"https:\/\/grupodexter.com\/fr\/wp-json\/wp\/v2\/posts"}],"about":[{"href":"https:\/\/grupodexter.com\/fr\/wp-json\/wp\/v2\/types\/post"}],"author":[{"embeddable":true,"href":"https:\/\/grupodexter.com\/fr\/wp-json\/wp\/v2\/users\/1"}],"replies":[{"embeddable":true,"href":"https:\/\/grupodexter.com\/fr\/wp-json\/wp\/v2\/comments?post=14104"}],"version-history":[{"count":4,"href":"https:\/\/grupodexter.com\/fr\/wp-json\/wp\/v2\/posts\/14104\/revisions"}],"predecessor-version":[{"id":14109,"href":"https:\/\/grupodexter.com\/fr\/wp-json\/wp\/v2\/posts\/14104\/revisions\/14109"}],"wp:featuredmedia":[{"embeddable":true,"href":"https:\/\/grupodexter.com\/fr\/wp-json\/wp\/v2\/media\/14115"}],"wp:attachment":[{"href":"https:\/\/grupodexter.com\/fr\/wp-json\/wp\/v2\/media?parent=14104"}],"wp:term":[{"taxonomy":"category","embeddable":true,"href":"https:\/\/grupodexter.com\/fr\/wp-json\/wp\/v2\/categories?post=14104"},{"taxonomy":"post_tag","embeddable":true,"href":"https:\/\/grupodexter.com\/fr\/wp-json\/wp\/v2\/tags?post=14104"}],"curies":[{"name":"wp","href":"https:\/\/api.w.org\/{rel}","templated":true}]}}