{"id":14188,"date":"2025-07-02T13:48:40","date_gmt":"2025-07-02T11:48:40","guid":{"rendered":"https:\/\/grupodexter.com\/?p=14188"},"modified":"2025-07-30T13:51:18","modified_gmt":"2025-07-30T11:51:18","slug":"quels-seront-les-vecteurs-prioritaires-du-financement-de-limmobilier-au-second-semestre-2025","status":"publish","type":"post","link":"https:\/\/grupodexter.com\/fr\/cuales-seran-los-vectores-prioritarios-de-la-financiacion-inmobiliaria-en-el-segundo-semestre-de-2025\/","title":{"rendered":"Quels seront les moteurs prioritaires du financement de l'immobilier au second semestre 2025 ?"},"content":{"rendered":"<div data-elementor-type=\"wp-post\" data-elementor-id=\"14188\" class=\"elementor elementor-14188\" data-elementor-post-type=\"post\">\n\t\t\t\t\t\t<section class=\"elementor-section elementor-top-section elementor-element elementor-element-28af3eb elementor-section-boxed elementor-section-height-default elementor-section-height-default\" data-id=\"28af3eb\" data-element_type=\"section\" data-e-type=\"section\">\n\t\t\t\t\t\t<div class=\"elementor-container elementor-column-gap-default\">\n\t\t\t\t\t<div class=\"elementor-column elementor-col-100 elementor-top-column elementor-element elementor-element-ea70cbe\" data-id=\"ea70cbe\" data-element_type=\"column\" data-e-type=\"column\">\n\t\t\t<div class=\"elementor-widget-wrap elementor-element-populated\">\n\t\t\t\t\t\t<div class=\"elementor-element elementor-element-bf9d84e elementor-widget elementor-widget-heading\" data-id=\"bf9d84e\" data-element_type=\"widget\" data-e-type=\"widget\" data-widget_type=\"heading.default\">\n\t\t\t\t<div class=\"elementor-widget-container\">\n\t\t\t\t\t<h2 class=\"elementor-heading-title elementor-size-default\">Quels seront les moteurs prioritaires du financement de l'immobilier au second semestre 2025 ?<\/h2>\t\t\t\t<\/div>\n\t\t\t\t<\/div>\n\t\t\t\t<div class=\"elementor-element elementor-element-ab89d06 elementor-widget__width-initial elementor-widget elementor-widget-text-editor\" data-id=\"ab89d06\" data-element_type=\"widget\" data-e-type=\"widget\" data-widget_type=\"text-editor.default\">\n\t\t\t\t<div class=\"elementor-widget-container\">\n\t\t\t\t\t\t\t\t\t<p>Un fait semble ind\u00e9niable selon les tendances du march\u00e9 \u00e0 court terme : le financement de l'immobilier va se d\u00e9velopper en Europe avec un accent sur les immeubles collectifs, la logistique et l'h\u00f4tellerie. Telles sont les conclusions de l'enqu\u00eate \"Lender Intentions Survey 2025\" r\u00e9alis\u00e9e par CBRE. Sur les 143 pr\u00eateurs europ\u00e9ens interrog\u00e9s, 79% pr\u00e9voient d'accro\u00eetre leur activit\u00e9 de pr\u00eat cette ann\u00e9e, et 40% font \u00e9tat d'une am\u00e9lioration g\u00e9n\u00e9rale de la confiance dans tous les secteurs par rapport \u00e0 l'ann\u00e9e derni\u00e8re.<\/p><p>En particulier, 48% des personnes interrog\u00e9es consid\u00e8rent les immeubles collectifs comme leur premi\u00e8re priorit\u00e9 d'investissement, suivis par les actifs industriels et h\u00f4teliers, avec un regain d'int\u00e9r\u00eat pour le commerce de d\u00e9tail, ainsi qu'une attention croissante pour les centres de donn\u00e9es et les infrastructures.<\/p><p>Plus de 80 % des bailleurs de fonds interrog\u00e9s montrent \u00e9galement un int\u00e9r\u00eat pour les actifs alternatifs, une tendance qui reste la m\u00eame qu'en 2024. Parmi eux, les sous-secteurs r\u00e9sidentiels tels que les logements pour personnes \u00e2g\u00e9es, les colocations et les logements abordables arrivent en t\u00eate des pr\u00e9f\u00e9rences.<\/p><p>Le vice-pr\u00e9sident de la <em>DEXTER<\/em>Alfonso Merlos souligne \u00e0 cet \u00e9gard que <em>\"Notre soci\u00e9t\u00e9 s'est distingu\u00e9e au cours des six derni\u00e8res ann\u00e9es en restant attentive et proactive aux tendances du march\u00e9. Nous sommes motiv\u00e9s par les demandes pr\u00e9f\u00e9rentielles des demandeurs de pr\u00eats et par la mani\u00e8re dont nous faisons progresser nos op\u00e9rations d'injection de capitaux priv\u00e9s. Le r\u00e9sidentiel est toujours roi pour DEXTER, mais il ne fait aucun doute que le march\u00e9 immobilier, de mani\u00e8re g\u00e9n\u00e9rale, traverse une p\u00e9riode de splendeur et de fondamentaux solides\".<\/em>conclut Merlos.<\/p><p>Le rapport souligne \u00e9galement le dynamisme accru des \u00e9tablissements non bancaires, tels que les fonds d'emprunt, les assureurs et les banques d'investissement, qui pr\u00e9voient une croissance plus forte des pr\u00eats que les banques traditionnelles.<\/p>\t\t\t\t\t\t\t\t<\/div>\n\t\t\t\t<\/div>\n\t\t\t\t\t<\/div>\n\t\t<\/div>\n\t\t\t\t\t<\/div>\n\t\t<\/section>\n\t\t\t\t<\/div>","protected":false},"excerpt":{"rendered":"<p>\u00bfCu\u00e1les ser\u00e1n los vectores prioritarios de la financiaci\u00f3n inmobiliaria en el segundo semestre de 2025? Un hecho parece innegable de acuerdo con las tendencias en el mercado, en el m\u00e1s corto plazo: la financiaci\u00f3n inmobiliaria crecer\u00e1 en Europa con foco en multifamily, log\u00edstica y hoteles. Son las conclusiones que establece [&hellip;]<\/p>\n","protected":false},"author":3,"featured_media":14191,"comment_status":"closed","ping_status":"closed","sticky":false,"template":"","format":"standard","meta":{"footnotes":""},"categories":[11],"tags":[],"class_list":["post-14188","post","type-post","status-publish","format-standard","has-post-thumbnail","hentry","category-dexter-global-finance"],"_links":{"self":[{"href":"https:\/\/grupodexter.com\/fr\/wp-json\/wp\/v2\/posts\/14188","targetHints":{"allow":["GET"]}}],"collection":[{"href":"https:\/\/grupodexter.com\/fr\/wp-json\/wp\/v2\/posts"}],"about":[{"href":"https:\/\/grupodexter.com\/fr\/wp-json\/wp\/v2\/types\/post"}],"author":[{"embeddable":true,"href":"https:\/\/grupodexter.com\/fr\/wp-json\/wp\/v2\/users\/3"}],"replies":[{"embeddable":true,"href":"https:\/\/grupodexter.com\/fr\/wp-json\/wp\/v2\/comments?post=14188"}],"version-history":[{"count":4,"href":"https:\/\/grupodexter.com\/fr\/wp-json\/wp\/v2\/posts\/14188\/revisions"}],"predecessor-version":[{"id":14197,"href":"https:\/\/grupodexter.com\/fr\/wp-json\/wp\/v2\/posts\/14188\/revisions\/14197"}],"wp:featuredmedia":[{"embeddable":true,"href":"https:\/\/grupodexter.com\/fr\/wp-json\/wp\/v2\/media\/14191"}],"wp:attachment":[{"href":"https:\/\/grupodexter.com\/fr\/wp-json\/wp\/v2\/media?parent=14188"}],"wp:term":[{"taxonomy":"category","embeddable":true,"href":"https:\/\/grupodexter.com\/fr\/wp-json\/wp\/v2\/categories?post=14188"},{"taxonomy":"post_tag","embeddable":true,"href":"https:\/\/grupodexter.com\/fr\/wp-json\/wp\/v2\/tags?post=14188"}],"curies":[{"name":"wp","href":"https:\/\/api.w.org\/{rel}","templated":true}]}}