{"id":14198,"date":"2025-07-10T13:51:29","date_gmt":"2025-07-10T11:51:29","guid":{"rendered":"https:\/\/grupodexter.com\/?p=14198"},"modified":"2025-07-30T13:53:00","modified_gmt":"2025-07-30T11:53:00","slug":"les-facteurs-qui-continuent-a-faire-de-la-coliving-un-modele-residentiel-en-2025","status":"publish","type":"post","link":"https:\/\/grupodexter.com\/fr\/los-factores-que-siguen-impulsando-el-coliving-como-modelo-residencial-en-2025\/","title":{"rendered":"Les facteurs qui continuent \u00e0 favoriser le coliving en tant que mod\u00e8le r\u00e9sidentiel en 2025"},"content":{"rendered":"<div data-elementor-type=\"wp-post\" data-elementor-id=\"14198\" class=\"elementor elementor-14198\" data-elementor-post-type=\"post\">\n\t\t\t\t\t\t<section class=\"elementor-section elementor-top-section elementor-element elementor-element-28af3eb elementor-section-boxed elementor-section-height-default elementor-section-height-default\" data-id=\"28af3eb\" data-element_type=\"section\" data-e-type=\"section\">\n\t\t\t\t\t\t<div class=\"elementor-container elementor-column-gap-default\">\n\t\t\t\t\t<div class=\"elementor-column elementor-col-100 elementor-top-column elementor-element elementor-element-ea70cbe\" data-id=\"ea70cbe\" data-element_type=\"column\" data-e-type=\"column\">\n\t\t\t<div class=\"elementor-widget-wrap elementor-element-populated\">\n\t\t\t\t\t\t<div class=\"elementor-element elementor-element-bf9d84e elementor-widget elementor-widget-heading\" data-id=\"bf9d84e\" data-element_type=\"widget\" data-e-type=\"widget\" data-widget_type=\"heading.default\">\n\t\t\t\t<div class=\"elementor-widget-container\">\n\t\t\t\t\t<h2 class=\"elementor-heading-title elementor-size-default\">Les facteurs qui continuent \u00e0 favoriser le coliving en tant que mod\u00e8le r\u00e9sidentiel en 2025<\/h2>\t\t\t\t<\/div>\n\t\t\t\t<\/div>\n\t\t\t\t<div class=\"elementor-element elementor-element-ab89d06 elementor-widget__width-initial elementor-widget elementor-widget-text-editor\" data-id=\"ab89d06\" data-element_type=\"widget\" data-e-type=\"widget\" data-widget_type=\"text-editor.default\">\n\t\t\t\t<div class=\"elementor-widget-container\">\n\t\t\t\t\t\t\t\t\t<p>Plusieurs circonstances ont conduit \u00e0 la consolidation de la colocation en tant que mod\u00e8le de logement pour le pr\u00e9sent et l'avenir. Il y a la mobilit\u00e9 de la main-d'\u0153uvre, la crise de l'acc\u00e8s au logement... et d'autres \u00e9l\u00e9ments qui ont permis \u00e0 une formule flexible, partag\u00e9e et communautaire de s'imposer en Espagne comme une v\u00e9ritable alternative \u00e0 la propri\u00e9t\u00e9 individuelle.<\/p><p>Dans ce sens, Araceli Mart\u00edn Navarro, pr\u00e9sidente de l'association <em>Coword<\/em>dit que <em>\"Nous venons d'une soci\u00e9t\u00e9 o\u00f9 la location \u00e9tait une perte d'argent et o\u00f9 l'achat d'une maison \u00e9tait synonyme de r\u00e9ussite et de stabilit\u00e9. Aujourd'hui, les priorit\u00e9s ont chang\u00e9 : les jeunes professionnels, les t\u00e9l\u00e9travailleurs, les seniors actifs ou les \u00e9tudiants internationaux recherchent un logement adapt\u00e9 \u00e0 leur mode de vie mobile, collaboratif et temporaire\".<\/em>.<\/p><p><em>DEXTER<\/em>en tant que leader dans le domaine du financement alternatif avec des capitaux priv\u00e9s, et dont une partie importante des op\u00e9rations se concentre sur le secteur r\u00e9sidentiel, \u00e9tudie depuis un certain temps la faisabilit\u00e9 de nombreux projets de colocation dans l'ensemble de l'Espagne. Comme le souligne Ruben Mi\u00f1arro, analyste principal des risques, <em>\"La question fondamentale ici est g\u00e9n\u00e9ralement la sortie du pr\u00eat, \u00e9tant donn\u00e9 qu'il s'agit d'un pr\u00eat de trois ans. Contrairement au r\u00e9sidentiel pur, o\u00f9 il y a une vente des actifs granulaires, des maisons, et des liquidit\u00e9s imm\u00e9diates pour l'entrepreneur afin de rembourser le pr\u00eat, dans le coliving nous trouvons des sc\u00e9narios plus complexes, mais qui bien s\u00fbr peuvent \u00eatre acceptables pour le type de financement alternatif que nous r\u00e9alisons\".<\/em>conclut Mi\u00f1arro.<\/p><p>Comme le conclut Araceli Mart\u00edn Navarro, le coliving <em>\"Ce n'est pas une question d'\u00e2ge, mais de mentalit\u00e9. Ceux qui optent pour ce mod\u00e8le valorisent l'acc\u00e8s plus que la propri\u00e9t\u00e9, ils privil\u00e9gient la libert\u00e9, l'exp\u00e9rience et la qualit\u00e9 de vie en communaut\u00e9\".<\/em>. Bien que les premiers grands projets aient vu le jour \u00e0 Madrid, l'Andalousie n'est pas en reste. Coword a encourag\u00e9 des initiatives pionni\u00e8res dans des villes telles que Malaga, S\u00e9ville et Grenade.<\/p>\t\t\t\t\t\t\t\t<\/div>\n\t\t\t\t<\/div>\n\t\t\t\t\t<\/div>\n\t\t<\/div>\n\t\t\t\t\t<\/div>\n\t\t<\/section>\n\t\t\t\t<\/div>","protected":false},"excerpt":{"rendered":"<p>Los factores que siguen impulsando el coliving como modelo residencial en 2025 Son varias las circunstancias que han propiciado que el coliving se est\u00e1 consolidando como modelo de alojamiento a presente y futuro. Est\u00e1 la movilidad laboral, est\u00e1 la propia crisis de acceso a la vivienda\u2026 y hay otros elementos [&hellip;]<\/p>\n","protected":false},"author":3,"featured_media":14190,"comment_status":"closed","ping_status":"closed","sticky":false,"template":"","format":"standard","meta":{"footnotes":""},"categories":[11],"tags":[],"class_list":["post-14198","post","type-post","status-publish","format-standard","has-post-thumbnail","hentry","category-dexter-global-finance"],"_links":{"self":[{"href":"https:\/\/grupodexter.com\/fr\/wp-json\/wp\/v2\/posts\/14198","targetHints":{"allow":["GET"]}}],"collection":[{"href":"https:\/\/grupodexter.com\/fr\/wp-json\/wp\/v2\/posts"}],"about":[{"href":"https:\/\/grupodexter.com\/fr\/wp-json\/wp\/v2\/types\/post"}],"author":[{"embeddable":true,"href":"https:\/\/grupodexter.com\/fr\/wp-json\/wp\/v2\/users\/3"}],"replies":[{"embeddable":true,"href":"https:\/\/grupodexter.com\/fr\/wp-json\/wp\/v2\/comments?post=14198"}],"version-history":[{"count":4,"href":"https:\/\/grupodexter.com\/fr\/wp-json\/wp\/v2\/posts\/14198\/revisions"}],"predecessor-version":[{"id":14202,"href":"https:\/\/grupodexter.com\/fr\/wp-json\/wp\/v2\/posts\/14198\/revisions\/14202"}],"wp:featuredmedia":[{"embeddable":true,"href":"https:\/\/grupodexter.com\/fr\/wp-json\/wp\/v2\/media\/14190"}],"wp:attachment":[{"href":"https:\/\/grupodexter.com\/fr\/wp-json\/wp\/v2\/media?parent=14198"}],"wp:term":[{"taxonomy":"category","embeddable":true,"href":"https:\/\/grupodexter.com\/fr\/wp-json\/wp\/v2\/categories?post=14198"},{"taxonomy":"post_tag","embeddable":true,"href":"https:\/\/grupodexter.com\/fr\/wp-json\/wp\/v2\/tags?post=14198"}],"curies":[{"name":"wp","href":"https:\/\/api.w.org\/{rel}","templated":true}]}}