{"id":14268,"date":"2025-08-30T19:34:52","date_gmt":"2025-08-30T17:34:52","guid":{"rendered":"https:\/\/grupodexter.com\/?p=14268"},"modified":"2025-09-03T19:37:24","modified_gmt":"2025-09-03T17:37:24","slug":"automne-2025-les-fonds-redoublent-leur-engagement-dans-la-costa-del-sol","status":"publish","type":"post","link":"https:\/\/grupodexter.com\/fr\/otono-2025-los-fondos-redoblaran-su-apuesta-por-la-costa-del-sol\/","title":{"rendered":"Automne 2025 : les fonds redoublent d'efforts en faveur de la Costa del Sol"},"content":{"rendered":"<div data-elementor-type=\"wp-post\" data-elementor-id=\"14268\" class=\"elementor elementor-14268\" data-elementor-post-type=\"post\">\n\t\t\t\t\t\t<section class=\"elementor-section elementor-top-section elementor-element elementor-element-28af3eb elementor-section-boxed elementor-section-height-default elementor-section-height-default\" data-id=\"28af3eb\" data-element_type=\"section\" data-e-type=\"section\">\n\t\t\t\t\t\t<div class=\"elementor-container elementor-column-gap-default\">\n\t\t\t\t\t<div class=\"elementor-column elementor-col-100 elementor-top-column elementor-element elementor-element-ea70cbe\" data-id=\"ea70cbe\" data-element_type=\"column\" data-e-type=\"column\">\n\t\t\t<div class=\"elementor-widget-wrap elementor-element-populated\">\n\t\t\t\t\t\t<div class=\"elementor-element elementor-element-bf9d84e elementor-widget elementor-widget-heading\" data-id=\"bf9d84e\" data-element_type=\"widget\" data-e-type=\"widget\" data-widget_type=\"heading.default\">\n\t\t\t\t<div class=\"elementor-widget-container\">\n\t\t\t\t\t<h2 class=\"elementor-heading-title elementor-size-default\">Automne 2025 : les fonds redoublent d'efforts en faveur de la Costa del Sol<\/h2>\t\t\t\t<\/div>\n\t\t\t\t<\/div>\n\t\t\t\t<div class=\"elementor-element elementor-element-ab89d06 elementor-widget__width-initial elementor-widget elementor-widget-text-editor\" data-id=\"ab89d06\" data-element_type=\"widget\" data-e-type=\"widget\" data-widget_type=\"text-editor.default\">\n\t\t\t\t<div class=\"elementor-widget-container\">\n\t\t\t\t\t\t\t\t\t<p>Le second semestre 2025 sera une p\u00e9riode de coordonn\u00e9es claires pour les fonds d'investissement immobiliers, ce qui signifie la poursuite et le renforcement des tendances actuelles.<\/p><p>\u00a0\u00a0\u00a0\u00a0\u00a0\u00a0\u00a0\u00a0\u00a0\u00a0\u00a0 En ce sens, la Costa del Sol continuera \u00e0 \u00eatre un pari de premi\u00e8re grandeur pour plusieurs raisons strat\u00e9giques et structurelles qui rendent cette r\u00e9gion d'Espagne toujours tr\u00e8s attrayante pour l'investissement et le d\u00e9veloppement.<\/p><p>\u00a0\u00a0\u00a0\u00a0\u00a0\u00a0\u00a0\u00a0\u00a0\u00a0\u00a0 D'une part, la demande internationale reste constante. Dans des zones telles que Marbella, la ville de Malaga, Estepona, Benahav\u00eds et Benalm\u00e1dena, le nombre d'acheteurs \u00e9trangers, en particulier d'Europe du Nord, du Royaume-Uni, des pays arabes et des \u00c9tats-Unis, devrait rester tr\u00e8s \u00e9lev\u00e9, et cette forte demande \u00e9trang\u00e8re offre une s\u00e9curit\u00e9 de rendement aux investisseurs immobiliers, tant pour les ventes que pour les locations. Le tourisme \u00e9tant \u00e0 la fois plus ou moins permanent et saisonnier, la stabilit\u00e9 des revenus pour les investisseurs est plus qu'assur\u00e9e.<\/p><p>\u00a0\u00a0\u00a0\u00a0\u00a0\u00a0\u00a0\u00a0\u00a0\u00a0\u00a0 Comme le souligne \u00c1ngel Garc\u00eda, du service de d\u00e9veloppement commercial de l'entreprise <em>DEXTER<\/em>, <em>\"Nous devons \u00e9galement appr\u00e9cier l'effort qui est fait, tant au niveau de l'investissement public que priv\u00e9, qui aide \u00e0 am\u00e9liorer les infrastructures urbaines et touristiques, avec des projets durables et de haut niveau, ce qui augmente la valeur \u00e0 long terme des propri\u00e9t\u00e9s\".<\/em>.<\/p><p><em>DEXTER<\/em>en tant que leader dans le domaine du financement alternatif par capitaux propres, continuera \u00e0 faciliter l'acc\u00e8s au capital, principalement pour les pr\u00eats d'achat de terrains et d'actifs, les pr\u00eats aux promoteurs et les transactions relais adoss\u00e9es \u00e0 des pr\u00eats hypoth\u00e9caires.<\/p>\t\t\t\t\t\t\t\t<\/div>\n\t\t\t\t<\/div>\n\t\t\t\t\t<\/div>\n\t\t<\/div>\n\t\t\t\t\t<\/div>\n\t\t<\/section>\n\t\t\t\t<\/div>","protected":false},"excerpt":{"rendered":"<p>Oto\u00f1o 2025: los fondos redoblar\u00e1n su apuesta por la Costa del Sol La segunda mitad de 2025 se encara por parte de los fondos de inversi\u00f3n de rentabilidad inmobiliaria en unas coordenadas bien claras; y que significar\u00e1n la continuaci\u00f3n y el reforzamiento de las actuales tendencias. \u00a0\u00a0\u00a0\u00a0\u00a0\u00a0\u00a0\u00a0\u00a0\u00a0\u00a0 En este sentido, [&hellip;]<\/p>\n","protected":false},"author":3,"featured_media":14257,"comment_status":"closed","ping_status":"closed","sticky":false,"template":"","format":"standard","meta":{"footnotes":""},"categories":[11],"tags":[],"class_list":["post-14268","post","type-post","status-publish","format-standard","has-post-thumbnail","hentry","category-dexter-global-finance"],"_links":{"self":[{"href":"https:\/\/grupodexter.com\/fr\/wp-json\/wp\/v2\/posts\/14268","targetHints":{"allow":["GET"]}}],"collection":[{"href":"https:\/\/grupodexter.com\/fr\/wp-json\/wp\/v2\/posts"}],"about":[{"href":"https:\/\/grupodexter.com\/fr\/wp-json\/wp\/v2\/types\/post"}],"author":[{"embeddable":true,"href":"https:\/\/grupodexter.com\/fr\/wp-json\/wp\/v2\/users\/3"}],"replies":[{"embeddable":true,"href":"https:\/\/grupodexter.com\/fr\/wp-json\/wp\/v2\/comments?post=14268"}],"version-history":[{"count":4,"href":"https:\/\/grupodexter.com\/fr\/wp-json\/wp\/v2\/posts\/14268\/revisions"}],"predecessor-version":[{"id":14272,"href":"https:\/\/grupodexter.com\/fr\/wp-json\/wp\/v2\/posts\/14268\/revisions\/14272"}],"wp:featuredmedia":[{"embeddable":true,"href":"https:\/\/grupodexter.com\/fr\/wp-json\/wp\/v2\/media\/14257"}],"wp:attachment":[{"href":"https:\/\/grupodexter.com\/fr\/wp-json\/wp\/v2\/media?parent=14268"}],"wp:term":[{"taxonomy":"category","embeddable":true,"href":"https:\/\/grupodexter.com\/fr\/wp-json\/wp\/v2\/categories?post=14268"},{"taxonomy":"post_tag","embeddable":true,"href":"https:\/\/grupodexter.com\/fr\/wp-json\/wp\/v2\/tags?post=14268"}],"curies":[{"name":"wp","href":"https:\/\/api.w.org\/{rel}","templated":true}]}}