{"id":14327,"date":"2025-09-03T13:15:52","date_gmt":"2025-09-03T11:15:52","guid":{"rendered":"https:\/\/grupodexter.com\/?p=14327"},"modified":"2025-09-30T13:20:49","modified_gmt":"2025-09-30T11:20:49","slug":"le-financement-alternatif-en-espagne-a-de-la-place-pour-se-developper","status":"publish","type":"post","link":"https:\/\/grupodexter.com\/fr\/tiene-margen-para-crecer-la-financiacion-alternativa-en-espana\/","title":{"rendered":"La finance alternative en Espagne a-t-elle une marge de progression ?"},"content":{"rendered":"<div data-elementor-type=\"wp-post\" data-elementor-id=\"14327\" class=\"elementor elementor-14327\" data-elementor-post-type=\"post\">\n\t\t\t\t\t\t<section class=\"elementor-section elementor-top-section elementor-element elementor-element-28af3eb elementor-section-boxed elementor-section-height-default elementor-section-height-default\" data-id=\"28af3eb\" data-element_type=\"section\" data-e-type=\"section\">\n\t\t\t\t\t\t<div class=\"elementor-container elementor-column-gap-default\">\n\t\t\t\t\t<div class=\"elementor-column elementor-col-100 elementor-top-column elementor-element elementor-element-ea70cbe\" data-id=\"ea70cbe\" data-element_type=\"column\" data-e-type=\"column\">\n\t\t\t<div class=\"elementor-widget-wrap elementor-element-populated\">\n\t\t\t\t\t\t<div class=\"elementor-element elementor-element-bf9d84e elementor-widget elementor-widget-heading\" data-id=\"bf9d84e\" data-element_type=\"widget\" data-e-type=\"widget\" data-widget_type=\"heading.default\">\n\t\t\t\t<div class=\"elementor-widget-container\">\n\t\t\t\t\t<h2 class=\"elementor-heading-title elementor-size-default\">La finance alternative en Espagne a-t-elle une marge de progression ?<\/h2>\t\t\t\t<\/div>\n\t\t\t\t<\/div>\n\t\t\t\t<div class=\"elementor-element elementor-element-ab89d06 elementor-widget__width-initial elementor-widget elementor-widget-text-editor\" data-id=\"ab89d06\" data-element_type=\"widget\" data-e-type=\"widget\" data-widget_type=\"text-editor.default\">\n\t\t\t\t<div class=\"elementor-widget-container\">\n\t\t\t\t\t\t\t\t\t<p>Il est vrai que le financement alternatif en Espagne est encore en retard par rapport au monde anglo-saxon, mais il est \u00e9galement vrai que les raisons de ce retard s'att\u00e9nuent d'ann\u00e9e en ann\u00e9e.<\/p><p>\u00a0\u00a0\u00a0\u00a0\u00a0\u00a0\u00a0\u00a0\u00a0\u00a0\u00a0 La grande majorit\u00e9 des capitaux utilis\u00e9s dans notre pays \u00e0 cette fin, ainsi que ceux qui sont g\u00e9r\u00e9s et interm\u00e9di\u00e9s par les <em>DEXTER<\/em>Le nombre de fonds \u00e0 capitaux purement espagnols est encore faible, et ces grands fonds internationaux ont tendance \u00e0 \u00eatre des v\u00e9hicules massifs avec des strat\u00e9gies europ\u00e9ennes ou mondiales. En outre, ces premiers grands fonds ont tendance \u00e0 \u00eatre des v\u00e9hicules massifs avec des strat\u00e9gies europ\u00e9ennes ou mondiales. Ils ne r\u00e9alisent que des transactions d'une certaine taille, pour lesquelles il n'y a pas de demande excessive en Espagne.<\/p><p>\u00a0\u00a0\u00a0\u00a0\u00a0\u00a0\u00a0\u00a0\u00a0\u00a0\u00a0 D'autre part, dans la plupart des pays voisins, la soci\u00e9t\u00e9 et la classe politique s'accordent \u00e0 consid\u00e9rer que la propri\u00e9t\u00e9 priv\u00e9e et les accords entre parties sont sacr\u00e9s tant qu'ils ne vont pas \u00e0 l'encontre de la loi, ce qui est culturellement diff\u00e9rent en Espagne.<\/p><p>\u00a0\u00a0\u00a0\u00a0\u00a0\u00a0\u00a0\u00a0\u00a0\u00a0\u00a0 En d'autres termes, et en pensant aux garanties, dans notre pays et dans certains sc\u00e9narios, il n'est pas toujours possible de les faire valoir (qu'il s'agisse d'hypoth\u00e8ques ou de nantissements d'actions) lorsque l'emprunteur manque \u00e0 ses obligations, ce qui tend \u00e0 cr\u00e9er de l'ins\u00e9curit\u00e9 parmi les financiers.<\/p><p>\u00a0\u00a0\u00a0\u00a0\u00a0\u00a0\u00a0\u00a0\u00a0\u00a0\u00a0 En tant que vice-pr\u00e9sident de <em>DEXTER<\/em>Alfonso Merlos, <em>\"En effet, il existe en Espagne des \u00e9l\u00e9ments r\u00e9glementaires et culturels qui pourraient favoriser une plus grande promotion du financement alternatif par des capitaux priv\u00e9s, mais parce qu'ils sont ce qu'ils sont aujourd'hui, le secteur se d\u00e9veloppe pas \u00e0 pas ; avec une direction claire, mais \u00e0 petits pas par rapport \u00e0 d'autres pays, en particulier dans le monde anglo-saxon\".<\/em>.<\/p><p>\u00a0\u00a0\u00a0\u00a0\u00a0\u00a0\u00a0\u00a0\u00a0\u00a0\u00a0 Malgr\u00e9 cela, et selon une analyse macro\u00e9conomique et strat\u00e9gique, l'opportunit\u00e9 de croissance se situera toujours \u00e0 court et moyen terme, \u00e9tant donn\u00e9 que les banques sont, et resteront d\u00e9lib\u00e9r\u00e9ment, tr\u00e8s limit\u00e9es dans leur capacit\u00e9 \u00e0 pr\u00eater de l'argent.<\/p>\t\t\t\t\t\t\t\t<\/div>\n\t\t\t\t<\/div>\n\t\t\t\t\t<\/div>\n\t\t<\/div>\n\t\t\t\t\t<\/div>\n\t\t<\/section>\n\t\t\t\t<\/div>","protected":false},"excerpt":{"rendered":"<p>\u00bfTiene margen para crecer la financiaci\u00f3n alternativa en Espa\u00f1a? Es un hecho que la financiaci\u00f3n alternativa en Espa\u00f1a sufre a\u00fan un cierto retraso respecto del mundo anglosaj\u00f3n, pero tambi\u00e9n lo es que las razones que lo provocan, ejercicio tras ejercicio, se vienen paliando. \u00a0\u00a0\u00a0\u00a0\u00a0\u00a0\u00a0\u00a0\u00a0\u00a0\u00a0 La gran mayor\u00eda del capital que [&hellip;]<\/p>\n","protected":false},"author":1,"featured_media":14332,"comment_status":"closed","ping_status":"closed","sticky":false,"template":"","format":"standard","meta":{"footnotes":""},"categories":[11],"tags":[],"class_list":["post-14327","post","type-post","status-publish","format-standard","has-post-thumbnail","hentry","category-dexter-global-finance"],"_links":{"self":[{"href":"https:\/\/grupodexter.com\/fr\/wp-json\/wp\/v2\/posts\/14327","targetHints":{"allow":["GET"]}}],"collection":[{"href":"https:\/\/grupodexter.com\/fr\/wp-json\/wp\/v2\/posts"}],"about":[{"href":"https:\/\/grupodexter.com\/fr\/wp-json\/wp\/v2\/types\/post"}],"author":[{"embeddable":true,"href":"https:\/\/grupodexter.com\/fr\/wp-json\/wp\/v2\/users\/1"}],"replies":[{"embeddable":true,"href":"https:\/\/grupodexter.com\/fr\/wp-json\/wp\/v2\/comments?post=14327"}],"version-history":[{"count":4,"href":"https:\/\/grupodexter.com\/fr\/wp-json\/wp\/v2\/posts\/14327\/revisions"}],"predecessor-version":[{"id":14335,"href":"https:\/\/grupodexter.com\/fr\/wp-json\/wp\/v2\/posts\/14327\/revisions\/14335"}],"wp:featuredmedia":[{"embeddable":true,"href":"https:\/\/grupodexter.com\/fr\/wp-json\/wp\/v2\/media\/14332"}],"wp:attachment":[{"href":"https:\/\/grupodexter.com\/fr\/wp-json\/wp\/v2\/media?parent=14327"}],"wp:term":[{"taxonomy":"category","embeddable":true,"href":"https:\/\/grupodexter.com\/fr\/wp-json\/wp\/v2\/categories?post=14327"},{"taxonomy":"post_tag","embeddable":true,"href":"https:\/\/grupodexter.com\/fr\/wp-json\/wp\/v2\/tags?post=14327"}],"curies":[{"name":"wp","href":"https:\/\/api.w.org\/{rel}","templated":true}]}}