{"id":14347,"date":"2025-09-25T13:30:17","date_gmt":"2025-09-25T11:30:17","guid":{"rendered":"https:\/\/grupodexter.com\/?p=14347"},"modified":"2025-09-30T13:34:06","modified_gmt":"2025-09-30T11:34:06","slug":"quest-ce-qui-se-cache-derriere-le-boom-mondial-du-financement-par-capital-investissement","status":"publish","type":"post","link":"https:\/\/grupodexter.com\/fr\/a-que-obedece-el-auge-de-la-financiacion-con-capital-privado-a-nivel-mundial\/","title":{"rendered":"Pourquoi le financement par capital-investissement est-il en plein essor au niveau mondial ?"},"content":{"rendered":"<div data-elementor-type=\"wp-post\" data-elementor-id=\"14347\" class=\"elementor elementor-14347\" data-elementor-post-type=\"post\">\n\t\t\t\t\t\t<section class=\"elementor-section elementor-top-section elementor-element elementor-element-28af3eb elementor-section-boxed elementor-section-height-default elementor-section-height-default\" data-id=\"28af3eb\" data-element_type=\"section\" data-e-type=\"section\">\n\t\t\t\t\t\t<div class=\"elementor-container elementor-column-gap-default\">\n\t\t\t\t\t<div class=\"elementor-column elementor-col-100 elementor-top-column elementor-element elementor-element-ea70cbe\" data-id=\"ea70cbe\" data-element_type=\"column\" data-e-type=\"column\">\n\t\t\t<div class=\"elementor-widget-wrap elementor-element-populated\">\n\t\t\t\t\t\t<div class=\"elementor-element elementor-element-bf9d84e elementor-widget elementor-widget-heading\" data-id=\"bf9d84e\" data-element_type=\"widget\" data-e-type=\"widget\" data-widget_type=\"heading.default\">\n\t\t\t\t<div class=\"elementor-widget-container\">\n\t\t\t\t\t<h2 class=\"elementor-heading-title elementor-size-default\">Pourquoi le financement par capital-investissement est-il en plein essor au niveau mondial ?<\/h2>\t\t\t\t<\/div>\n\t\t\t\t<\/div>\n\t\t\t\t<div class=\"elementor-element elementor-element-ab89d06 elementor-widget__width-initial elementor-widget elementor-widget-text-editor\" data-id=\"ab89d06\" data-element_type=\"widget\" data-e-type=\"widget\" data-widget_type=\"text-editor.default\">\n\t\t\t\t<div class=\"elementor-widget-container\">\n\t\t\t\t\t\t\t\t\t<p>C'est devenu bien plus qu'un ph\u00e9nom\u00e8ne ou une tendance temporaire en Espagne. Le financement alternatif par des capitaux priv\u00e9s est l\u00e0 pour durer. Il occupe une partie substantielle de l'espace traditionnellement r\u00e9serv\u00e9 aux institutions bancaires et il en profite : les entrepreneurs y ont recours avec succ\u00e8s et continuit\u00e9.<\/p><p>\u00a0\u00a0\u00a0\u00a0\u00a0\u00a0\u00a0\u00a0\u00a0\u00a0\u00a0 En effet, il ne s'agit pas tant d'un substitut que d'une forme compl\u00e9mentaire de financement, qui \u00e9largit finalement la gamme de produits offerts par les banques traditionnelles et contribue \u00e0 faciliter la croissance du tissu d'entreprises lui-m\u00eame.<\/p><p>\u00a0\u00a0\u00a0\u00a0\u00a0\u00a0\u00a0\u00a0\u00a0\u00a0\u00a0 Dans le cas de <em>DEXTER<\/em>comme le souligne son pr\u00e9sident, Yeidy Ram\u00edrez, <em>\"Nous fournissons des financements aux start-ups ou aux entreprises en phase de croissance, mais notre vocation est aussi de plus en plus d'aider \u00e0 la restructuration, et d'assumer plus de risques que les institutions traditionnelles ; nous allons plus loin en aidant \u00e0 catalyser l'innovation et l'esprit d'entreprise\".<\/em>.<\/p><p>\u00a0\u00a0\u00a0\u00a0\u00a0\u00a0\u00a0\u00a0\u00a0\u00a0\u00a0 L'un des facteurs de diff\u00e9renciation du financement alternatif est la flexibilit\u00e9 et l'agilit\u00e9 des processus de prise de d\u00e9cision. <em>\"Nous r\u00e9pondons rapidement \u00e0 l'\u00e9volution des besoins du march\u00e9 et proposons des solutions personnalis\u00e9es.<\/em>Ramirez souligne.<\/p><p>\u00a0\u00a0\u00a0\u00a0\u00a0\u00a0\u00a0\u00a0\u00a0\u00a0\u00a0 Les entrepreneurs appr\u00e9cient naturellement le fait que des entreprises telles que <em>DEXTER<\/em> permettent de fournir des cr\u00e9dits aux entreprises dans des situations de stress o\u00f9 les banques ont tendance \u00e0 se retirer et \u00e0 ne pas absorber les risques, en particulier dans le cas des petites et moyennes entreprises.<\/p>\t\t\t\t\t\t\t\t<\/div>\n\t\t\t\t<\/div>\n\t\t\t\t\t<\/div>\n\t\t<\/div>\n\t\t\t\t\t<\/div>\n\t\t<\/section>\n\t\t\t\t<\/div>","protected":false},"excerpt":{"rendered":"<p>\u00bfA qu\u00e9 obedece el auge de la financiaci\u00f3n con capital privado a nivel mundial? Se ha convertido en bastante m\u00e1s que en un fen\u00f3meno o una corriente temporal en Espa\u00f1a. La financiaci\u00f3n alternativa con capital privado ha venido para quedarse. Est\u00e1 ocupando una parte sustancial del espacio tradicionalmente reservado a [&hellip;]<\/p>\n","protected":false},"author":1,"featured_media":14329,"comment_status":"closed","ping_status":"closed","sticky":false,"template":"","format":"standard","meta":{"footnotes":""},"categories":[11],"tags":[],"class_list":["post-14347","post","type-post","status-publish","format-standard","has-post-thumbnail","hentry","category-dexter-global-finance"],"_links":{"self":[{"href":"https:\/\/grupodexter.com\/fr\/wp-json\/wp\/v2\/posts\/14347","targetHints":{"allow":["GET"]}}],"collection":[{"href":"https:\/\/grupodexter.com\/fr\/wp-json\/wp\/v2\/posts"}],"about":[{"href":"https:\/\/grupodexter.com\/fr\/wp-json\/wp\/v2\/types\/post"}],"author":[{"embeddable":true,"href":"https:\/\/grupodexter.com\/fr\/wp-json\/wp\/v2\/users\/1"}],"replies":[{"embeddable":true,"href":"https:\/\/grupodexter.com\/fr\/wp-json\/wp\/v2\/comments?post=14347"}],"version-history":[{"count":4,"href":"https:\/\/grupodexter.com\/fr\/wp-json\/wp\/v2\/posts\/14347\/revisions"}],"predecessor-version":[{"id":14351,"href":"https:\/\/grupodexter.com\/fr\/wp-json\/wp\/v2\/posts\/14347\/revisions\/14351"}],"wp:featuredmedia":[{"embeddable":true,"href":"https:\/\/grupodexter.com\/fr\/wp-json\/wp\/v2\/media\/14329"}],"wp:attachment":[{"href":"https:\/\/grupodexter.com\/fr\/wp-json\/wp\/v2\/media?parent=14347"}],"wp:term":[{"taxonomy":"category","embeddable":true,"href":"https:\/\/grupodexter.com\/fr\/wp-json\/wp\/v2\/categories?post=14347"},{"taxonomy":"post_tag","embeddable":true,"href":"https:\/\/grupodexter.com\/fr\/wp-json\/wp\/v2\/tags?post=14347"}],"curies":[{"name":"wp","href":"https:\/\/api.w.org\/{rel}","templated":true}]}}