{"id":5505,"date":"2022-08-29T09:16:39","date_gmt":"2022-08-29T08:16:39","guid":{"rendered":"https:\/\/grupodexter.com\/?p=5505"},"modified":"2024-10-03T12:32:11","modified_gmt":"2024-10-03T10:32:11","slug":"en-la-vuelta-del-verano-hay-un-gran-dinamismo-de-promotores-y-constructores","status":"publish","type":"post","link":"https:\/\/grupodexter.com\/fr\/en-la-vuelta-del-verano-hay-un-gran-dinamismo-de-promotores-y-constructores\/","title":{"rendered":"Une forte dynamique sur le march\u00e9 de la part des promoteurs et des constructeurs"},"content":{"rendered":"<div data-elementor-type=\"wp-post\" data-elementor-id=\"5505\" class=\"elementor elementor-5505\" data-elementor-post-type=\"post\">\n\t\t\t\t\t\t<section class=\"elementor-section elementor-top-section elementor-element elementor-element-3146974 elementor-section-boxed elementor-section-height-default elementor-section-height-default\" data-id=\"3146974\" data-element_type=\"section\" data-e-type=\"section\">\n\t\t\t\t\t\t<div class=\"elementor-container elementor-column-gap-default\">\n\t\t\t\t\t<div class=\"elementor-column elementor-col-100 elementor-top-column elementor-element elementor-element-4a94d2e\" data-id=\"4a94d2e\" data-element_type=\"column\" data-e-type=\"column\">\n\t\t\t<div class=\"elementor-widget-wrap elementor-element-populated\">\n\t\t\t\t\t\t<div class=\"elementor-element elementor-element-beb7f8e elementor-widget elementor-widget-heading\" data-id=\"beb7f8e\" data-element_type=\"widget\" data-e-type=\"widget\" data-widget_type=\"heading.default\">\n\t\t\t\t<div class=\"elementor-widget-container\">\n\t\t\t\t\t<h2 class=\"elementor-heading-title elementor-size-default\"> \"Il y a un grand dynamisme des promoteurs et des constructeurs et un volume important d'op\u00e9rations d'achat et de vente\".<\/h2>\t\t\t\t<\/div>\n\t\t\t\t<\/div>\n\t\t\t\t<div class=\"elementor-element elementor-element-4830906 elementor-widget elementor-widget-text-editor\" data-id=\"4830906\" data-element_type=\"widget\" data-e-type=\"widget\" data-widget_type=\"text-editor.default\">\n\t\t\t\t<div class=\"elementor-widget-container\">\n\t\t\t\t\t\t\t\t\t<p>Le PDG de <em>DEXTER<\/em>Yeidy Ram\u00edrez a particip\u00e9 \u00e0 l'\u00e9mission <em>La Ma\u00f1ana de la Costa<\/em>qui est diffus\u00e9e depuis le <em>R\u00e9seau COPE<\/em> \u00e0 Marbella, et s'est exprim\u00e9 sur les donn\u00e9es selon lesquelles le record d'investissement immobilier sera battu en 2022. Il a soulign\u00e9 que <em>\"La tendance sera tr\u00e8s positive, car le secteur immobilier, et en particulier le secteur r\u00e9sidentiel, est sorti tr\u00e8s fort de la pand\u00e9mie. Tous les indicateurs se redressent, les promoteurs et les constructeurs font preuve d'un grand dynamisme et le volume des ventes et des achats est important\".<\/em>a-t-il ajout\u00e9.<\/p><p>\u00c0 cet \u00e9gard, il a estim\u00e9 que <em>DEXTER<\/em> finance <em>\"Le march\u00e9 de l'immobilier et de la finance est en pleine expansion et les op\u00e9rations se poursuivent \u00e0 un rythme soutenu dans toute l'Espagne. Nous pouvons d'ores et d\u00e9j\u00e0 pr\u00e9voir que la tendance entre septembre et le reste de l'ann\u00e9e sera tr\u00e8s bonne, car une partie du dynamisme du march\u00e9 immobilier et financier est due \u00e0 la forte pr\u00e9sence de clients et d'entreprises internationaux, ce que nous constatons presque quotidiennement\".<\/em>.<\/p><p>Une partie de la conversation a port\u00e9 sur les entrepreneurs qui ont recours au capital-investissement. <em>\"Ils recherchent l'agilit\u00e9, la vitesse et l'efficacit\u00e9, <\/em>a-t-il ajout\u00e9.<\/p><p>\u00c9coutez l'int\u00e9gralit\u00e9 de l'entretien ci-dessous.<\/p>\t\t\t\t\t\t\t\t<\/div>\n\t\t\t\t<\/div>\n\t\t\t\t<div class=\"elementor-element elementor-element-7616ab2 elementor-widget elementor-widget-wp-widget-media_audio\" data-id=\"7616ab2\" data-element_type=\"widget\" data-e-type=\"widget\" data-widget_type=\"wp-widget-media_audio.default\">\n\t\t\t\t<div class=\"elementor-widget-container\">\n\t\t\t\t\t<h5>Interview Yeidy Ramirez, CEO de Dexter, \u00e0 COPE Marbella (24\/08\/2022)<\/h5><audio class=\"wp-audio-shortcode\" id=\"audio-5505-1\" preload=\"none\" style=\"width: 100%;\" controls=\"controls\"><source type=\"audio\/mpeg\" src=\"https:\/\/grupodexter.com\/wp-content\/uploads\/RPReplay_Final1661758835-1-online-audio-converter.com_.mp3?_=1\" \/><source type=\"audio\/mpeg\" src=\"http:\/\/grupodexter.com\/wp-content\/uploads\/RPReplay_Final1661758835-1-online-audio-converter.com_.mp3?_=1\" \/><a href=\"https:\/\/grupodexter.com\/wp-content\/uploads\/RPReplay_Final1661758835-1-online-audio-converter.com_.mp3\">https:\/\/grupodexter.com\/wp-content\/uploads\/RPReplay_Final1661758835-1-online-audio-converter.com_.mp3<\/a><\/audio>\t\t\t\t<\/div>\n\t\t\t\t<\/div>\n\t\t\t\t<div class=\"elementor-element elementor-element-62737fd elementor-widget-divider--view-line_icon elementor-view-framed elementor-widget-divider--element-align-center elementor-widget elementor-widget-divider\" data-id=\"62737fd\" data-element_type=\"widget\" data-e-type=\"widget\" data-widget_type=\"divider.default\">\n\t\t\t\t<div class=\"elementor-widget-container\">\n\t\t\t\t\t\t\t<div class=\"elementor-divider\">\n\t\t\t<span class=\"elementor-divider-separator\">\n\t\t\t\t\t\t\t<div class=\"elementor-icon elementor-divider__element\">\n\t\t\t\t\t<i aria-hidden=\"true\" class=\"fas fa-star\"><\/i><\/div>\n\t\t\t\t\t\t<\/span>\n\t\t<\/div>\n\t\t\t\t\t\t<\/div>\n\t\t\t\t<\/div>\n\t\t\t\t\t<\/div>\n\t\t<\/div>\n\t\t\t\t\t<\/div>\n\t\t<\/section>\n\t\t\t\t<\/div>","protected":false},"excerpt":{"rendered":"<p>\u00abHay un gran dinamismo de promotores y constructores y un gran volumen de operaciones de compraventa\u00bb La CEO de DEXTER, Yeidy Ram\u00edrez ha estado en el programa La Ma\u00f1ana de la Costa, que se emite desde la Cadena COPE en Marbella, y se ha pronunciado sobre los datos seg\u00fan los [&hellip;]<\/p>\n","protected":false},"author":1,"featured_media":5502,"comment_status":"closed","ping_status":"closed","sticky":false,"template":"","format":"standard","meta":{"footnotes":""},"categories":[12],"tags":[],"class_list":["post-5505","post","type-post","status-publish","format-standard","has-post-thumbnail","hentry","category-medios-de-comunicacion"],"_links":{"self":[{"href":"https:\/\/grupodexter.com\/fr\/wp-json\/wp\/v2\/posts\/5505","targetHints":{"allow":["GET"]}}],"collection":[{"href":"https:\/\/grupodexter.com\/fr\/wp-json\/wp\/v2\/posts"}],"about":[{"href":"https:\/\/grupodexter.com\/fr\/wp-json\/wp\/v2\/types\/post"}],"author":[{"embeddable":true,"href":"https:\/\/grupodexter.com\/fr\/wp-json\/wp\/v2\/users\/1"}],"replies":[{"embeddable":true,"href":"https:\/\/grupodexter.com\/fr\/wp-json\/wp\/v2\/comments?post=5505"}],"version-history":[{"count":1,"href":"https:\/\/grupodexter.com\/fr\/wp-json\/wp\/v2\/posts\/5505\/revisions"}],"predecessor-version":[{"id":13172,"href":"https:\/\/grupodexter.com\/fr\/wp-json\/wp\/v2\/posts\/5505\/revisions\/13172"}],"wp:featuredmedia":[{"embeddable":true,"href":"https:\/\/grupodexter.com\/fr\/wp-json\/wp\/v2\/media\/5502"}],"wp:attachment":[{"href":"https:\/\/grupodexter.com\/fr\/wp-json\/wp\/v2\/media?parent=5505"}],"wp:term":[{"taxonomy":"category","embeddable":true,"href":"https:\/\/grupodexter.com\/fr\/wp-json\/wp\/v2\/categories?post=5505"},{"taxonomy":"post_tag","embeddable":true,"href":"https:\/\/grupodexter.com\/fr\/wp-json\/wp\/v2\/tags?post=5505"}],"curies":[{"name":"wp","href":"https:\/\/api.w.org\/{rel}","templated":true}]}}