{"id":9576,"date":"2023-09-01T12:30:45","date_gmt":"2023-09-01T10:30:45","guid":{"rendered":"https:\/\/grupodexter.com\/?p=9576"},"modified":"2024-10-03T12:14:48","modified_gmt":"2024-10-03T10:14:48","slug":"dexter-abre-una-linea-de-prestamos-especiales-para-apoyar-a-la-pequena-y-mediana-empresa-2","status":"publish","type":"post","link":"https:\/\/grupodexter.com\/fr\/dexter-abre-una-linea-de-prestamos-especiales-para-apoyar-a-la-pequena-y-mediana-empresa-2\/","title":{"rendered":"\"DEXTER ouvre un m\u00e9canisme de pr\u00eat sp\u00e9cial pour soutenir les petites et moyennes entreprises\"."},"content":{"rendered":"<div data-elementor-type=\"wp-post\" data-elementor-id=\"9576\" class=\"elementor elementor-9576\" data-elementor-post-type=\"post\">\n\t\t\t\t\t\t<section class=\"elementor-section elementor-top-section elementor-element elementor-element-8cacad2 elementor-section-boxed elementor-section-height-default elementor-section-height-default\" data-id=\"8cacad2\" data-element_type=\"section\" data-e-type=\"section\">\n\t\t\t\t\t\t<div class=\"elementor-container elementor-column-gap-default\">\n\t\t\t\t\t<div class=\"elementor-column elementor-col-100 elementor-top-column elementor-element elementor-element-7b804f02\" data-id=\"7b804f02\" data-element_type=\"column\" data-e-type=\"column\">\n\t\t\t<div class=\"elementor-widget-wrap elementor-element-populated\">\n\t\t\t\t\t\t<div class=\"elementor-element elementor-element-6144496 elementor-widget elementor-widget-country-flag\" data-id=\"6144496\" data-element_type=\"widget\" data-e-type=\"widget\" data-widget_type=\"country-flag.default\">\n\t\t\t\t<div class=\"elementor-widget-container\">\n\t\t\t\t\t\t\t<div class=\"cffe-flag-wrapper\">\n\t\t\t<div class=\"cffe-flag\">\n\t\t\t\t<i class=\"flag-icon flag-icon-es\" aria-hidden=\"true\"><\/i>\n\t\t\t<\/div>\n\t\t<\/div>\n\t\t\t\t\t\t<\/div>\n\t\t\t\t<\/div>\n\t\t\t\t<div class=\"elementor-element elementor-element-4d70dbba elementor-widget elementor-widget-heading\" data-id=\"4d70dbba\" data-element_type=\"widget\" data-e-type=\"widget\" data-widget_type=\"heading.default\">\n\t\t\t\t<div class=\"elementor-widget-container\">\n\t\t\t\t\t<h2 class=\"elementor-heading-title elementor-size-default\">\"DEXTER ouvre un m\u00e9canisme de pr\u00eat sp\u00e9cial pour soutenir les petites et moyennes entreprises\".<\/h2>\t\t\t\t<\/div>\n\t\t\t\t<\/div>\n\t\t\t\t<div class=\"elementor-element elementor-element-64562fa1 elementor-widget elementor-widget-text-editor\" data-id=\"64562fa1\" data-element_type=\"widget\" data-e-type=\"widget\" data-widget_type=\"text-editor.default\">\n\t\t\t\t<div class=\"elementor-widget-container\">\n\t\t\t\t\t\t\t\t\t<span>Avec la rentr\u00e9e de septembre, <em>DEXTER<\/em>en tant que soci\u00e9t\u00e9 leader dans le domaine du financement alternatif avec des capitaux priv\u00e9s, a augment\u00e9 le nombre de fonds qu'elle g\u00e8re et repr\u00e9sente et, dans le m\u00eame temps, a augment\u00e9 et renforc\u00e9 ses produits et services. \u00c0 partir de ce mois-ci et jusqu'en janvier 2024, la soci\u00e9t\u00e9 mettra \u00e0 la disposition de ses clients des pr\u00eats garantis par une hypoth\u00e8que (pr\u00eats relais) \u00e0 partir de 200 000 euros.<\/span>\n\n<span>\u00a0\u00a0\u00a0\u00a0\u00a0\u00a0\u00a0\u00a0\u00a0\u00a0\u00a0 Le vice-pr\u00e9sident de l'entreprise, Alfonso Merlos, a particip\u00e9 \u00e0 l'\u00e9mission \"Onda Cero Radio\", \u00e0 Marbella, et lors d'une interview, il a indiqu\u00e9 que <em>\"Nous sommes tr\u00e8s conscients que le march\u00e9 se trouve dans une phase tr\u00e8s dynamique, que la volont\u00e9 des banques traditionnelles de fournir des cr\u00e9dits aux entrepreneurs de tous les secteurs productifs qui ont besoin de liquidit\u00e9s, de fonds de roulement, est \u00e9puis\u00e9e ; c'est pourquoi nous avons lanc\u00e9 cette campagne sp\u00e9ciale qui, au cours des premiers jours, a \u00e9t\u00e9 tr\u00e8s demand\u00e9e. C'est aussi une fa\u00e7on de mettre en \u00e9vidence et d'accro\u00eetre la visibilit\u00e9 du financement alternatif, qui est un outil extr\u00eamement utile en ces temps difficiles\".<\/em>a d\u00e9clar\u00e9 Merlos<\/span>\n\n<span>\u00c9coutez l'interview compl\u00e8te sur \"Onda Cero Radio\".\u00a0<\/span><a href=\"https:\/\/www.ondacero.es\/emisoras\/andalucia\/marbella\/audios-podcast\/mas-de-uno\/mas-uno-marbella-1220-lunes-11-septiembre-2023_2023091164ff00b783dfa5000193c10a.html\" target=\"_blank\" rel=\"noopener\"><b><u>ICI<\/u><\/b><\/a><span>:<\/span><span style=\"font-size: inherit;\">\u00a0<\/span>\t\t\t\t\t\t\t\t<\/div>\n\t\t\t\t<\/div>\n\t\t\t\t<div class=\"elementor-element elementor-element-00888d4 elementor-widget elementor-widget-html\" data-id=\"00888d4\" data-element_type=\"widget\" data-e-type=\"widget\" data-widget_type=\"html.default\">\n\t\t\t\t<div class=\"elementor-widget-container\">\n\t\t\t\t\t<iframe width=\"560\" height=\"400\" loading=\"lazy\" src=\"https:\/\/www.ondacero.es\/embed\/mas-uno-marbella-1220-lunes-11-septiembre-2023\/audio\/2\/2023\/09\/11\/64feff61b339b0e49d0a762e\" frameborder=\"0\" scrolling=\"no\" allowfullscreen=\"allowfullscreen\" name=\"43b03624-d8c2-452d-aeda-a76a356c9893\"><\/iframe>\t\t\t\t<\/div>\n\t\t\t\t<\/div>\n\t\t\t\t<div class=\"elementor-element elementor-element-73e31fd elementor-widget-divider--view-line_icon elementor-view-framed elementor-widget-divider--element-align-center elementor-widget elementor-widget-divider\" data-id=\"73e31fd\" data-element_type=\"widget\" data-e-type=\"widget\" data-widget_type=\"divider.default\">\n\t\t\t\t<div class=\"elementor-widget-container\">\n\t\t\t\t\t\t\t<div class=\"elementor-divider\">\n\t\t\t<span class=\"elementor-divider-separator\">\n\t\t\t\t\t\t\t<div class=\"elementor-icon elementor-divider__element\">\n\t\t\t\t\t<i aria-hidden=\"true\" class=\"fas fa-star\"><\/i><\/div>\n\t\t\t\t\t\t<\/span>\n\t\t<\/div>\n\t\t\t\t\t\t<\/div>\n\t\t\t\t<\/div>\n\t\t\t\t<div class=\"elementor-element elementor-element-268aecf elementor-widget elementor-widget-country-flag\" data-id=\"268aecf\" data-element_type=\"widget\" data-e-type=\"widget\" data-widget_type=\"country-flag.default\">\n\t\t\t\t<div class=\"elementor-widget-container\">\n\t\t\t\t\t\t\t<div class=\"cffe-flag-wrapper\">\n\t\t\t<div class=\"cffe-flag\">\n\t\t\t\t<i class=\"flag-icon flag-icon-gb\" aria-hidden=\"true\"><\/i>\n\t\t\t<\/div>\n\t\t<\/div>\n\t\t\t\t\t\t<\/div>\n\t\t\t\t<\/div>\n\t\t\t\t<div class=\"elementor-element elementor-element-a1d9538 elementor-widget elementor-widget-heading\" data-id=\"a1d9538\" data-element_type=\"widget\" data-e-type=\"widget\" data-widget_type=\"heading.default\">\n\t\t\t\t<div class=\"elementor-widget-container\">\n\t\t\t\t\t<h2 class=\"elementor-heading-title elementor-size-default\">\"DEXTER ouvre un m\u00e9canisme de pr\u00eat sp\u00e9cial pour soutenir les petites et moyennes entreprises\".<\/h2>\t\t\t\t<\/div>\n\t\t\t\t<\/div>\n\t\t\t\t<div class=\"elementor-element elementor-element-d269c60 elementor-widget elementor-widget-text-editor\" data-id=\"d269c60\" data-element_type=\"widget\" data-e-type=\"widget\" data-widget_type=\"text-editor.default\">\n\t\t\t\t<div class=\"elementor-widget-container\">\n\t\t\t\t\t\t\t\t\tAvec la rentr\u00e9e de septembre, DEXTER, en tant que soci\u00e9t\u00e9 leader dans le domaine du financement alternatif par des capitaux priv\u00e9s, a \u00e9largi le nombre de fonds qu'elle g\u00e8re et repr\u00e9sente et, en parall\u00e8le, a augment\u00e9 et am\u00e9lior\u00e9 ses produits et services. Ainsi, \u00e0 partir de ce mois et jusqu'en janvier 2024, la soci\u00e9t\u00e9 mettra \u00e0 la disposition de ses clients des pr\u00eats hypoth\u00e9caires (pr\u00eats relais) \u00e0 partir de 200 000 euros.\n\nLe vice-pr\u00e9sident de la soci\u00e9t\u00e9, Alfonso Merlos, a particip\u00e9 \u00e0 l'\u00e9mission \"Onda Cero Radio\", \u00e0 Marbella, et lors d'une interview, il a soulign\u00e9 que \"nous savons tr\u00e8s bien que le march\u00e9 est tr\u00e8s dynamique, que la volont\u00e9 des banques traditionnelles d'accorder des cr\u00e9dits aux entrepreneurs de tous les secteurs productifs qui ont besoin de liquidit\u00e9s, de fonds de roulement, est \u00e9puis\u00e9e ; c'est pourquoi nous avons lanc\u00e9 cette campagne sp\u00e9ciale qui, d\u00e8s les premiers jours, a suscit\u00e9 une forte demande\". C'est aussi une fa\u00e7on de mettre en \u00e9vidence et d'accro\u00eetre la visibilit\u00e9 du financement alternatif, qui est un outil extr\u00eamement utile en ces temps difficiles\", a d\u00e9clar\u00e9 M. Merlos.\n\nEcoutez l'interview compl\u00e8te sur 'Onda Cero Radio'.\u00a0<a href=\"https:\/\/www.ondacero.es\/emisoras\/andalucia\/marbella\/audios-podcast\/mas-de-uno\/mas-uno-marbella-1220-lunes-11-septiembre-2023_2023091164ff00b783dfa5000193c10a.html\" target=\"_blank\" rel=\"noopener\"><b><u>ICI<\/u><\/b><\/a>:\t\t\t\t\t\t\t\t<\/div>\n\t\t\t\t<\/div>\n\t\t\t\t<div class=\"elementor-element elementor-element-e67ea78 elementor-widget elementor-widget-html\" data-id=\"e67ea78\" data-element_type=\"widget\" data-e-type=\"widget\" data-widget_type=\"html.default\">\n\t\t\t\t<div class=\"elementor-widget-container\">\n\t\t\t\t\t<iframe width=\"560\" height=\"400\" loading=\"lazy\" src=\"https:\/\/www.ondacero.es\/embed\/mas-uno-marbella-1220-lunes-11-septiembre-2023\/audio\/2\/2023\/09\/11\/64feff61b339b0e49d0a762e\" frameborder=\"0\" scrolling=\"no\" allowfullscreen=\"allowfullscreen\" name=\"43b03624-d8c2-452d-aeda-a76a356c9893\"><\/iframe>\t\t\t\t<\/div>\n\t\t\t\t<\/div>\n\t\t\t\t\t<\/div>\n\t\t<\/div>\n\t\t\t\t\t<\/div>\n\t\t<\/section>\n\t\t\t\t<\/div>","protected":false},"excerpt":{"rendered":"<p>\u201cDEXTER abre una l\u00ednea de pr\u00e9stamos especiales para apoyar a la peque\u00f1a y mediana empresa\u201d Con el regreso de septiembre, DEXTER, como compa\u00f1\u00eda l\u00edder en financiaci\u00f3n alternativa con capital privado, ha ampliado el n\u00famero de fondos que gestiona y a los que representa y, en paralelo, ha aumentado y potenciado [&hellip;]<\/p>\n","protected":false},"author":1,"featured_media":8021,"comment_status":"closed","ping_status":"closed","sticky":false,"template":"","format":"standard","meta":{"footnotes":""},"categories":[12],"tags":[],"class_list":["post-9576","post","type-post","status-publish","format-standard","has-post-thumbnail","hentry","category-medios-de-comunicacion"],"_links":{"self":[{"href":"https:\/\/grupodexter.com\/fr\/wp-json\/wp\/v2\/posts\/9576","targetHints":{"allow":["GET"]}}],"collection":[{"href":"https:\/\/grupodexter.com\/fr\/wp-json\/wp\/v2\/posts"}],"about":[{"href":"https:\/\/grupodexter.com\/fr\/wp-json\/wp\/v2\/types\/post"}],"author":[{"embeddable":true,"href":"https:\/\/grupodexter.com\/fr\/wp-json\/wp\/v2\/users\/1"}],"replies":[{"embeddable":true,"href":"https:\/\/grupodexter.com\/fr\/wp-json\/wp\/v2\/comments?post=9576"}],"version-history":[{"count":1,"href":"https:\/\/grupodexter.com\/fr\/wp-json\/wp\/v2\/posts\/9576\/revisions"}],"predecessor-version":[{"id":13061,"href":"https:\/\/grupodexter.com\/fr\/wp-json\/wp\/v2\/posts\/9576\/revisions\/13061"}],"wp:featuredmedia":[{"embeddable":true,"href":"https:\/\/grupodexter.com\/fr\/wp-json\/wp\/v2\/media\/8021"}],"wp:attachment":[{"href":"https:\/\/grupodexter.com\/fr\/wp-json\/wp\/v2\/media?parent=9576"}],"wp:term":[{"taxonomy":"category","embeddable":true,"href":"https:\/\/grupodexter.com\/fr\/wp-json\/wp\/v2\/categories?post=9576"},{"taxonomy":"post_tag","embeddable":true,"href":"https:\/\/grupodexter.com\/fr\/wp-json\/wp\/v2\/tags?post=9576"}],"curies":[{"name":"wp","href":"https:\/\/api.w.org\/{rel}","templated":true}]}}