{"id":10337,"date":"2023-12-12T11:22:58","date_gmt":"2023-12-12T10:22:58","guid":{"rendered":"https:\/\/grupodexter.com\/?p=10337"},"modified":"2023-12-13T11:24:34","modified_gmt":"2023-12-13T10:24:34","slug":"dexter-y-malaga-el-binomio-que-crece-economica-y-financieramente","status":"publish","type":"post","link":"https:\/\/grupodexter.com\/ru\/dexter-y-malaga-el-binomio-que-crece-economica-y-financieramente\/","title":{"rendered":"DEXTER \u0438 \u041c\u0430\u043b\u0430\u0433\u0430, \u044d\u043a\u043e\u043d\u043e\u043c\u0438\u0447\u0435\u0441\u043a\u0438 \u0438 \u0444\u0438\u043d\u0430\u043d\u0441\u043e\u0432\u043e \u0440\u0430\u0437\u0432\u0438\u0432\u0430\u044e\u0449\u0430\u044f\u0441\u044f \u043f\u0430\u0440\u0430"},"content":{"rendered":"<div data-elementor-type=\"wp-post\" data-elementor-id=\"10337\" class=\"elementor elementor-10337\" data-elementor-post-type=\"post\">\n\t\t\t\t\t\t<section class=\"elementor-section elementor-top-section elementor-element elementor-element-8cacad2 elementor-section-boxed elementor-section-height-default elementor-section-height-default\" data-id=\"8cacad2\" data-element_type=\"section\" data-e-type=\"section\">\n\t\t\t\t\t\t<div class=\"elementor-container elementor-column-gap-default\">\n\t\t\t\t\t<div class=\"elementor-column elementor-col-100 elementor-top-column elementor-element elementor-element-7b804f02\" data-id=\"7b804f02\" data-element_type=\"column\" data-e-type=\"column\">\n\t\t\t<div class=\"elementor-widget-wrap elementor-element-populated\">\n\t\t\t\t\t\t<div class=\"elementor-element elementor-element-6144496 elementor-widget elementor-widget-country-flag\" data-id=\"6144496\" data-element_type=\"widget\" data-e-type=\"widget\" data-widget_type=\"country-flag.default\">\n\t\t\t\t<div class=\"elementor-widget-container\">\n\t\t\t\t\t\t\t<div class=\"cffe-flag-wrapper\">\n\t\t\t<div class=\"cffe-flag\">\n\t\t\t\t<i class=\"flag-icon flag-icon-es\" aria-hidden=\"true\"><\/i>\n\t\t\t<\/div>\n\t\t<\/div>\n\t\t\t\t\t\t<\/div>\n\t\t\t\t<\/div>\n\t\t\t\t<div class=\"elementor-element elementor-element-4d70dbba elementor-widget elementor-widget-heading\" data-id=\"4d70dbba\" data-element_type=\"widget\" data-e-type=\"widget\" data-widget_type=\"heading.default\">\n\t\t\t\t<div class=\"elementor-widget-container\">\n\t\t\t\t\t<h2 class=\"elementor-heading-title elementor-size-default\">DEXTER \u0438 \u041c\u0430\u043b\u0430\u0433\u0430, \u044d\u043a\u043e\u043d\u043e\u043c\u0438\u0447\u0435\u0441\u043a\u0438 \u0438 \u0444\u0438\u043d\u0430\u043d\u0441\u043e\u0432\u043e \u0440\u0430\u0437\u0432\u0438\u0432\u0430\u044e\u0449\u0430\u044f\u0441\u044f \u043f\u0430\u0440\u0430<\/h2>\t\t\t\t<\/div>\n\t\t\t\t<\/div>\n\t\t\t\t<div class=\"elementor-element elementor-element-4e774e6 elementor-widget elementor-widget-text-editor\" data-id=\"4e774e6\" data-element_type=\"widget\" data-e-type=\"widget\" data-widget_type=\"text-editor.default\">\n\t\t\t\t<div class=\"elementor-widget-container\">\n\t\t\t\t\t\t\t\t\t<p>Los n\u00fameros son en tantas ocasiones elocuentes: M\u00e1laga crecer\u00e1 el doble que Andaluc\u00eda, EEUU y la zona Euro. El buen comportamiento del turismo, las exportaciones y el peso creciente de la tecnolog\u00eda le llevan a un crecimiento \u201crobusto\u201d, seg\u00fan los expertos en macroeconom\u00eda.<\/p><p>El propio Colegio de Economistas de M\u00e1laga publicaba a finales de este 2023 un bar\u00f3metro seg\u00fan el cual el PIB de la provincia crecer\u00eda a final de a\u00f1o en torno a un 2,5%, el doble que la media andaluza, la zona euro o Estados Unidos y ocho veces m\u00e1s que las estimaciones realizadas para Reino Unido o doce veces m\u00e1s que para Alemania.<\/p><p>El turismo en la Costa del Sol, el fuerte crecimiento de las exportaciones malague\u00f1as gracias principalmente al sector agroalimentario, y la pujanza en materia tecnol\u00f3gica con la captaci\u00f3n y creaci\u00f3n de empresas tanto en el parque tecnol\u00f3gico como en otros polos de la provincia son pilares esenciales para entender esta tendencia tan ben\u00e9fica. M\u00e1laga ya super\u00f3 la situaci\u00f3n precovid, gracias a un alza del 7,7% del PIB en 2022.<\/p><p>\u201cEs clave en el turismo diversificar la oferta con congresos, golf, gastron\u00f3mico, museos, etc\u00e9tera para alargar la temporada\u201d, estipulan los expertos. Desde DEXTER, su vicepresidente, Alfonso Merlos apunta que \u201cel cuartel general de nuestra compa\u00f1\u00eda est\u00e1 en Marbella, y eso nos est\u00e1 permitiendo tener una posici\u00f3n dominante en toda la Costa del Sol, desde Sotogrande hasta M\u00e1laga capital, y m\u00e1s all\u00e1, incluso hasta la costa de Granada. Hay un tejido empresarial que crece y crece y al que estamos nutriendo de capital, v\u00eda fondos de inversi\u00f3n, con extraordinaria inmediatez. No s\u00f3lo en el sector puramente de promoci\u00f3n inmobiliaria\u201d, concluye el segundo ejecutivo de la compa\u00f1\u00eda.<\/p><div><\/div><div><\/div><div><\/div><div><\/div><div><\/div><div><\/div>\t\t\t\t\t\t\t\t<\/div>\n\t\t\t\t<\/div>\n\t\t\t\t<div class=\"elementor-element elementor-element-73e31fd elementor-widget-divider--view-line_icon elementor-view-framed elementor-widget-divider--element-align-center elementor-widget elementor-widget-divider\" data-id=\"73e31fd\" data-element_type=\"widget\" data-e-type=\"widget\" data-widget_type=\"divider.default\">\n\t\t\t\t<div class=\"elementor-widget-container\">\n\t\t\t\t\t\t\t<div class=\"elementor-divider\">\n\t\t\t<span class=\"elementor-divider-separator\">\n\t\t\t\t\t\t\t<div class=\"elementor-icon elementor-divider__element\">\n\t\t\t\t\t<i aria-hidden=\"true\" class=\"fas fa-star\"><\/i><\/div>\n\t\t\t\t\t\t<\/span>\n\t\t<\/div>\n\t\t\t\t\t\t<\/div>\n\t\t\t\t<\/div>\n\t\t\t\t<div class=\"elementor-element elementor-element-268aecf elementor-widget elementor-widget-country-flag\" data-id=\"268aecf\" data-element_type=\"widget\" data-e-type=\"widget\" data-widget_type=\"country-flag.default\">\n\t\t\t\t<div class=\"elementor-widget-container\">\n\t\t\t\t\t\t\t<div class=\"cffe-flag-wrapper\">\n\t\t\t<div class=\"cffe-flag\">\n\t\t\t\t<i class=\"flag-icon flag-icon-gb\" aria-hidden=\"true\"><\/i>\n\t\t\t<\/div>\n\t\t<\/div>\n\t\t\t\t\t\t<\/div>\n\t\t\t\t<\/div>\n\t\t\t\t<div class=\"elementor-element elementor-element-a1d9538 elementor-widget elementor-widget-heading\" data-id=\"a1d9538\" data-element_type=\"widget\" data-e-type=\"widget\" data-widget_type=\"heading.default\">\n\t\t\t\t<div class=\"elementor-widget-container\">\n\t\t\t\t\t<h2 class=\"elementor-heading-title elementor-size-default\">DEXTER and Malaga, the economically and financially growing pairing<\/h2>\t\t\t\t<\/div>\n\t\t\t\t<\/div>\n\t\t\t\t<div class=\"elementor-element elementor-element-d269c60 elementor-widget elementor-widget-text-editor\" data-id=\"d269c60\" data-element_type=\"widget\" data-e-type=\"widget\" data-widget_type=\"text-editor.default\">\n\t\t\t\t<div class=\"elementor-widget-container\">\n\t\t\t\t\t\t\t\t\t<p>The numbers are so often eloquent: Malaga will grow twice as much as Andalusia, the USA and the Eurozone. The good performance of tourism, exports and the growing importance of technology will lead to \u00abrobust\u00bb growth, according to macroeconomic experts.<\/p>\n<p>The Malaga Association of Economists itself published a barometer at the end of 2023 according to which the province&#8217;s GDP would grow by the end of the year by around 2.5%, double the average for Andalusia, the Eurozone and the United States, and eight times more than the estimates made for the United Kingdom and twelve times more than for Germany.<\/p>\n<p>Tourism on the Costa del Sol, the strong growth of Malaga&#8217;s exports thanks mainly to the agri-food sector, and the strength in technology with the attraction and creation of companies both in the technology park and in other areas of the province are essential pillars to understand this beneficial trend. Malaga has already overcome the pre-covid situation, thanks to a 7.7% increase in GDP by 2022.<\/p>\n<div>\u00abIt is key in tourism to diversify the offer with congresses, golf, gastronomy, museums, etc. to extend the season,\u00bb stipulate the experts. DEXTER&#8217;s vice-president, Alfonso Merlos, points out that \u00abour company&#8217;s headquarters are in Marbella, and this is allowing us to have a dominant position on the entire Costa del Sol, from Sotogrande to Malaga city, and beyond, even as far as the coast of Granada. There is a business fabric that is growing and growing and which we are providing with capital, via investment funds, with extraordinary immediacy. Not only in the purely real estate development sector\u00bb, concludes the company&#8217;s second executive.<br><\/div>\n<div><\/div>\n<div><\/div>\n<div><\/div>\n<div><\/div>\n<div><\/div>\n<div><\/div>\n<div><\/div>\t\t\t\t\t\t\t\t<\/div>\n\t\t\t\t<\/div>\n\t\t\t\t\t<\/div>\n\t\t<\/div>\n\t\t\t\t\t<\/div>\n\t\t<\/section>\n\t\t\t\t<\/div>","protected":false},"excerpt":{"rendered":"<p>M\u00e1laga capital y la Costa del Sol mantendr\u00e1n su pulso financiero e inmobiliario en 2024 A pesar de los datos puntuales de cada mes, a lo largo de este 2023, debido a las ca\u00eddas de compraventas al mermar la concesi\u00f3n de hipotecas, las tendencias inmobiliarias de los principales indicadores de [&hellip;]<\/p>\n","protected":false},"author":1,"featured_media":10293,"comment_status":"closed","ping_status":"closed","sticky":false,"template":"","format":"standard","meta":{"footnotes":""},"categories":[11],"tags":[],"class_list":["post-10337","post","type-post","status-publish","format-standard","has-post-thumbnail","hentry","category-dexter-global-finance"],"_links":{"self":[{"href":"https:\/\/grupodexter.com\/ru\/wp-json\/wp\/v2\/posts\/10337","targetHints":{"allow":["GET"]}}],"collection":[{"href":"https:\/\/grupodexter.com\/ru\/wp-json\/wp\/v2\/posts"}],"about":[{"href":"https:\/\/grupodexter.com\/ru\/wp-json\/wp\/v2\/types\/post"}],"author":[{"embeddable":true,"href":"https:\/\/grupodexter.com\/ru\/wp-json\/wp\/v2\/users\/1"}],"replies":[{"embeddable":true,"href":"https:\/\/grupodexter.com\/ru\/wp-json\/wp\/v2\/comments?post=10337"}],"version-history":[{"count":0,"href":"https:\/\/grupodexter.com\/ru\/wp-json\/wp\/v2\/posts\/10337\/revisions"}],"wp:featuredmedia":[{"embeddable":true,"href":"https:\/\/grupodexter.com\/ru\/wp-json\/wp\/v2\/media\/10293"}],"wp:attachment":[{"href":"https:\/\/grupodexter.com\/ru\/wp-json\/wp\/v2\/media?parent=10337"}],"wp:term":[{"taxonomy":"category","embeddable":true,"href":"https:\/\/grupodexter.com\/ru\/wp-json\/wp\/v2\/categories?post=10337"},{"taxonomy":"post_tag","embeddable":true,"href":"https:\/\/grupodexter.com\/ru\/wp-json\/wp\/v2\/tags?post=10337"}],"curies":[{"name":"wp","href":"https:\/\/api.w.org\/{rel}","templated":true}]}}