{"id":11348,"date":"2024-04-13T18:29:50","date_gmt":"2024-04-13T16:29:50","guid":{"rendered":"https:\/\/grupodexter.com\/?p=11348"},"modified":"2024-04-29T18:44:00","modified_gmt":"2024-04-29T16:44:00","slug":"el-capital-privado-palanca-decisiva-para-el-crecimiento-de-la-economia-espanola","status":"publish","type":"post","link":"https:\/\/grupodexter.com\/ru\/el-capital-privado-palanca-decisiva-para-el-crecimiento-de-la-economia-espanola\/","title":{"rendered":"\u0427\u0430\u0441\u0442\u043d\u044b\u0439 \u043a\u0430\u043f\u0438\u0442\u0430\u043b - \u0440\u0435\u0448\u0430\u044e\u0449\u0438\u0439 \u0440\u044b\u0447\u0430\u0433 \u0434\u043b\u044f \u0440\u043e\u0441\u0442\u0430 \u0438\u0441\u043f\u0430\u043d\u0441\u043a\u043e\u0439 \u044d\u043a\u043e\u043d\u043e\u043c\u0438\u043a\u0438"},"content":{"rendered":"<div data-elementor-type=\"wp-post\" data-elementor-id=\"11348\" class=\"elementor elementor-11348\" data-elementor-post-type=\"post\">\n\t\t\t\t\t\t<section class=\"elementor-section elementor-top-section elementor-element elementor-element-8cacad2 elementor-section-boxed elementor-section-height-default elementor-section-height-default\" data-id=\"8cacad2\" data-element_type=\"section\" data-e-type=\"section\">\n\t\t\t\t\t\t<div class=\"elementor-container elementor-column-gap-default\">\n\t\t\t\t\t<div class=\"elementor-column elementor-col-100 elementor-top-column elementor-element elementor-element-7b804f02\" data-id=\"7b804f02\" data-element_type=\"column\" data-e-type=\"column\">\n\t\t\t<div class=\"elementor-widget-wrap elementor-element-populated\">\n\t\t\t\t\t\t<div class=\"elementor-element elementor-element-6144496 elementor-widget elementor-widget-country-flag\" data-id=\"6144496\" data-element_type=\"widget\" data-e-type=\"widget\" data-widget_type=\"country-flag.default\">\n\t\t\t\t<div class=\"elementor-widget-container\">\n\t\t\t\t\t\t\t<div class=\"cffe-flag-wrapper\">\n\t\t\t<div class=\"cffe-flag\">\n\t\t\t\t<i class=\"flag-icon flag-icon-es\" aria-hidden=\"true\"><\/i>\n\t\t\t<\/div>\n\t\t<\/div>\n\t\t\t\t\t\t<\/div>\n\t\t\t\t<\/div>\n\t\t\t\t<div class=\"elementor-element elementor-element-4d70dbba elementor-widget elementor-widget-heading\" data-id=\"4d70dbba\" data-element_type=\"widget\" data-e-type=\"widget\" data-widget_type=\"heading.default\">\n\t\t\t\t<div class=\"elementor-widget-container\">\n\t\t\t\t\t<h2 class=\"elementor-heading-title elementor-size-default\">\u0427\u0430\u0441\u0442\u043d\u044b\u0439 \u043a\u0430\u043f\u0438\u0442\u0430\u043b - \u0440\u0435\u0448\u0430\u044e\u0449\u0438\u0439 \u0440\u044b\u0447\u0430\u0433 \u0434\u043b\u044f \u0440\u043e\u0441\u0442\u0430 \u0438\u0441\u043f\u0430\u043d\u0441\u043a\u043e\u0439 \u044d\u043a\u043e\u043d\u043e\u043c\u0438\u043a\u0438<\/h2>\t\t\t\t<\/div>\n\t\t\t\t<\/div>\n\t\t\t\t<div class=\"elementor-element elementor-element-4e774e6 elementor-widget elementor-widget-text-editor\" data-id=\"4e774e6\" data-element_type=\"widget\" data-e-type=\"widget\" data-widget_type=\"text-editor.default\">\n\t\t\t\t<div class=\"elementor-widget-container\">\n\t\t\t\t\t\t\t\t\t<p><span style=\"white-space: normal;\"><span style=\"white-space: pre;\"> <\/span>M\u00e1s all\u00e1 de la actividad econ\u00f3mica promovida fruto de la palanca de la banca tradicional, la industria del capital privado en Espa\u00f1a sigue creciendo, copando cuotas de mercado y contribuyendo al desarrollo de nuevos proyectos, nuevas empresas y, en \u00faltima instancia, a la propia creaci\u00f3n de puestos de trabajo.<\/span><\/p><p><span style=\"white-space: normal;\"><span style=\"white-space: pre;\"> <\/span>En concreto, en el sector de \u2018Venture Capital &amp; Private Equity\u2019 en Espa\u00f1a, en 2023 el volumen de inversi\u00f3n alcanz\u00f3 la cifra de 6.709 millones de euros, distribuidos en un total de 844 inversiones. Los fondos internacionales registraron cifras r\u00e9cord de inversi\u00f3n en las empresas espa\u00f1olas (5.042 millones en 166 inversiones), lo que refuerza una apuesta indiscutible en los tiempos que corren. Por su parte, los fondos privados nacionales invirtieron 1.470,3 millones en 535 inversiones.<\/span><\/p><p>Tras un 2023 marcado por la incertidumbre a nivel macroecon\u00f3mico y altos tipos de inter\u00e9s, la opini\u00f3n informada en el sector es que hay una \u201creactivaci\u00f3n de la actividad inversora en 2024 dentro del mercado espa\u00f1ol\u201d: hay nuevas operaciones y proyectos de inter\u00e9s.\u00a0<\/p><p>DEXTER viene desempe\u00f1\u00e1ndose durante los \u00faltimos cinco a\u00f1os en una posici\u00f3n de liderazgo en el capital privado y su uso para la financiaci\u00f3n alternativa. Su presidenta, Yeidy Ram\u00edrez asegura que \u201cno siempre se dice o se destaca, pero con la financiaci\u00f3n extrabancaria, a trav\u00e9s de los fondos de inversi\u00f3n y fondos deuda a los que representamos, estamos contribuyendo sobremanera a la generaci\u00f3n de empleo y al propio progreso de las empresas\u201d.<\/p><p>M\u00e1s all\u00e1 de la financiaci\u00f3n para obra, DEXTER se ha instituido en el gran especialista en los pr\u00e9stamos-puente con garant\u00eda hipotecaria, un producto que en Espa\u00f1a no ofrece la banca tradicional.<\/p>\t\t\t\t\t\t\t\t<\/div>\n\t\t\t\t<\/div>\n\t\t\t\t<div class=\"elementor-element elementor-element-73e31fd elementor-widget-divider--view-line_icon elementor-view-framed elementor-widget-divider--element-align-center elementor-widget elementor-widget-divider\" data-id=\"73e31fd\" data-element_type=\"widget\" data-e-type=\"widget\" data-widget_type=\"divider.default\">\n\t\t\t\t<div class=\"elementor-widget-container\">\n\t\t\t\t\t\t\t<div class=\"elementor-divider\">\n\t\t\t<span class=\"elementor-divider-separator\">\n\t\t\t\t\t\t\t<div class=\"elementor-icon elementor-divider__element\">\n\t\t\t\t\t<i aria-hidden=\"true\" class=\"fas fa-star\"><\/i><\/div>\n\t\t\t\t\t\t<\/span>\n\t\t<\/div>\n\t\t\t\t\t\t<\/div>\n\t\t\t\t<\/div>\n\t\t\t\t<div class=\"elementor-element elementor-element-268aecf elementor-widget elementor-widget-country-flag\" data-id=\"268aecf\" data-element_type=\"widget\" data-e-type=\"widget\" data-widget_type=\"country-flag.default\">\n\t\t\t\t<div class=\"elementor-widget-container\">\n\t\t\t\t\t\t\t<div class=\"cffe-flag-wrapper\">\n\t\t\t<div class=\"cffe-flag\">\n\t\t\t\t<i class=\"flag-icon flag-icon-gb\" aria-hidden=\"true\"><\/i>\n\t\t\t<\/div>\n\t\t<\/div>\n\t\t\t\t\t\t<\/div>\n\t\t\t\t<\/div>\n\t\t\t\t<div class=\"elementor-element elementor-element-a1d9538 elementor-widget elementor-widget-heading\" data-id=\"a1d9538\" data-element_type=\"widget\" data-e-type=\"widget\" data-widget_type=\"heading.default\">\n\t\t\t\t<div class=\"elementor-widget-container\">\n\t\t\t\t\t<h2 class=\"elementor-heading-title elementor-size-default\">Private capital, a decisive lever for the growth of the Spanish economy<\/h2>\t\t\t\t<\/div>\n\t\t\t\t<\/div>\n\t\t\t\t<div class=\"elementor-element elementor-element-d269c60 elementor-widget elementor-widget-text-editor\" data-id=\"d269c60\" data-element_type=\"widget\" data-e-type=\"widget\" data-widget_type=\"text-editor.default\">\n\t\t\t\t<div class=\"elementor-widget-container\">\n\t\t\t\t\t\t\t\t\t<p><span style=\"white-space: normal;\"><span style=\"white-space: pre;\"> <\/span>Beyond the economic activity promoted as a result of the leverage of traditional banking, the private equity industry in Spain continues to grow, taking market share and contributing to the development of new projects, new companies and, ultimately, to the creation of jobs.<\/span><\/p><p><span style=\"white-space: normal;\"><span style=\"white-space: pre;\"> <\/span>Specifically, in the &#8216;Venture Capital &amp; Private Equity&#8217; sector in Spain, in 2023 the investment volume reached \u20ac6,709 million, distributed in a total of 844 investments. International funds recorded record investment figures in Spanish companies (5,042 million in 166 investments), which reinforces an unquestionable commitment in these times. For their part, domestic private funds invested 1,470.3 million in 535 investments.<\/span><\/p><p>After a 2023 marked by macroeconomic uncertainty and high interest rates, the informed opinion in the sector is that there is a \u00abreactivation of investment activity in 2024 within the Spanish market\u00bb: there are new operations and projects of interest.\u00a0<\/p><p>DEXTER has been performing for the last five years in a leading position in private equity and its use for alternative financing. Its president, Yeidy Ram\u00edrez, assures that \u00abit is not always said or highlighted, but with off-bank financing, through the investment funds and debt funds we represent, we are contributing greatly to the generation of employment and to the progress of the companies themselves\u00bb.<\/p><p>In addition to construction financing, DEXTER has become the leading specialist in bridge loans with mortgage guarantees, a product that is not offered by traditional banks in Spain.<\/p>\t\t\t\t\t\t\t\t<\/div>\n\t\t\t\t<\/div>\n\t\t\t\t\t<\/div>\n\t\t<\/div>\n\t\t\t\t\t<\/div>\n\t\t<\/section>\n\t\t\t\t<\/div>","protected":false},"excerpt":{"rendered":"<p>El capital privado, palanca decisiva para el crecimiento de la econom\u00eda espa\u00f1ola M\u00e1s all\u00e1 de la actividad econ\u00f3mica promovida fruto de la palanca de la banca tradicional, la industria del capital privado en Espa\u00f1a sigue creciendo, copando cuotas de mercado y contribuyendo al desarrollo de nuevos proyectos, nuevas empresas y, [&hellip;]<\/p>\n","protected":false},"author":1,"featured_media":11350,"comment_status":"closed","ping_status":"closed","sticky":false,"template":"","format":"standard","meta":{"footnotes":""},"categories":[11],"tags":[],"class_list":["post-11348","post","type-post","status-publish","format-standard","has-post-thumbnail","hentry","category-dexter-global-finance"],"_links":{"self":[{"href":"https:\/\/grupodexter.com\/ru\/wp-json\/wp\/v2\/posts\/11348","targetHints":{"allow":["GET"]}}],"collection":[{"href":"https:\/\/grupodexter.com\/ru\/wp-json\/wp\/v2\/posts"}],"about":[{"href":"https:\/\/grupodexter.com\/ru\/wp-json\/wp\/v2\/types\/post"}],"author":[{"embeddable":true,"href":"https:\/\/grupodexter.com\/ru\/wp-json\/wp\/v2\/users\/1"}],"replies":[{"embeddable":true,"href":"https:\/\/grupodexter.com\/ru\/wp-json\/wp\/v2\/comments?post=11348"}],"version-history":[{"count":0,"href":"https:\/\/grupodexter.com\/ru\/wp-json\/wp\/v2\/posts\/11348\/revisions"}],"wp:featuredmedia":[{"embeddable":true,"href":"https:\/\/grupodexter.com\/ru\/wp-json\/wp\/v2\/media\/11350"}],"wp:attachment":[{"href":"https:\/\/grupodexter.com\/ru\/wp-json\/wp\/v2\/media?parent=11348"}],"wp:term":[{"taxonomy":"category","embeddable":true,"href":"https:\/\/grupodexter.com\/ru\/wp-json\/wp\/v2\/categories?post=11348"},{"taxonomy":"post_tag","embeddable":true,"href":"https:\/\/grupodexter.com\/ru\/wp-json\/wp\/v2\/tags?post=11348"}],"curies":[{"name":"wp","href":"https:\/\/api.w.org\/{rel}","templated":true}]}}