{"id":13808,"date":"2025-02-19T16:22:55","date_gmt":"2025-02-19T15:22:55","guid":{"rendered":"https:\/\/grupodexter.com\/?p=13808"},"modified":"2025-04-29T13:09:26","modified_gmt":"2025-04-29T11:09:26","slug":"los-fondos-norteamericanos-incrementan-su-apetito-por-espana","status":"publish","type":"post","link":"https:\/\/grupodexter.com\/ru\/los-fondos-norteamericanos-incrementan-su-apetito-por-espana\/","title":{"rendered":"\u0410\u043c\u0435\u0440\u0438\u043a\u0430\u043d\u0441\u043a\u0438\u0435 \u0444\u043e\u043d\u0434\u044b \u0443\u0432\u0435\u043b\u0438\u0447\u0438\u0432\u0430\u044e\u0442 \u0441\u0432\u043e\u0439 \u0430\u043f\u043f\u0435\u0442\u0438\u0442 \u043a \u0418\u0441\u043f\u0430\u043d\u0438\u0438"},"content":{"rendered":"<div data-elementor-type=\"wp-post\" data-elementor-id=\"13808\" class=\"elementor elementor-13808\" data-elementor-post-type=\"post\">\n\t\t\t\t\t\t<section class=\"elementor-section elementor-top-section elementor-element elementor-element-28af3eb elementor-section-boxed elementor-section-height-default elementor-section-height-default\" data-id=\"28af3eb\" data-element_type=\"section\" data-e-type=\"section\">\n\t\t\t\t\t\t<div class=\"elementor-container elementor-column-gap-default\">\n\t\t\t\t\t<div class=\"elementor-column elementor-col-100 elementor-top-column elementor-element elementor-element-ea70cbe\" data-id=\"ea70cbe\" data-element_type=\"column\" data-e-type=\"column\">\n\t\t\t<div class=\"elementor-widget-wrap elementor-element-populated\">\n\t\t\t\t\t\t<div class=\"elementor-element elementor-element-bf9d84e elementor-widget elementor-widget-heading\" data-id=\"bf9d84e\" data-element_type=\"widget\" data-e-type=\"widget\" data-widget_type=\"heading.default\">\n\t\t\t\t<div class=\"elementor-widget-container\">\n\t\t\t\t\t<h2 class=\"elementor-heading-title elementor-size-default\">\u0410\u043c\u0435\u0440\u0438\u043a\u0430\u043d\u0441\u043a\u0438\u0435 \u0444\u043e\u043d\u0434\u044b \u0443\u0432\u0435\u043b\u0438\u0447\u0438\u0432\u0430\u044e\u0442 \u0441\u0432\u043e\u0439 \u0430\u043f\u043f\u0435\u0442\u0438\u0442 \u043a \u0418\u0441\u043f\u0430\u043d\u0438\u0438<\/h2>\t\t\t\t<\/div>\n\t\t\t\t<\/div>\n\t\t\t\t<div class=\"elementor-element elementor-element-ab89d06 elementor-widget__width-initial elementor-widget elementor-widget-text-editor\" data-id=\"ab89d06\" data-element_type=\"widget\" data-e-type=\"widget\" data-widget_type=\"text-editor.default\">\n\t\t\t\t<div class=\"elementor-widget-container\">\n\t\t\t\t\t\t\t\t\t<p>Ya hace m\u00e1s de 5 a\u00f1os, <em>DEXTER<\/em> apost\u00f3 claramente por la gesti\u00f3n y representaci\u00f3n de fondos institucionales norteamericanos en Espa\u00f1a. Y el tiempo no ha hecho sino consolidar esa l\u00ednea de actuaci\u00f3n, que ahora se ve como fundamental en el mercado de la financiaci\u00f3n alternativa y el capital privado.<\/p><p>\u00a0\u00a0\u00a0\u00a0\u00a0\u00a0\u00a0\u00a0\u00a0\u00a0\u00a0 Expertos del sector, de hecho, apuntan que en este inicio de 2025, y a modo de pron\u00f3stico, se est\u00e1 detectando un mayor apetito no s\u00f3lo de fondos sino de empresas de Estados Unidos para invertir en Espa\u00f1a. En el sector inmobiliario, sin duda, pero tambi\u00e9n en otros estrat\u00e9gicos como el de las telecomunicaciones. Incluso, en plena ola ESG, operaciones en renovables, tanto e\u00f3lica como fotovoltaica, pese a que en los \u00faltimos meses ha habido cierto atasco.<\/p><p>\u00a0\u00a0\u00a0\u00a0\u00a0\u00a0\u00a0\u00a0\u00a0\u00a0\u00a0 <em>\u201cBuena parte de nuestros fondos son de origen norteamericano, tanto de Estados Unidos como de Canad\u00e1. Hablamos de inversores institucionales, muy fuertes, muy consolidados, que siempre han visto el potencial de nuestro pa\u00eds y que, en nuestro caso, han pujado fuerte por la rentabilidad de los pr\u00e9stamos con garant\u00eda hipotecaria\u201d<\/em>, observa Yeidy Ram\u00edrez, presidenta de <em>DEXTER<\/em>.<\/p><p>\u00a0\u00a0\u00a0\u00a0\u00a0\u00a0\u00a0\u00a0\u00a0\u00a0\u00a0 M\u00e1s all\u00e1 de los posibles vaivenes pol\u00edticos o gubernamentales, el circuito de la econom\u00eda en ciertos \u00e1mbitos, como el inmobiliario, est\u00e1 mostrando sus mejores s\u00edntomas cara a los pr\u00f3ximos 12 meses.<\/p>\t\t\t\t\t\t\t\t<\/div>\n\t\t\t\t<\/div>\n\t\t\t\t\t<\/div>\n\t\t<\/div>\n\t\t\t\t\t<\/div>\n\t\t<\/section>\n\t\t\t\t<\/div>","protected":false},"excerpt":{"rendered":"<p>Los fondos norteamericanos incrementan su apetito por Espa\u00f1a Ya hace m\u00e1s de 5 a\u00f1os, DEXTER apost\u00f3 claramente por la gesti\u00f3n y representaci\u00f3n de fondos institucionales norteamericanos en Espa\u00f1a. Y el tiempo no ha hecho sino consolidar esa l\u00ednea de actuaci\u00f3n, que ahora se ve como fundamental en el mercado de [&hellip;]<\/p>\n","protected":false},"author":1,"featured_media":13810,"comment_status":"closed","ping_status":"closed","sticky":false,"template":"","format":"standard","meta":{"footnotes":""},"categories":[11],"tags":[],"class_list":["post-13808","post","type-post","status-publish","format-standard","has-post-thumbnail","hentry","category-dexter-global-finance"],"_links":{"self":[{"href":"https:\/\/grupodexter.com\/ru\/wp-json\/wp\/v2\/posts\/13808","targetHints":{"allow":["GET"]}}],"collection":[{"href":"https:\/\/grupodexter.com\/ru\/wp-json\/wp\/v2\/posts"}],"about":[{"href":"https:\/\/grupodexter.com\/ru\/wp-json\/wp\/v2\/types\/post"}],"author":[{"embeddable":true,"href":"https:\/\/grupodexter.com\/ru\/wp-json\/wp\/v2\/users\/1"}],"replies":[{"embeddable":true,"href":"https:\/\/grupodexter.com\/ru\/wp-json\/wp\/v2\/comments?post=13808"}],"version-history":[{"count":4,"href":"https:\/\/grupodexter.com\/ru\/wp-json\/wp\/v2\/posts\/13808\/revisions"}],"predecessor-version":[{"id":13813,"href":"https:\/\/grupodexter.com\/ru\/wp-json\/wp\/v2\/posts\/13808\/revisions\/13813"}],"wp:featuredmedia":[{"embeddable":true,"href":"https:\/\/grupodexter.com\/ru\/wp-json\/wp\/v2\/media\/13810"}],"wp:attachment":[{"href":"https:\/\/grupodexter.com\/ru\/wp-json\/wp\/v2\/media?parent=13808"}],"wp:term":[{"taxonomy":"category","embeddable":true,"href":"https:\/\/grupodexter.com\/ru\/wp-json\/wp\/v2\/categories?post=13808"},{"taxonomy":"post_tag","embeddable":true,"href":"https:\/\/grupodexter.com\/ru\/wp-json\/wp\/v2\/tags?post=13808"}],"curies":[{"name":"wp","href":"https:\/\/api.w.org\/{rel}","templated":true}]}}