{"id":14263,"date":"2025-08-15T19:30:19","date_gmt":"2025-08-15T17:30:19","guid":{"rendered":"https:\/\/grupodexter.com\/?p=14263"},"modified":"2025-09-03T19:33:33","modified_gmt":"2025-09-03T17:33:33","slug":"dexter-main-sponsor-de-la-copa-davis-2025-en-puente-romano-marbella","status":"publish","type":"post","link":"https:\/\/grupodexter.com\/ru\/dexter-main-sponsor-de-la-copa-davis-2025-en-puente-romano-marbella\/","title":{"rendered":"DEXTER, \"\u0433\u043b\u0430\u0432\u043d\u044b\u0439 \u0441\u043f\u043e\u043d\u0441\u043e\u0440\" \u041a\u0443\u0431\u043a\u0430 \u0414\u044d\u0432\u0438\u0441\u0430 2025 \u0432 \u041f\u0443\u044d\u043d\u0442\u0435 \u0420\u043e\u043c\u0430\u043d\u043e (\u041c\u0430\u0440\u0431\u0435\u043b\u044c\u044f)"},"content":{"rendered":"<div data-elementor-type=\"wp-post\" data-elementor-id=\"14263\" class=\"elementor elementor-14263\" data-elementor-post-type=\"post\">\n\t\t\t\t\t\t<section class=\"elementor-section elementor-top-section elementor-element elementor-element-28af3eb elementor-section-boxed elementor-section-height-default elementor-section-height-default\" data-id=\"28af3eb\" data-element_type=\"section\" data-e-type=\"section\">\n\t\t\t\t\t\t<div class=\"elementor-container elementor-column-gap-default\">\n\t\t\t\t\t<div class=\"elementor-column elementor-col-100 elementor-top-column elementor-element elementor-element-ea70cbe\" data-id=\"ea70cbe\" data-element_type=\"column\" data-e-type=\"column\">\n\t\t\t<div class=\"elementor-widget-wrap elementor-element-populated\">\n\t\t\t\t\t\t<div class=\"elementor-element elementor-element-bf9d84e elementor-widget elementor-widget-heading\" data-id=\"bf9d84e\" data-element_type=\"widget\" data-e-type=\"widget\" data-widget_type=\"heading.default\">\n\t\t\t\t<div class=\"elementor-widget-container\">\n\t\t\t\t\t<h2 class=\"elementor-heading-title elementor-size-default\">DEXTER, \"\u0433\u043b\u0430\u0432\u043d\u044b\u0439 \u0441\u043f\u043e\u043d\u0441\u043e\u0440\" \u041a\u0443\u0431\u043a\u0430 \u0414\u044d\u0432\u0438\u0441\u0430 2025 \u0432 \u041f\u0443\u044d\u043d\u0442\u0435 \u0420\u043e\u043c\u0430\u043d\u043e (\u041c\u0430\u0440\u0431\u0435\u043b\u044c\u044f)<\/h2>\t\t\t\t<\/div>\n\t\t\t\t<\/div>\n\t\t\t\t<div class=\"elementor-element elementor-element-ab89d06 elementor-widget__width-initial elementor-widget elementor-widget-text-editor\" data-id=\"ab89d06\" data-element_type=\"widget\" data-e-type=\"widget\" data-widget_type=\"text-editor.default\">\n\t\t\t\t<div class=\"elementor-widget-container\">\n\t\t\t\t\t\t\t\t\t<p>En su apuesta por el fomento de las competiciones de alto nivel y por visibilizar en el mundo entero la Costa del Sol, <em>DEXTER<\/em> actuar\u00e1 como main sponsor en el Club de Tenis de Puente Romano de Marbella, que acoger\u00e1 por cuarta vez la Copa Davis, que enfrentar\u00e1 a Espa\u00f1a contra Dinamarca, siendo la quinta vez que este torneo visite la ciudad<\/p><p>La Copa Davis, con su nuevo formato, regresa tres a\u00f1os despu\u00e9s a Marbella, como entonces con una de las eliminatorias previas a la fase final, los d\u00edas 13 y 14 de septiembre, y el ganador entrar\u00e1 en la Final 8 de Bolonia (Italia).<\/p><p>\u0412\u0438\u0446\u0435-\u043f\u0440\u0435\u0437\u0438\u0434\u0435\u043d\u0442 <em>DEXTER<\/em>, Alfonso Merlos ha se\u00f1alado que <em>\u201cMarbella le da buena suerte a nuestros jugadores, que nunca ha perdido en nuestra ciudad; ah\u00ed est\u00e1n las victorias recientes en el 18 ante Reino Unido y este 2022 ante Ruman\u00eda, ya con presencia de DEXTER (\u2026) como compa\u00f1\u00eda que representa a m\u00e1s de cuarenta fondos de inversi\u00f3n y fondos deuda internacionales, con origen en Norteam\u00e9rica y Europa, somos conscientes de que las miradas van a estar puestas ese fin de semana en un escenario sumamente atractivo\u201d<\/em>.<\/p><p>Uno de los alicientes m\u00e1s emocionantes este a\u00f1o ser\u00e1 volver a ver a Carlos Alcaraz, que debut\u00f3 con Espa\u00f1a en la Copa Davis, precisamente en Marbella en 2022.<\/p>\t\t\t\t\t\t\t\t<\/div>\n\t\t\t\t<\/div>\n\t\t\t\t\t<\/div>\n\t\t<\/div>\n\t\t\t\t\t<\/div>\n\t\t<\/section>\n\t\t\t\t<\/div>","protected":false},"excerpt":{"rendered":"<p>DEXTER, \u2018main sponsor\u2019 de la Copa Davis 2025 en Puente Romano (Marbella) En su apuesta por el fomento de las competiciones de alto nivel y por visibilizar en el mundo entero la Costa del Sol, DEXTER actuar\u00e1 como main sponsor en el Club de Tenis de Puente Romano de Marbella, [&hellip;]<\/p>\n","protected":false},"author":3,"featured_media":14256,"comment_status":"closed","ping_status":"closed","sticky":false,"template":"","format":"standard","meta":{"footnotes":""},"categories":[11],"tags":[],"class_list":["post-14263","post","type-post","status-publish","format-standard","has-post-thumbnail","hentry","category-dexter-global-finance"],"_links":{"self":[{"href":"https:\/\/grupodexter.com\/ru\/wp-json\/wp\/v2\/posts\/14263","targetHints":{"allow":["GET"]}}],"collection":[{"href":"https:\/\/grupodexter.com\/ru\/wp-json\/wp\/v2\/posts"}],"about":[{"href":"https:\/\/grupodexter.com\/ru\/wp-json\/wp\/v2\/types\/post"}],"author":[{"embeddable":true,"href":"https:\/\/grupodexter.com\/ru\/wp-json\/wp\/v2\/users\/3"}],"replies":[{"embeddable":true,"href":"https:\/\/grupodexter.com\/ru\/wp-json\/wp\/v2\/comments?post=14263"}],"version-history":[{"count":4,"href":"https:\/\/grupodexter.com\/ru\/wp-json\/wp\/v2\/posts\/14263\/revisions"}],"predecessor-version":[{"id":14267,"href":"https:\/\/grupodexter.com\/ru\/wp-json\/wp\/v2\/posts\/14263\/revisions\/14267"}],"wp:featuredmedia":[{"embeddable":true,"href":"https:\/\/grupodexter.com\/ru\/wp-json\/wp\/v2\/media\/14256"}],"wp:attachment":[{"href":"https:\/\/grupodexter.com\/ru\/wp-json\/wp\/v2\/media?parent=14263"}],"wp:term":[{"taxonomy":"category","embeddable":true,"href":"https:\/\/grupodexter.com\/ru\/wp-json\/wp\/v2\/categories?post=14263"},{"taxonomy":"post_tag","embeddable":true,"href":"https:\/\/grupodexter.com\/ru\/wp-json\/wp\/v2\/tags?post=14263"}],"curies":[{"name":"wp","href":"https:\/\/api.w.org\/{rel}","templated":true}]}}