{"id":15293,"date":"2026-04-02T13:23:52","date_gmt":"2026-04-02T11:23:52","guid":{"rendered":"https:\/\/grupodexter.com\/?p=15293"},"modified":"2026-04-30T13:26:04","modified_gmt":"2026-04-30T11:26:04","slug":"espana-se-corona-en-lo-alto-de-la-inversion-inmobiliaria-en-europa","status":"publish","type":"post","link":"https:\/\/grupodexter.com\/ru\/espana-se-corona-en-lo-alto-de-la-inversion-inmobiliaria-en-europa\/","title":{"rendered":"Espa\u00f1a se corona en lo alto de la inversi\u00f3n inmobiliaria en Europa"},"content":{"rendered":"<div data-elementor-type=\"wp-post\" data-elementor-id=\"15293\" class=\"elementor elementor-15293\" data-elementor-post-type=\"post\">\n\t\t\t\t\t\t<section class=\"elementor-section elementor-top-section elementor-element elementor-element-28af3eb elementor-section-boxed elementor-section-height-default elementor-section-height-default\" data-id=\"28af3eb\" data-element_type=\"section\" data-e-type=\"section\">\n\t\t\t\t\t\t<div class=\"elementor-container elementor-column-gap-default\">\n\t\t\t\t\t<div class=\"elementor-column elementor-col-100 elementor-top-column elementor-element elementor-element-ea70cbe\" data-id=\"ea70cbe\" data-element_type=\"column\" data-e-type=\"column\">\n\t\t\t<div class=\"elementor-widget-wrap elementor-element-populated\">\n\t\t\t\t\t\t<div class=\"elementor-element elementor-element-bf9d84e elementor-widget elementor-widget-heading\" data-id=\"bf9d84e\" data-element_type=\"widget\" data-e-type=\"widget\" data-widget_type=\"heading.default\">\n\t\t\t\t<div class=\"elementor-widget-container\">\n\t\t\t\t\t<h2 class=\"elementor-heading-title elementor-size-default\">Espa\u00f1a se corona en lo alto de la inversi\u00f3n inmobiliaria en Europa<\/h2>\t\t\t\t<\/div>\n\t\t\t\t<\/div>\n\t\t\t\t<div class=\"elementor-element elementor-element-ab89d06 elementor-widget__width-initial elementor-widget elementor-widget-text-editor\" data-id=\"ab89d06\" data-element_type=\"widget\" data-e-type=\"widget\" data-widget_type=\"text-editor.default\">\n\t\t\t\t<div class=\"elementor-widget-container\">\n\t\t\t\t\t\t\t\t\t<p>Espa\u00f1a dispara la inversi\u00f3n inmobiliaria un 45% mientras en Europa cae. El titular no puede ser m\u00e1s demoledor, pero las estad\u00edsticas, sector por sector, lo avalan. El mercado inmobiliario nacional ha arrancado 2026 con una fortaleza que contrasta radicalmente con el entorno continental.<\/p><p>Seg\u00fan el informe trimestral elaborado por la consultora \u2018Colliers\u2019, el volumen de inversi\u00f3n inmobiliaria en Espa\u00f1a alcanz\u00f3 los 6.394 millones de euros entre enero y marzo, lo que supone un incremento del 45,4% respecto a la media trimestral de 2025. En el mismo periodo, la Eurozona registr\u00f3 una ca\u00edda media del 26%.<\/p><p>La brecha es tan pronunciada que ya no puede atribuirse a la casualidad o a un efecto puntual. Los analistas de Colliers apuntan a diversos pilares que explican el diferencial. De un lado, la solidez de la actividad econ\u00f3mica espa\u00f1ola, el crecimiento demogr\u00e1fico sostenido por otro lado y, sin duda, una demanda estructural en los principales segmentos inmobiliarios que no da se\u00f1ales de agotamiento.<\/p><p>\u0421 \u0441\u0430\u0439\u0442\u0430 <em>DEXTER<\/em>, su vicepresidente Alfonso Merlos declara que <em>\u201csemana a semana percibimos en la entrada de operaciones, especialmente en los pr\u00e9stamos para la compra de activos y los pr\u00e9stamos promotor, que la fuerza comercial de los proyectos tiene mucha consistencia; y \u00e9sta viene determinada por una demanda fuerte, especialmente en grandes ciudades y en zonas de costa, y fundamentalmente en el \u00e1rea residencial, que es la que m\u00e1s trabajamos\u201d<\/em>\u0437\u0430\u043a\u043b\u044e\u0447\u0430\u0435\u0442 \u041c\u0435\u0440\u043b\u043e\u0441.<\/p><p>El gran protagonista del arranque de a\u00f1o ha sido, en efecto, el Living, que engloba la vivienda en alquiler, la vivienda asequible y los formatos residenciales alternativos. Con 2.386 millones de euros invertidos, este segmento concentr\u00f3 el 37% del total y registr\u00f3 el mayor crecimiento de todos los analizados: un 127% sobre la media de 2025, m\u00e1s que duplicando sus cifras en apenas un a\u00f1o.<\/p><p>Detr\u00e1s de este salto hay dos tendencias que el capital institucional lleva tiempo siguiendo de cerca, la expansi\u00f3n del modelo build-to-rent (BTR) y el auge de la vivienda asequible desarrollada mediante f\u00f3rmulas de colaboraci\u00f3n p\u00fablico-privada. A ellos se suman formatos m\u00e1s innovadores como el PBSA \u2014residencias para estudiantes\u2014 y el flex-living, que atraen inversores por su capacidad de ajustar rentas en contextos de inflaci\u00f3n.<\/p>\t\t\t\t\t\t\t\t<\/div>\n\t\t\t\t<\/div>\n\t\t\t\t\t<\/div>\n\t\t<\/div>\n\t\t\t\t\t<\/div>\n\t\t<\/section>\n\t\t\t\t<\/div>","protected":false},"excerpt":{"rendered":"<p>Espa\u00f1a se corona en lo alto de la inversi\u00f3n inmobiliaria en Europa Espa\u00f1a dispara la inversi\u00f3n inmobiliaria un 45% mientras en Europa cae. El titular no puede ser m\u00e1s demoledor, pero las estad\u00edsticas, sector por sector, lo avalan. El mercado inmobiliario nacional ha arrancado 2026 con una fortaleza que contrasta [&hellip;]<\/p>\n","protected":false},"author":1,"featured_media":15295,"comment_status":"closed","ping_status":"closed","sticky":false,"template":"","format":"standard","meta":{"footnotes":""},"categories":[11],"tags":[],"class_list":["post-15293","post","type-post","status-publish","format-standard","has-post-thumbnail","hentry","category-dexter-global-finance"],"_links":{"self":[{"href":"https:\/\/grupodexter.com\/ru\/wp-json\/wp\/v2\/posts\/15293","targetHints":{"allow":["GET"]}}],"collection":[{"href":"https:\/\/grupodexter.com\/ru\/wp-json\/wp\/v2\/posts"}],"about":[{"href":"https:\/\/grupodexter.com\/ru\/wp-json\/wp\/v2\/types\/post"}],"author":[{"embeddable":true,"href":"https:\/\/grupodexter.com\/ru\/wp-json\/wp\/v2\/users\/1"}],"replies":[{"embeddable":true,"href":"https:\/\/grupodexter.com\/ru\/wp-json\/wp\/v2\/comments?post=15293"}],"version-history":[{"count":4,"href":"https:\/\/grupodexter.com\/ru\/wp-json\/wp\/v2\/posts\/15293\/revisions"}],"predecessor-version":[{"id":15298,"href":"https:\/\/grupodexter.com\/ru\/wp-json\/wp\/v2\/posts\/15293\/revisions\/15298"}],"wp:featuredmedia":[{"embeddable":true,"href":"https:\/\/grupodexter.com\/ru\/wp-json\/wp\/v2\/media\/15295"}],"wp:attachment":[{"href":"https:\/\/grupodexter.com\/ru\/wp-json\/wp\/v2\/media?parent=15293"}],"wp:term":[{"taxonomy":"category","embeddable":true,"href":"https:\/\/grupodexter.com\/ru\/wp-json\/wp\/v2\/categories?post=15293"},{"taxonomy":"post_tag","embeddable":true,"href":"https:\/\/grupodexter.com\/ru\/wp-json\/wp\/v2\/tags?post=15293"}],"curies":[{"name":"wp","href":"https:\/\/api.w.org\/{rel}","templated":true}]}}