{"id":9576,"date":"2023-09-01T12:30:45","date_gmt":"2023-09-01T10:30:45","guid":{"rendered":"https:\/\/grupodexter.com\/?p=9576"},"modified":"2024-10-03T12:14:48","modified_gmt":"2024-10-03T10:14:48","slug":"dexter-abre-una-linea-de-prestamos-especiales-para-apoyar-a-la-pequena-y-mediana-empresa-2","status":"publish","type":"post","link":"https:\/\/grupodexter.com\/ru\/dexter-abre-una-linea-de-prestamos-especiales-para-apoyar-a-la-pequena-y-mediana-empresa-2\/","title":{"rendered":"\"DEXTER \u043e\u0442\u043a\u0440\u044b\u0432\u0430\u0435\u0442 \u0441\u043f\u0435\u0446\u0438\u0430\u043b\u044c\u043d\u0443\u044e \u043a\u0440\u0435\u0434\u0438\u0442\u043d\u0443\u044e \u043b\u0438\u043d\u0438\u044e \u0434\u043b\u044f \u043f\u043e\u0434\u0434\u0435\u0440\u0436\u043a\u0438 \u043c\u0430\u043b\u044b\u0445 \u0438 \u0441\u0440\u0435\u0434\u043d\u0438\u0445 \u043f\u0440\u0435\u0434\u043f\u0440\u0438\u044f\u0442\u0438\u0439\"."},"content":{"rendered":"<div data-elementor-type=\"wp-post\" data-elementor-id=\"9576\" class=\"elementor elementor-9576\" data-elementor-post-type=\"post\">\n\t\t\t\t\t\t<section class=\"elementor-section elementor-top-section elementor-element elementor-element-8cacad2 elementor-section-boxed elementor-section-height-default elementor-section-height-default\" data-id=\"8cacad2\" data-element_type=\"section\" data-e-type=\"section\">\n\t\t\t\t\t\t<div class=\"elementor-container elementor-column-gap-default\">\n\t\t\t\t\t<div class=\"elementor-column elementor-col-100 elementor-top-column elementor-element elementor-element-7b804f02\" data-id=\"7b804f02\" data-element_type=\"column\" data-e-type=\"column\">\n\t\t\t<div class=\"elementor-widget-wrap elementor-element-populated\">\n\t\t\t\t\t\t<div class=\"elementor-element elementor-element-6144496 elementor-widget elementor-widget-country-flag\" data-id=\"6144496\" data-element_type=\"widget\" data-e-type=\"widget\" data-widget_type=\"country-flag.default\">\n\t\t\t\t<div class=\"elementor-widget-container\">\n\t\t\t\t\t\t\t<div class=\"cffe-flag-wrapper\">\n\t\t\t<div class=\"cffe-flag\">\n\t\t\t\t<i class=\"flag-icon flag-icon-es\" aria-hidden=\"true\"><\/i>\n\t\t\t<\/div>\n\t\t<\/div>\n\t\t\t\t\t\t<\/div>\n\t\t\t\t<\/div>\n\t\t\t\t<div class=\"elementor-element elementor-element-4d70dbba elementor-widget elementor-widget-heading\" data-id=\"4d70dbba\" data-element_type=\"widget\" data-e-type=\"widget\" data-widget_type=\"heading.default\">\n\t\t\t\t<div class=\"elementor-widget-container\">\n\t\t\t\t\t<h2 class=\"elementor-heading-title elementor-size-default\">\"DEXTER \u043e\u0442\u043a\u0440\u044b\u0432\u0430\u0435\u0442 \u0441\u043f\u0435\u0446\u0438\u0430\u043b\u044c\u043d\u0443\u044e \u043a\u0440\u0435\u0434\u0438\u0442\u043d\u0443\u044e \u043b\u0438\u043d\u0438\u044e \u0434\u043b\u044f \u043f\u043e\u0434\u0434\u0435\u0440\u0436\u043a\u0438 \u043c\u0430\u043b\u044b\u0445 \u0438 \u0441\u0440\u0435\u0434\u043d\u0438\u0445 \u043f\u0440\u0435\u0434\u043f\u0440\u0438\u044f\u0442\u0438\u0439\".<\/h2>\t\t\t\t<\/div>\n\t\t\t\t<\/div>\n\t\t\t\t<div class=\"elementor-element elementor-element-64562fa1 elementor-widget elementor-widget-text-editor\" data-id=\"64562fa1\" data-element_type=\"widget\" data-e-type=\"widget\" data-widget_type=\"text-editor.default\">\n\t\t\t\t<div class=\"elementor-widget-container\">\n\t\t\t\t\t\t\t\t\t<span>Con el regreso de septiembre, <em>DEXTER<\/em>, como compa\u00f1\u00eda l\u00edder en financiaci\u00f3n alternativa con capital privado, ha ampliado el n\u00famero de fondos que gestiona y a los que representa y, en paralelo, ha aumentado y potenciado sus productos y servicios. As\u00ed, desde este mes y hasta enero de 2024, la compa\u00f1\u00eda pondr\u00e1 a disposici\u00f3n de sus clientes pr\u00e9stamos con garant\u00eda hipotecaria (cr\u00e9ditos-puente) a partir de 200.000 euros.<\/span>\n\n<span>\u00a0\u00a0\u00a0\u00a0\u00a0\u00a0\u00a0\u00a0\u00a0\u00a0\u00a0 El vicepresidente de la firma, Alfonso Merlos ha estado en \u2018Onda Cero Radio\u2019, en Marbella, y durante una entrevista ha se\u00f1alado que <em>\u201ctenemos muy claro que el mercado est\u00e1 en un momento muy din\u00e1mico, que hay un agotamiento de la voluntad de la banca tradicional para aportar cr\u00e9dito a empresarios de todos los sectores productivos que necesitan liquidez, circulante; y de ah\u00ed que hayamos lanzado esta campa\u00f1a especial que en los primeros d\u00edas est\u00e1 teniendo una enorme demanda. Es una manera adem\u00e1s de poner en valor y de incrementar la visibilidad de la financiaci\u00f3n alternativa como herramienta tremendamente \u00fatil en los tiempos que corren\u201d<\/em>, ha expuesto Merlos<\/span>\n\n<span>Escuche \u00edntegramente la entrevista en \u2018Onda Cero Radio\u2019\u00a0<\/span><a href=\"https:\/\/www.ondacero.es\/emisoras\/andalucia\/marbella\/audios-podcast\/mas-de-uno\/mas-uno-marbella-1220-lunes-11-septiembre-2023_2023091164ff00b783dfa5000193c10a.html\" target=\"_blank\" rel=\"noopener\"><b><u>\u0417\u0414\u0415\u0421\u042c<\/u><\/b><\/a><span>:<\/span><span style=\"font-size: inherit;\">\u00a0<\/span>\t\t\t\t\t\t\t\t<\/div>\n\t\t\t\t<\/div>\n\t\t\t\t<div class=\"elementor-element elementor-element-00888d4 elementor-widget elementor-widget-html\" data-id=\"00888d4\" data-element_type=\"widget\" data-e-type=\"widget\" data-widget_type=\"html.default\">\n\t\t\t\t<div class=\"elementor-widget-container\">\n\t\t\t\t\t<iframe width=\"560\" height=\"400\" loading=\"lazy\" src=\"https:\/\/www.ondacero.es\/embed\/mas-uno-marbella-1220-lunes-11-septiembre-2023\/audio\/2\/2023\/09\/11\/64feff61b339b0e49d0a762e\" frameborder=\"0\" scrolling=\"no\" allowfullscreen=\"allowfullscreen\" name=\"43b03624-d8c2-452d-aeda-a76a356c9893\"><\/iframe>\t\t\t\t<\/div>\n\t\t\t\t<\/div>\n\t\t\t\t<div class=\"elementor-element elementor-element-73e31fd elementor-widget-divider--view-line_icon elementor-view-framed elementor-widget-divider--element-align-center elementor-widget elementor-widget-divider\" data-id=\"73e31fd\" data-element_type=\"widget\" data-e-type=\"widget\" data-widget_type=\"divider.default\">\n\t\t\t\t<div class=\"elementor-widget-container\">\n\t\t\t\t\t\t\t<div class=\"elementor-divider\">\n\t\t\t<span class=\"elementor-divider-separator\">\n\t\t\t\t\t\t\t<div class=\"elementor-icon elementor-divider__element\">\n\t\t\t\t\t<i aria-hidden=\"true\" class=\"fas fa-star\"><\/i><\/div>\n\t\t\t\t\t\t<\/span>\n\t\t<\/div>\n\t\t\t\t\t\t<\/div>\n\t\t\t\t<\/div>\n\t\t\t\t<div class=\"elementor-element elementor-element-268aecf elementor-widget elementor-widget-country-flag\" data-id=\"268aecf\" data-element_type=\"widget\" data-e-type=\"widget\" data-widget_type=\"country-flag.default\">\n\t\t\t\t<div class=\"elementor-widget-container\">\n\t\t\t\t\t\t\t<div class=\"cffe-flag-wrapper\">\n\t\t\t<div class=\"cffe-flag\">\n\t\t\t\t<i class=\"flag-icon flag-icon-gb\" aria-hidden=\"true\"><\/i>\n\t\t\t<\/div>\n\t\t<\/div>\n\t\t\t\t\t\t<\/div>\n\t\t\t\t<\/div>\n\t\t\t\t<div class=\"elementor-element elementor-element-a1d9538 elementor-widget elementor-widget-heading\" data-id=\"a1d9538\" data-element_type=\"widget\" data-e-type=\"widget\" data-widget_type=\"heading.default\">\n\t\t\t\t<div class=\"elementor-widget-container\">\n\t\t\t\t\t<h2 class=\"elementor-heading-title elementor-size-default\">\"DEXTER opens a special loan facility to support small and medium-sized enterprises\"<\/h2>\t\t\t\t<\/div>\n\t\t\t\t<\/div>\n\t\t\t\t<div class=\"elementor-element elementor-element-d269c60 elementor-widget elementor-widget-text-editor\" data-id=\"d269c60\" data-element_type=\"widget\" data-e-type=\"widget\" data-widget_type=\"text-editor.default\">\n\t\t\t\t<div class=\"elementor-widget-container\">\n\t\t\t\t\t\t\t\t\tWith the return of September, DEXTER, as a leading company in alternative financing with private capital, has expanded the number of funds it manages and represents and, in parallel, has increased and enhanced its products and services. Thus, from this month until January 2024, the company will make available to its customers mortgage-backed loans (bridging loans) from 200,000 euros.\n\nThe vice-president of the company, Alfonso Merlos has been on &#8216;Onda Cero Radio&#8217;, in Marbella, and during an interview he pointed out that \u00abwe are very clear that the market is in a very dynamic moment, that there is an exhaustion of the will of the traditional banks to provide credit to entrepreneurs of all productive sectors who need liquidity, working capital; and that is why we have launched this special campaign that in the first days is having a huge demand. It is also a way of highlighting and increasing the visibility of alternative financing as a tremendously useful tool in these times\u00bb, said Merlos.\n\nListen to the full interview on &#8216;Onda Cero Radio&#8217;\u00a0<a href=\"https:\/\/www.ondacero.es\/emisoras\/andalucia\/marbella\/audios-podcast\/mas-de-uno\/mas-uno-marbella-1220-lunes-11-septiembre-2023_2023091164ff00b783dfa5000193c10a.html\" target=\"_blank\" rel=\"noopener\"><b><u>\u0417\u0414\u0415\u0421\u042c<\/u><\/b><\/a>:\t\t\t\t\t\t\t\t<\/div>\n\t\t\t\t<\/div>\n\t\t\t\t<div class=\"elementor-element elementor-element-e67ea78 elementor-widget elementor-widget-html\" data-id=\"e67ea78\" data-element_type=\"widget\" data-e-type=\"widget\" data-widget_type=\"html.default\">\n\t\t\t\t<div class=\"elementor-widget-container\">\n\t\t\t\t\t<iframe width=\"560\" height=\"400\" loading=\"lazy\" src=\"https:\/\/www.ondacero.es\/embed\/mas-uno-marbella-1220-lunes-11-septiembre-2023\/audio\/2\/2023\/09\/11\/64feff61b339b0e49d0a762e\" frameborder=\"0\" scrolling=\"no\" allowfullscreen=\"allowfullscreen\" name=\"43b03624-d8c2-452d-aeda-a76a356c9893\"><\/iframe>\t\t\t\t<\/div>\n\t\t\t\t<\/div>\n\t\t\t\t\t<\/div>\n\t\t<\/div>\n\t\t\t\t\t<\/div>\n\t\t<\/section>\n\t\t\t\t<\/div>","protected":false},"excerpt":{"rendered":"<p>\u201cDEXTER abre una l\u00ednea de pr\u00e9stamos especiales para apoyar a la peque\u00f1a y mediana empresa\u201d Con el regreso de septiembre, DEXTER, como compa\u00f1\u00eda l\u00edder en financiaci\u00f3n alternativa con capital privado, ha ampliado el n\u00famero de fondos que gestiona y a los que representa y, en paralelo, ha aumentado y potenciado [&hellip;]<\/p>\n","protected":false},"author":1,"featured_media":8021,"comment_status":"closed","ping_status":"closed","sticky":false,"template":"","format":"standard","meta":{"footnotes":""},"categories":[12],"tags":[],"class_list":["post-9576","post","type-post","status-publish","format-standard","has-post-thumbnail","hentry","category-medios-de-comunicacion"],"_links":{"self":[{"href":"https:\/\/grupodexter.com\/ru\/wp-json\/wp\/v2\/posts\/9576","targetHints":{"allow":["GET"]}}],"collection":[{"href":"https:\/\/grupodexter.com\/ru\/wp-json\/wp\/v2\/posts"}],"about":[{"href":"https:\/\/grupodexter.com\/ru\/wp-json\/wp\/v2\/types\/post"}],"author":[{"embeddable":true,"href":"https:\/\/grupodexter.com\/ru\/wp-json\/wp\/v2\/users\/1"}],"replies":[{"embeddable":true,"href":"https:\/\/grupodexter.com\/ru\/wp-json\/wp\/v2\/comments?post=9576"}],"version-history":[{"count":1,"href":"https:\/\/grupodexter.com\/ru\/wp-json\/wp\/v2\/posts\/9576\/revisions"}],"predecessor-version":[{"id":13061,"href":"https:\/\/grupodexter.com\/ru\/wp-json\/wp\/v2\/posts\/9576\/revisions\/13061"}],"wp:featuredmedia":[{"embeddable":true,"href":"https:\/\/grupodexter.com\/ru\/wp-json\/wp\/v2\/media\/8021"}],"wp:attachment":[{"href":"https:\/\/grupodexter.com\/ru\/wp-json\/wp\/v2\/media?parent=9576"}],"wp:term":[{"taxonomy":"category","embeddable":true,"href":"https:\/\/grupodexter.com\/ru\/wp-json\/wp\/v2\/categories?post=9576"},{"taxonomy":"post_tag","embeddable":true,"href":"https:\/\/grupodexter.com\/ru\/wp-json\/wp\/v2\/tags?post=9576"}],"curies":[{"name":"wp","href":"https:\/\/api.w.org\/{rel}","templated":true}]}}