{"id":10343,"date":"2023-12-13T11:25:21","date_gmt":"2023-12-13T10:25:21","guid":{"rendered":"https:\/\/grupodexter.com\/?p=10343"},"modified":"2023-12-13T11:28:24","modified_gmt":"2023-12-13T10:28:24","slug":"dexter-refuerza-su-compromiso-solidario-esta-navidad-con-la-fundacion-bertin-osborne","status":"publish","type":"post","link":"https:\/\/grupodexter.com\/sv\/dexter-refuerza-su-compromiso-solidario-esta-navidad-con-la-fundacion-bertin-osborne\/","title":{"rendered":"DEXTER f\u00f6rst\u00e4rker sitt engagemang f\u00f6r solidaritet denna jul med \"Bert\u00edn Osborne Foundation\"."},"content":{"rendered":"<div data-elementor-type=\"wp-post\" data-elementor-id=\"10343\" class=\"elementor elementor-10343\" data-elementor-post-type=\"post\">\n\t\t\t\t\t\t<section class=\"elementor-section elementor-top-section elementor-element elementor-element-8cacad2 elementor-section-boxed elementor-section-height-default elementor-section-height-default\" data-id=\"8cacad2\" data-element_type=\"section\" data-e-type=\"section\">\n\t\t\t\t\t\t<div class=\"elementor-container elementor-column-gap-default\">\n\t\t\t\t\t<div class=\"elementor-column elementor-col-100 elementor-top-column elementor-element elementor-element-7b804f02\" data-id=\"7b804f02\" data-element_type=\"column\" data-e-type=\"column\">\n\t\t\t<div class=\"elementor-widget-wrap elementor-element-populated\">\n\t\t\t\t\t\t<div class=\"elementor-element elementor-element-6144496 elementor-widget elementor-widget-country-flag\" data-id=\"6144496\" data-element_type=\"widget\" data-e-type=\"widget\" data-widget_type=\"country-flag.default\">\n\t\t\t\t<div class=\"elementor-widget-container\">\n\t\t\t\t\t\t\t<div class=\"cffe-flag-wrapper\">\n\t\t\t<div class=\"cffe-flag\">\n\t\t\t\t<i class=\"flag-icon flag-icon-es\" aria-hidden=\"true\"><\/i>\n\t\t\t<\/div>\n\t\t<\/div>\n\t\t\t\t\t\t<\/div>\n\t\t\t\t<\/div>\n\t\t\t\t<div class=\"elementor-element elementor-element-4d70dbba elementor-widget elementor-widget-heading\" data-id=\"4d70dbba\" data-element_type=\"widget\" data-e-type=\"widget\" data-widget_type=\"heading.default\">\n\t\t\t\t<div class=\"elementor-widget-container\">\n\t\t\t\t\t<h2 class=\"elementor-heading-title elementor-size-default\">DEXTER f\u00f6rst\u00e4rker sitt engagemang f\u00f6r solidaritet denna jul med \"Bert\u00edn Osborne Foundation\".<\/h2>\t\t\t\t<\/div>\n\t\t\t\t<\/div>\n\t\t\t\t<div class=\"elementor-element elementor-element-4e774e6 elementor-widget elementor-widget-text-editor\" data-id=\"4e774e6\" data-element_type=\"widget\" data-e-type=\"widget\" data-widget_type=\"text-editor.default\">\n\t\t\t\t<div class=\"elementor-widget-container\">\n\t\t\t\t\t\t\t\t\t<p>DEXTER sigue apostando por el impulso a su responsabilidad social corporativa, como empresa de gesti\u00f3n e intermediaci\u00f3n financiera que no s\u00f3lo se debe a sus fondos institucionales y a sus clientes sino que tiene un compromiso con la sociedad en su conjunto, m\u00e1s all\u00e1 de su labor de creaci\u00f3n de riqueza.<\/p><p>As\u00ed, este 13 de diciembre de 2023 ha contribuido con una donaci\u00f3n a los \u2018Premios Dona2\u2019, que ha entregado la \u2018Fundaci\u00f3n Bert\u00edn Osborne\u2019 en Madrid. La Fundaci\u00f3n tiene como objetivo que los ni\u00f1os con necesidades especiales o alg\u00fan tipo de discapacidad tengan todo cuanto necesitan para su desarrollo; y esto, a trav\u00e9s de \u201cproyectos que les ayudan a caminar mejor en su d\u00eda a d\u00eda, ofreci\u00e9ndoles claves para afrontar situaciones emocionalmente complicadas\u201d, tanto a los ni\u00f1os como a sus familias.<\/p><p>DEXTER cree en la labor de la Fundaci\u00f3n, que pretende que se pueda \u201cdisfrutar de un espacio y tiempo para compartir experiencias a la vez que descubrir y ampliar el repertorio de habilidades, estrategias y herramientas, lo que puede beneficiar tanto en el desarrollo personal como en las relaciones familiares y, por tanto, en el clima donde se educa a hijos e hijas, con y sin discapacidad\u201d.<\/p><p>La presidenta de DEXTER, Yeidy Ram\u00edrez, ha se\u00f1alado que \u201cdesde que naci\u00f3 la compa\u00f1\u00eda hace cinco a\u00f1os hemos tenido muy presente nuestra responsabilidad con la sociedad, con los m\u00e1s vulnerables o con aquellos que simplemente pueden tener necesidades especiales\u201d. En este sentido, ha a\u00f1adido que \u201ccon esta donaci\u00f3n apoyamos a una Fundaci\u00f3n que trabaja por el apoyo integral de los menores, acompa\u00f1ando a sus familias para que de manera personalizada y gratuita reciban asistencia todos los d\u00edas del a\u00f1o, las 24 horas del d\u00eda. La ayuda y la solidaridad nos humanizan, est\u00e1n en la esencia de nuestros valores y nos hace construir una sociedad mejor\u201d, concluye Yeidy Ram\u00edrez.<\/p><div><\/div><div><\/div><div><\/div><div><\/div><div><\/div><div><\/div>\t\t\t\t\t\t\t\t<\/div>\n\t\t\t\t<\/div>\n\t\t\t\t<div class=\"elementor-element elementor-element-73e31fd elementor-widget-divider--view-line_icon elementor-view-framed elementor-widget-divider--element-align-center elementor-widget elementor-widget-divider\" data-id=\"73e31fd\" data-element_type=\"widget\" data-e-type=\"widget\" data-widget_type=\"divider.default\">\n\t\t\t\t<div class=\"elementor-widget-container\">\n\t\t\t\t\t\t\t<div class=\"elementor-divider\">\n\t\t\t<span class=\"elementor-divider-separator\">\n\t\t\t\t\t\t\t<div class=\"elementor-icon elementor-divider__element\">\n\t\t\t\t\t<i aria-hidden=\"true\" class=\"fas fa-star\"><\/i><\/div>\n\t\t\t\t\t\t<\/span>\n\t\t<\/div>\n\t\t\t\t\t\t<\/div>\n\t\t\t\t<\/div>\n\t\t\t\t<div class=\"elementor-element elementor-element-268aecf elementor-widget elementor-widget-country-flag\" data-id=\"268aecf\" data-element_type=\"widget\" data-e-type=\"widget\" data-widget_type=\"country-flag.default\">\n\t\t\t\t<div class=\"elementor-widget-container\">\n\t\t\t\t\t\t\t<div class=\"cffe-flag-wrapper\">\n\t\t\t<div class=\"cffe-flag\">\n\t\t\t\t<i class=\"flag-icon flag-icon-gb\" aria-hidden=\"true\"><\/i>\n\t\t\t<\/div>\n\t\t<\/div>\n\t\t\t\t\t\t<\/div>\n\t\t\t\t<\/div>\n\t\t\t\t<div class=\"elementor-element elementor-element-a1d9538 elementor-widget elementor-widget-heading\" data-id=\"a1d9538\" data-element_type=\"widget\" data-e-type=\"widget\" data-widget_type=\"heading.default\">\n\t\t\t\t<div class=\"elementor-widget-container\">\n\t\t\t\t\t<h2 class=\"elementor-heading-title elementor-size-default\">DEXTER reinforces its solidarity commitment this Christmas with the 'Bert\u00edn Osborne Foundation'.<\/h2>\t\t\t\t<\/div>\n\t\t\t\t<\/div>\n\t\t\t\t<div class=\"elementor-element elementor-element-d269c60 elementor-widget elementor-widget-text-editor\" data-id=\"d269c60\" data-element_type=\"widget\" data-e-type=\"widget\" data-widget_type=\"text-editor.default\">\n\t\t\t\t<div class=\"elementor-widget-container\">\n\t\t\t\t\t\t\t\t\t<p>DEXTER remains committed to promoting its corporate social responsibility, as a financial management and intermediation company that not only owes a duty to its institutional funds and clients, but also has a commitment to society as a whole, beyond its wealth creation work.<\/p>\n<p>Thus, this 13 December 2023, it has contributed with a donation to the &#8216;Dona2 Awards&#8217;, presented by the &#8216;Bert\u00edn Osborne Foundation&#8217; in Madrid. The Foundation&#8217;s objective is that children with special needs or some kind of disability have everything they need for their development; and this, through \u00abprojects that help them to walk better in their daily lives, offering them keys to deal with emotionally complicated situations\u00bb, both for the children and their families.<\/p>\n<p>DEXTER believes in the work of the Foundation, which aims to \u00abenjoy a space and time to share experiences while discovering and expanding the repertoire of skills, strategies and tools, which can benefit both personal development and family relationships and, therefore, the climate in which sons and daughters, with and without disabilities, are educated\u00bb.<\/p><p>The president of DEXTER, Yeidy Ram\u00edrez, pointed out that \u00absince the company was founded five years ago, we have been very aware of our responsibility to society, to the most vulnerable or to those who may simply have special needs\u00bb. In this sense, he added that \u00abwith this donation we are supporting a Foundation that works for the comprehensive support of minors, accompanying their families so that they receive personalised and free assistance every day of the year, 24 hours a day. Aid and solidarity humanise us, they are at the core of our values and help us build a better society\u00bb, concludes Yeidy Ram\u00edrez.<br><\/p>\n<div><\/div>\n<div><\/div>\n<div><\/div>\n<div><\/div>\n<div><\/div>\n<div><\/div>\n<div><\/div>\t\t\t\t\t\t\t\t<\/div>\n\t\t\t\t<\/div>\n\t\t\t\t\t<\/div>\n\t\t<\/div>\n\t\t\t\t\t<\/div>\n\t\t<\/section>\n\t\t\t\t<\/div>","protected":false},"excerpt":{"rendered":"<p>M\u00e1laga capital y la Costa del Sol mantendr\u00e1n su pulso financiero e inmobiliario en 2024 A pesar de los datos puntuales de cada mes, a lo largo de este 2023, debido a las ca\u00eddas de compraventas al mermar la concesi\u00f3n de hipotecas, las tendencias inmobiliarias de los principales indicadores de [&hellip;]<\/p>\n","protected":false},"author":1,"featured_media":10348,"comment_status":"closed","ping_status":"closed","sticky":false,"template":"","format":"standard","meta":{"footnotes":""},"categories":[11],"tags":[],"class_list":["post-10343","post","type-post","status-publish","format-standard","has-post-thumbnail","hentry","category-dexter-global-finance"],"_links":{"self":[{"href":"https:\/\/grupodexter.com\/sv\/wp-json\/wp\/v2\/posts\/10343","targetHints":{"allow":["GET"]}}],"collection":[{"href":"https:\/\/grupodexter.com\/sv\/wp-json\/wp\/v2\/posts"}],"about":[{"href":"https:\/\/grupodexter.com\/sv\/wp-json\/wp\/v2\/types\/post"}],"author":[{"embeddable":true,"href":"https:\/\/grupodexter.com\/sv\/wp-json\/wp\/v2\/users\/1"}],"replies":[{"embeddable":true,"href":"https:\/\/grupodexter.com\/sv\/wp-json\/wp\/v2\/comments?post=10343"}],"version-history":[{"count":0,"href":"https:\/\/grupodexter.com\/sv\/wp-json\/wp\/v2\/posts\/10343\/revisions"}],"wp:featuredmedia":[{"embeddable":true,"href":"https:\/\/grupodexter.com\/sv\/wp-json\/wp\/v2\/media\/10348"}],"wp:attachment":[{"href":"https:\/\/grupodexter.com\/sv\/wp-json\/wp\/v2\/media?parent=10343"}],"wp:term":[{"taxonomy":"category","embeddable":true,"href":"https:\/\/grupodexter.com\/sv\/wp-json\/wp\/v2\/categories?post=10343"},{"taxonomy":"post_tag","embeddable":true,"href":"https:\/\/grupodexter.com\/sv\/wp-json\/wp\/v2\/tags?post=10343"}],"curies":[{"name":"wp","href":"https:\/\/api.w.org\/{rel}","templated":true}]}}