{"id":10945,"date":"2024-03-01T10:36:57","date_gmt":"2024-03-01T09:36:57","guid":{"rendered":"https:\/\/grupodexter.com\/?p=10945"},"modified":"2024-03-04T10:40:40","modified_gmt":"2024-03-04T09:40:40","slug":"dexter-intervendra-en-un-foro-sobre-inversion-inmobiliaria-y-nueva-economia-en-marbella","status":"publish","type":"post","link":"https:\/\/grupodexter.com\/sv\/dexter-intervendra-en-un-foro-sobre-inversion-inmobiliaria-y-nueva-economia-en-marbella\/","title":{"rendered":"DEXTER talar vid ett forum om fastighetsinvesteringar och \"den nya ekonomin\" i Marbella"},"content":{"rendered":"<div data-elementor-type=\"wp-post\" data-elementor-id=\"10945\" class=\"elementor elementor-10945\" data-elementor-post-type=\"post\">\n\t\t\t\t\t\t<section class=\"elementor-section elementor-top-section elementor-element elementor-element-8cacad2 elementor-section-boxed elementor-section-height-default elementor-section-height-default\" data-id=\"8cacad2\" data-element_type=\"section\" data-e-type=\"section\">\n\t\t\t\t\t\t<div class=\"elementor-container elementor-column-gap-default\">\n\t\t\t\t\t<div class=\"elementor-column elementor-col-100 elementor-top-column elementor-element elementor-element-7b804f02\" data-id=\"7b804f02\" data-element_type=\"column\" data-e-type=\"column\">\n\t\t\t<div class=\"elementor-widget-wrap elementor-element-populated\">\n\t\t\t\t\t\t<div class=\"elementor-element elementor-element-6144496 elementor-widget elementor-widget-country-flag\" data-id=\"6144496\" data-element_type=\"widget\" data-e-type=\"widget\" data-widget_type=\"country-flag.default\">\n\t\t\t\t<div class=\"elementor-widget-container\">\n\t\t\t\t\t\t\t<div class=\"cffe-flag-wrapper\">\n\t\t\t<div class=\"cffe-flag\">\n\t\t\t\t<i class=\"flag-icon flag-icon-es\" aria-hidden=\"true\"><\/i>\n\t\t\t<\/div>\n\t\t<\/div>\n\t\t\t\t\t\t<\/div>\n\t\t\t\t<\/div>\n\t\t\t\t<div class=\"elementor-element elementor-element-4d70dbba elementor-widget elementor-widget-heading\" data-id=\"4d70dbba\" data-element_type=\"widget\" data-e-type=\"widget\" data-widget_type=\"heading.default\">\n\t\t\t\t<div class=\"elementor-widget-container\">\n\t\t\t\t\t<h2 class=\"elementor-heading-title elementor-size-default\">DEXTER talar vid ett forum om fastighetsinvesteringar och \"den nya ekonomin\" i Marbella<\/h2>\t\t\t\t<\/div>\n\t\t\t\t<\/div>\n\t\t\t\t<div class=\"elementor-element elementor-element-4e774e6 elementor-widget elementor-widget-text-editor\" data-id=\"4e774e6\" data-element_type=\"widget\" data-e-type=\"widget\" data-widget_type=\"text-editor.default\">\n\t\t\t\t<div class=\"elementor-widget-container\">\n\t\t\t\t\t\t\t\t\t<p>El pr\u00f3ximo 6 de marzo, en \u2018The Pool\u2019 (Marbella) se llevar\u00e1 a cabo a partir de las 5 de la tarde el evento \u201cPropTech and Tokenization in Spain: Opportunities &amp; Challenges\u201d, un encuentro en el que se abordar\u00e1n los retos del mundo de la tecnolog\u00eda inmobiliaria, la tokenizaci\u00f3n en Espa\u00f1a y el panorama estrat\u00e9gico de los bienes ra\u00edces en nuestro pa\u00eds.<\/p><p>En \u00e9l tomar\u00e1 parte el vicepresidente de DEXTER, Alfonso Merlos, junto a Mois\u00e9s Segura, fundador de Tokeniza y Vicente Ortiz, Executive Managing Director de Vicox. La cita est\u00e1 auspiciada por la plataforma MetaWealth, que ha elegido Espa\u00f1a por ser uno de los mercados inmobiliarios m\u00e1s atractivos de Europa y pondr\u00e1 el foco en la democratizaci\u00f3n de las inversiones, haci\u00e9ndolas accesibles a usuarios con mayor o menor capacidad adquisitiva. De hecho, la compa\u00f1\u00eda ha presentado en Espa\u00f1a una primera selecci\u00f3n de apartamentos de Mane Residences en Benalm\u00e1dena, M\u00e1laga, incluyendo \u00e1ticos exclusivos.<\/p><p>El segundo ejecutivo de DEXTER ha se\u00f1alado que \u201cestamos realmente satisfechos de que cuando se habla de inversi\u00f3n inmobiliaria, de financiaci\u00f3n alternativa, de capital privado\u2026 se mire la posici\u00f3n dominante de nuestra compa\u00f1\u00eda en el mercado. Esto por un lado; y por otro, ciertamente orgullosos de que con nuestra sede general en Marbella cada d\u00eda sean m\u00e1s empresas las que buscan la Costa del Sol como foco de atracci\u00f3n para la generaci\u00f3n de riqueza en todos los sectores productivos\u201d, ha subrayado Alfonso Merlos, que ha concluido que \u201cuna compa\u00f1\u00eda l\u00edder como la nuestra ha de estar permanentemente atenta a los cambios introducidos por la tecnolog\u00eda en los mercados financieros; no es una cuesti\u00f3n de futuro sino de presente\u201d.<\/p><div><\/div><div><\/div><div><\/div><div><\/div><div><\/div><div><\/div>\t\t\t\t\t\t\t\t<\/div>\n\t\t\t\t<\/div>\n\t\t\t\t<div class=\"elementor-element elementor-element-73e31fd elementor-widget-divider--view-line_icon elementor-view-framed elementor-widget-divider--element-align-center elementor-widget elementor-widget-divider\" data-id=\"73e31fd\" data-element_type=\"widget\" data-e-type=\"widget\" data-widget_type=\"divider.default\">\n\t\t\t\t<div class=\"elementor-widget-container\">\n\t\t\t\t\t\t\t<div class=\"elementor-divider\">\n\t\t\t<span class=\"elementor-divider-separator\">\n\t\t\t\t\t\t\t<div class=\"elementor-icon elementor-divider__element\">\n\t\t\t\t\t<i aria-hidden=\"true\" class=\"fas fa-star\"><\/i><\/div>\n\t\t\t\t\t\t<\/span>\n\t\t<\/div>\n\t\t\t\t\t\t<\/div>\n\t\t\t\t<\/div>\n\t\t\t\t<div class=\"elementor-element elementor-element-268aecf elementor-widget elementor-widget-country-flag\" data-id=\"268aecf\" data-element_type=\"widget\" data-e-type=\"widget\" data-widget_type=\"country-flag.default\">\n\t\t\t\t<div class=\"elementor-widget-container\">\n\t\t\t\t\t\t\t<div class=\"cffe-flag-wrapper\">\n\t\t\t<div class=\"cffe-flag\">\n\t\t\t\t<i class=\"flag-icon flag-icon-gb\" aria-hidden=\"true\"><\/i>\n\t\t\t<\/div>\n\t\t<\/div>\n\t\t\t\t\t\t<\/div>\n\t\t\t\t<\/div>\n\t\t\t\t<div class=\"elementor-element elementor-element-a1d9538 elementor-widget elementor-widget-heading\" data-id=\"a1d9538\" data-element_type=\"widget\" data-e-type=\"widget\" data-widget_type=\"heading.default\">\n\t\t\t\t<div class=\"elementor-widget-container\">\n\t\t\t\t\t<h2 class=\"elementor-heading-title elementor-size-default\">DEXTER to speak at a forum on real estate investment and 'new economy' in Marbella<\/h2>\t\t\t\t<\/div>\n\t\t\t\t<\/div>\n\t\t\t\t<div class=\"elementor-element elementor-element-d269c60 elementor-widget elementor-widget-text-editor\" data-id=\"d269c60\" data-element_type=\"widget\" data-e-type=\"widget\" data-widget_type=\"text-editor.default\">\n\t\t\t\t<div class=\"elementor-widget-container\">\n\t\t\t\t\t\t\t\t\t<p>Next March 6, in &#8216;The Pool&#8217; (Marbella) will be held from 5 pm the event \u00abPropTech and Tokenization in Spain: Opportunities &amp; Challenges\u00bb, a meeting in which the challenges of the world of real estate technology, tokenization in Spain and the strategic landscape of real estate in our country will be addressed.<\/p><p>DEXTER&#8217;s Vice President, Alfonso Merlos, will take part in the event, together with Mois\u00e9s Segura, founder of Tokeniza and Vicente Ortiz, Executive Managing Director of Vicox. The event is sponsored by the MetaWealth platform, which has chosen Spain as one of the most attractive real estate markets in Europe and will focus on the democratization of investments, making them accessible to users with greater or lesser purchasing power. In fact, the company has presented in Spain a first selection of Mane Residences apartments in Benalm\u00e1dena, M\u00e1laga, including exclusive penthouses.<\/p><p>DEXTER&#8217;s second executive has pointed out that \u00abwe are really pleased that when people talk about real estate investment, alternative financing, private equity&#8230; they look at the dominant position of our company in the market. On the one hand, and on the other hand, we are certainly proud that with our headquarters in Marbella, more and more companies are looking for the Costa del Sol as a focus of attraction for the generation of wealth in all productive sectors\u00bb, emphasized Alfonso Merlos, who concluded that \u00aba leading company like ours must be permanently attentive to the changes introduced by technology in the financial markets; it is not a question of the future but of the present\u00bb.<\/p>\n<div><\/div>\n<div><\/div>\n<div><\/div>\n<div><\/div>\n<div><\/div>\n<div><\/div>\n<div><\/div>\n<div><\/div>\n<div><\/div>\n<div><\/div>\n<div><\/div>\n<div><\/div>\t\t\t\t\t\t\t\t<\/div>\n\t\t\t\t<\/div>\n\t\t\t\t\t<\/div>\n\t\t<\/div>\n\t\t\t\t\t<\/div>\n\t\t<\/section>\n\t\t\t\t<\/div>","protected":false},"excerpt":{"rendered":"<p>DEXTER intervendr\u00e1 en un foro sobre inversi\u00f3n inmobiliaria y \u2018nueva econom\u00eda\u2019 en Marbella El pr\u00f3ximo 6 de marzo, en \u2018The Pool\u2019 (Marbella) se llevar\u00e1 a cabo a partir de las 5 de la tarde el evento \u201cPropTech and Tokenization in Spain: Opportunities &amp; Challenges\u201d, un encuentro en el que se [&hellip;]<\/p>\n","protected":false},"author":1,"featured_media":10947,"comment_status":"closed","ping_status":"closed","sticky":false,"template":"","format":"standard","meta":{"footnotes":""},"categories":[11],"tags":[],"class_list":["post-10945","post","type-post","status-publish","format-standard","has-post-thumbnail","hentry","category-dexter-global-finance"],"_links":{"self":[{"href":"https:\/\/grupodexter.com\/sv\/wp-json\/wp\/v2\/posts\/10945","targetHints":{"allow":["GET"]}}],"collection":[{"href":"https:\/\/grupodexter.com\/sv\/wp-json\/wp\/v2\/posts"}],"about":[{"href":"https:\/\/grupodexter.com\/sv\/wp-json\/wp\/v2\/types\/post"}],"author":[{"embeddable":true,"href":"https:\/\/grupodexter.com\/sv\/wp-json\/wp\/v2\/users\/1"}],"replies":[{"embeddable":true,"href":"https:\/\/grupodexter.com\/sv\/wp-json\/wp\/v2\/comments?post=10945"}],"version-history":[{"count":0,"href":"https:\/\/grupodexter.com\/sv\/wp-json\/wp\/v2\/posts\/10945\/revisions"}],"wp:featuredmedia":[{"embeddable":true,"href":"https:\/\/grupodexter.com\/sv\/wp-json\/wp\/v2\/media\/10947"}],"wp:attachment":[{"href":"https:\/\/grupodexter.com\/sv\/wp-json\/wp\/v2\/media?parent=10945"}],"wp:term":[{"taxonomy":"category","embeddable":true,"href":"https:\/\/grupodexter.com\/sv\/wp-json\/wp\/v2\/categories?post=10945"},{"taxonomy":"post_tag","embeddable":true,"href":"https:\/\/grupodexter.com\/sv\/wp-json\/wp\/v2\/tags?post=10945"}],"curies":[{"name":"wp","href":"https:\/\/api.w.org\/{rel}","templated":true}]}}