{"id":11197,"date":"2024-03-15T16:00:57","date_gmt":"2024-03-15T15:00:57","guid":{"rendered":"https:\/\/grupodexter.com\/?p=11197"},"modified":"2024-03-15T16:02:26","modified_gmt":"2024-03-15T15:02:26","slug":"dexters-forsaljningsnatverk-vaxer-stadigt-ar-2024","status":"publish","type":"post","link":"https:\/\/grupodexter.com\/sv\/la-red-comercial-de-dexter-se-encuentra-en-2024-en-constante-crecimiento\/","title":{"rendered":"DEXTERs f\u00f6rs\u00e4ljningsn\u00e4tverk v\u00e4xer st\u00e4ndigt \u00e5r 2024."},"content":{"rendered":"<div data-elementor-type=\"wp-post\" data-elementor-id=\"11197\" class=\"elementor elementor-11197\" data-elementor-post-type=\"post\">\n\t\t\t\t\t\t<section class=\"elementor-section elementor-top-section elementor-element elementor-element-8cacad2 elementor-section-boxed elementor-section-height-default elementor-section-height-default\" data-id=\"8cacad2\" data-element_type=\"section\" data-e-type=\"section\">\n\t\t\t\t\t\t<div class=\"elementor-container elementor-column-gap-default\">\n\t\t\t\t\t<div class=\"elementor-column elementor-col-100 elementor-top-column elementor-element elementor-element-7b804f02\" data-id=\"7b804f02\" data-element_type=\"column\" data-e-type=\"column\">\n\t\t\t<div class=\"elementor-widget-wrap elementor-element-populated\">\n\t\t\t\t\t\t<div class=\"elementor-element elementor-element-6144496 elementor-widget elementor-widget-country-flag\" data-id=\"6144496\" data-element_type=\"widget\" data-e-type=\"widget\" data-widget_type=\"country-flag.default\">\n\t\t\t\t<div class=\"elementor-widget-container\">\n\t\t\t\t\t\t\t<div class=\"cffe-flag-wrapper\">\n\t\t\t<div class=\"cffe-flag\">\n\t\t\t\t<i class=\"flag-icon flag-icon-es\" aria-hidden=\"true\"><\/i>\n\t\t\t<\/div>\n\t\t<\/div>\n\t\t\t\t\t\t<\/div>\n\t\t\t\t<\/div>\n\t\t\t\t<div class=\"elementor-element elementor-element-4d70dbba elementor-widget elementor-widget-heading\" data-id=\"4d70dbba\" data-element_type=\"widget\" data-e-type=\"widget\" data-widget_type=\"heading.default\">\n\t\t\t\t<div class=\"elementor-widget-container\">\n\t\t\t\t\t<h2 class=\"elementor-heading-title elementor-size-default\">\"DEXTERs f\u00f6rs\u00e4ljningsn\u00e4tverk v\u00e4xer st\u00e4ndigt under 2024\".<\/h2>\t\t\t\t<\/div>\n\t\t\t\t<\/div>\n\t\t\t\t<div class=\"elementor-element elementor-element-4e774e6 elementor-widget elementor-widget-text-editor\" data-id=\"4e774e6\" data-element_type=\"widget\" data-e-type=\"widget\" data-widget_type=\"text-editor.default\">\n\t\t\t\t<div class=\"elementor-widget-container\">\n\t\t\t\t\t\t\t\t\t<p>Den kommersiella direkt\u00f6ren f\u00f6r <i>DEXTER<\/i>Marco Ponce h\u00e4nvisade till att bolaget befinner sig i en expansiv fas och till n\u00e4ringslivets inst\u00e4llning till alternativ finansiering med privat kapital: <i>\"Vi har m\u00e4rkt en f\u00f6r\u00e4ndring \u00e5r efter \u00e5r, kvartal efter kvartal. Det h\u00e4r \u00e4r verkligheten, det finns en mer mottaglig karakt\u00e4r gentemot investeringsfonder, en \u00f6ppenhet fr\u00e5n entrepren\u00f6rer som letar efter utv\u00e4gar, efter l\u00f6sningar\".<\/i>.<\/p>\n<p>Chefen f\u00f6r bolagets kommersiella n\u00e4tverk har ber\u00e4ttat att <i>\"Vi anstr\u00e4nger oss s\u00e4rskilt f\u00f6r att vara v\u00e4ldigt duktiga p\u00e5 tid och rutiner, eftersom det finns kunder som \u00e4r tr\u00f6tta och mycket kritiska till traditionell bankverksamhet, och vi letar efter processer d\u00e4r amorteringen, n\u00e4r transaktionen v\u00e4l har godk\u00e4nts och kapitalet har \u00f6verf\u00f6rts, sker p\u00e5 kort tid\".<\/i>tillade han.<\/p>\n<p>Under \"FORO DEXTER - CAMPO DE GIBRALTAR\" och i uttalanden till \"Onda Cero Radio\" h\u00e4nvisade Marco Ponce till det stora v\u00e4rdet av den aff\u00e4rsman som kommer till kontoret eller kontaktar f\u00f6retaget. <i>\"med ett v\u00e4lstrukturerat projekt, med en v\u00e4lformulerad och genomf\u00f6rbar aff\u00e4rsplan\".<\/i>.<\/p>\n<p>Lyssna p\u00e5 hela intervjun,&nbsp;<a href=\"https:\/\/www.ondacero.es\/emisoras\/andalucia\/marbella\/audios-podcast\/mas-de-uno\/mas-uno-marbella-1220-jueves-22-febrero-2024_2024022265d743dc4129260001cf0b67.html\" target=\"_blank\" rel=\"noopener\"><b>H\u00c4R<\/b><\/a>.<\/p>\n<div><\/div>\n<div><\/div>\n<div><\/div>\n<div><\/div>\n<div><\/div>\n<div><\/div>\t\t\t\t\t\t\t\t<\/div>\n\t\t\t\t<\/div>\n\t\t\t\t<div class=\"elementor-element elementor-element-73e31fd elementor-widget-divider--view-line_icon elementor-view-framed elementor-widget-divider--element-align-center elementor-widget elementor-widget-divider\" data-id=\"73e31fd\" data-element_type=\"widget\" data-e-type=\"widget\" data-widget_type=\"divider.default\">\n\t\t\t\t<div class=\"elementor-widget-container\">\n\t\t\t\t\t\t\t<div class=\"elementor-divider\">\n\t\t\t<span class=\"elementor-divider-separator\">\n\t\t\t\t\t\t\t<div class=\"elementor-icon elementor-divider__element\">\n\t\t\t\t\t<i aria-hidden=\"true\" class=\"fas fa-star\"><\/i><\/div>\n\t\t\t\t\t\t<\/span>\n\t\t<\/div>\n\t\t\t\t\t\t<\/div>\n\t\t\t\t<\/div>\n\t\t\t\t<div class=\"elementor-element elementor-element-268aecf elementor-widget elementor-widget-country-flag\" data-id=\"268aecf\" data-element_type=\"widget\" data-e-type=\"widget\" data-widget_type=\"country-flag.default\">\n\t\t\t\t<div class=\"elementor-widget-container\">\n\t\t\t\t\t\t\t<div class=\"cffe-flag-wrapper\">\n\t\t\t<div class=\"cffe-flag\">\n\t\t\t\t<i class=\"flag-icon flag-icon-gb\" aria-hidden=\"true\"><\/i>\n\t\t\t<\/div>\n\t\t<\/div>\n\t\t\t\t\t\t<\/div>\n\t\t\t\t<\/div>\n\t\t\t\t<div class=\"elementor-element elementor-element-a1d9538 elementor-widget elementor-widget-heading\" data-id=\"a1d9538\" data-element_type=\"widget\" data-e-type=\"widget\" data-widget_type=\"heading.default\">\n\t\t\t\t<div class=\"elementor-widget-container\">\n\t\t\t\t\t<h2 class=\"elementor-heading-title elementor-size-default\">\"DEXTER:s kommersiella n\u00e4tverk v\u00e4xer st\u00e4ndigt 2024\".<\/h2>\t\t\t\t<\/div>\n\t\t\t\t<\/div>\n\t\t\t\t<div class=\"elementor-element elementor-element-d269c60 elementor-widget elementor-widget-text-editor\" data-id=\"d269c60\" data-element_type=\"widget\" data-e-type=\"widget\" data-widget_type=\"text-editor.default\">\n\t\t\t\t<div class=\"elementor-widget-container\">\n\t\t\t\t\t\t\t\t\t<p>Den kommersiella direkt\u00f6ren f\u00f6r <i>DEXTER<\/i>Marco Ponce, har h\u00e4nvisat till den expansionsfas som bolaget befinner sig i och till n\u00e4ringslivets attityder till alternativ finansiering med private equity: <i>\"vi ser en f\u00f6r\u00e4ndring \u00e5r efter \u00e5r, kvartal efter kvartal<\/i>. <i>Det \u00e4r verkligheten, det finns en mer mottaglig karakt\u00e4r gentemot investeringsfonder, en \u00f6ppenhet fr\u00e5n entrepren\u00f6rer som letar efter utv\u00e4gar, efter l\u00f6sningar\".<\/i>.<\/p><p>Chefen f\u00f6r bolagets kommersiella n\u00e4tverk har ber\u00e4ttat att <i>\"Vi anstr\u00e4nger oss s\u00e4rskilt f\u00f6r att vara mycket duktiga p\u00e5 tid och rutiner, eftersom det finns kunder som kommer tr\u00f6tta och mycket kritiska till traditionell bankverksamhet, och vi s\u00f6ker processer d\u00e4r avskrivningen, n\u00e4r operationen v\u00e4l \u00e4r godk\u00e4nd och kapitalet \u00e4r investerat, sker p\u00e5 kort tid.\"<\/i> tillade han.<\/p><p>Under \"FORO DEXTER - CAMPO DE GIBRALTAR\", och i uttalanden till \"Onda Cero Radio\", h\u00e4nvisade Marco Ponce till det stora v\u00e4rdet av entrepren\u00f6ren som kommer till kontoret eller som kontaktar f\u00f6retaget <i>\"med ett v\u00e4lstrukturerat projekt, med en v\u00e4lkonstruerad och genomf\u00f6rbar aff\u00e4rsplan\".<\/i>.<\/p><p>Lyssna p\u00e5 hela intervjun,\u00a0<a href=\"https:\/\/www.ondacero.es\/emisoras\/andalucia\/marbella\/audios-podcast\/mas-de-uno\/mas-uno-marbella-1220-jueves-22-febrero-2024_2024022265d743dc4129260001cf0b67.html\" target=\"_blank\" rel=\"noopener\"><b>H\u00c4R<\/b><\/a>.<\/p><div><\/div><div><\/div><div><\/div><div><\/div><div><\/div><div><\/div><div><\/div><div><\/div><div><\/div><div><\/div><div><\/div><div><\/div>\t\t\t\t\t\t\t\t<\/div>\n\t\t\t\t<\/div>\n\t\t\t\t\t<\/div>\n\t\t<\/div>\n\t\t\t\t\t<\/div>\n\t\t<\/section>\n\t\t\t\t<\/div>","protected":false},"excerpt":{"rendered":"<p>\u201cLa red comercial de DEXTER se encuentra en 2024 en constante crecimiento\u201d El Director Comercial de DEXTER, Marco Ponce se ha referido al momento de expansi\u00f3n que vive la compa\u00f1\u00eda y a las propias actitudes del empresariado en relaci\u00f3n a la financiaci\u00f3n alternativa con capital privado: \u201cnotamos un cambio a\u00f1o [&hellip;]<\/p>\n","protected":false},"author":1,"featured_media":11191,"comment_status":"closed","ping_status":"closed","sticky":false,"template":"","format":"standard","meta":{"footnotes":""},"categories":[11],"tags":[],"class_list":["post-11197","post","type-post","status-publish","format-standard","has-post-thumbnail","hentry","category-dexter-global-finance"],"_links":{"self":[{"href":"https:\/\/grupodexter.com\/sv\/wp-json\/wp\/v2\/posts\/11197","targetHints":{"allow":["GET"]}}],"collection":[{"href":"https:\/\/grupodexter.com\/sv\/wp-json\/wp\/v2\/posts"}],"about":[{"href":"https:\/\/grupodexter.com\/sv\/wp-json\/wp\/v2\/types\/post"}],"author":[{"embeddable":true,"href":"https:\/\/grupodexter.com\/sv\/wp-json\/wp\/v2\/users\/1"}],"replies":[{"embeddable":true,"href":"https:\/\/grupodexter.com\/sv\/wp-json\/wp\/v2\/comments?post=11197"}],"version-history":[{"count":0,"href":"https:\/\/grupodexter.com\/sv\/wp-json\/wp\/v2\/posts\/11197\/revisions"}],"wp:featuredmedia":[{"embeddable":true,"href":"https:\/\/grupodexter.com\/sv\/wp-json\/wp\/v2\/media\/11191"}],"wp:attachment":[{"href":"https:\/\/grupodexter.com\/sv\/wp-json\/wp\/v2\/media?parent=11197"}],"wp:term":[{"taxonomy":"category","embeddable":true,"href":"https:\/\/grupodexter.com\/sv\/wp-json\/wp\/v2\/categories?post=11197"},{"taxonomy":"post_tag","embeddable":true,"href":"https:\/\/grupodexter.com\/sv\/wp-json\/wp\/v2\/tags?post=11197"}],"curies":[{"name":"wp","href":"https:\/\/api.w.org\/{rel}","templated":true}]}}