{"id":11293,"date":"2024-03-31T18:09:34","date_gmt":"2024-03-31T16:09:34","guid":{"rendered":"https:\/\/grupodexter.com\/?p=11293"},"modified":"2024-04-29T18:43:06","modified_gmt":"2024-04-29T16:43:06","slug":"dexter-ar-riktmarket-for-rehabilitering-och-renovering-av-fastighetstillgangar","status":"publish","type":"post","link":"https:\/\/grupodexter.com\/sv\/dexter-el-referente-para-la-rehabilitacion-y-reforma-de-activos-inmobiliarios\/","title":{"rendered":"DEXTER, riktm\u00e4rket f\u00f6r renovering och ombyggnad av fastighetstillg\u00e5ngar"},"content":{"rendered":"<div data-elementor-type=\"wp-post\" data-elementor-id=\"11293\" class=\"elementor elementor-11293\" data-elementor-post-type=\"post\">\n\t\t\t\t\t\t<section class=\"elementor-section elementor-top-section elementor-element elementor-element-8cacad2 elementor-section-boxed elementor-section-height-default elementor-section-height-default\" data-id=\"8cacad2\" data-element_type=\"section\" data-e-type=\"section\">\n\t\t\t\t\t\t<div class=\"elementor-container elementor-column-gap-default\">\n\t\t\t\t\t<div class=\"elementor-column elementor-col-100 elementor-top-column elementor-element elementor-element-7b804f02\" data-id=\"7b804f02\" data-element_type=\"column\" data-e-type=\"column\">\n\t\t\t<div class=\"elementor-widget-wrap elementor-element-populated\">\n\t\t\t\t\t\t<div class=\"elementor-element elementor-element-6144496 elementor-widget elementor-widget-country-flag\" data-id=\"6144496\" data-element_type=\"widget\" data-e-type=\"widget\" data-widget_type=\"country-flag.default\">\n\t\t\t\t<div class=\"elementor-widget-container\">\n\t\t\t\t\t\t\t<div class=\"cffe-flag-wrapper\">\n\t\t\t<div class=\"cffe-flag\">\n\t\t\t\t<i class=\"flag-icon flag-icon-es\" aria-hidden=\"true\"><\/i>\n\t\t\t<\/div>\n\t\t<\/div>\n\t\t\t\t\t\t<\/div>\n\t\t\t\t<\/div>\n\t\t\t\t<div class=\"elementor-element elementor-element-4d70dbba elementor-widget elementor-widget-heading\" data-id=\"4d70dbba\" data-element_type=\"widget\" data-e-type=\"widget\" data-widget_type=\"heading.default\">\n\t\t\t\t<div class=\"elementor-widget-container\">\n\t\t\t\t\t<h2 class=\"elementor-heading-title elementor-size-default\">DEXTER, riktm\u00e4rket f\u00f6r renovering och ombyggnad av fastighetstillg\u00e5ngar<\/h2>\t\t\t\t<\/div>\n\t\t\t\t<\/div>\n\t\t\t\t<div class=\"elementor-element elementor-element-4e774e6 elementor-widget elementor-widget-text-editor\" data-id=\"4e774e6\" data-element_type=\"widget\" data-e-type=\"widget\" data-widget_type=\"text-editor.default\">\n\t\t\t\t<div class=\"elementor-widget-container\">\n\t\t\t\t\t\t\t\t\t<p><span style=\"white-space: normal;\"><span style=\"white-space: pre;\"> <\/span>Spaniens bostadsbest\u00e5nd \u00e4r relativt gammalt, med 65% av bost\u00e4derna byggda f\u00f6re 1990, dvs. 40 \u00e5r eller \u00e4ldre. upprustning och renovering av bostadshus har d\u00e4rf\u00f6r inte bara blivit en aff\u00e4rsverksamhet f\u00f6r m\u00e5nga entrepren\u00f6rer, utan \u00e4r ocks\u00e5 ett tr\u00e4ngande behov i v\u00e5rt land. i en s\u00e5dan utstr\u00e4ckning att en del av \"Next Generation Funds\" fr\u00e5n Europeiska unionen delvis har avsatts f\u00f6r detta \u00e4ndam\u00e5l.<\/span><\/p><p><span style=\"white-space: normal;\"><span style=\"white-space: pre;\"> <\/span>I detta sammanhang b\u00f6r det till\u00e4ggas att v\u00e5rt bostadsbest\u00e5nd ligger i botten i Europa n\u00e4r det g\u00e4ller energieffektivitet, helt enkelt p\u00e5 grund av den tidigare n\u00e4mnda \u00e5ldern. Och som om inte det vore nog, n\u00e4r det g\u00e4ller tillg\u00e4nglighet har m\u00e5nga av byggnaderna fortfarande arkitektoniska hinder som g\u00f6r att de inte uppfyller kraven.<\/span><\/p><p><span style=\"white-space: normal;\"><span style=\"white-space: pre;\"> <\/span>Entrepren\u00f6rer slutar inte att leta efter tillg\u00e5ngar att f\u00f6rb\u00e4ttra f\u00f6r att marknadsf\u00f6ra och g\u00f6ra vinst, s\u00e4rskilt med tanke p\u00e5 att Spanien beh\u00f6ver utveckla 1,2 miljoner hyresbost\u00e4der fram till 2030, enligt en rapport fr\u00e5n konsultf\u00f6retaget Savills: det nuvarande utbudet t\u00e4cker knappt h\u00e4lften av efterfr\u00e5gan.\u00a0<\/span><\/p><p><span style=\"white-space: normal;\"><span style=\"white-space: pre;\"> <\/span>Marco Ponce fr\u00e5n DEXTERs kommersiella avdelning f\u00f6rs\u00e4krar att \"ut\u00f6ver vissa offentliga st\u00f6d s\u00f6ker byggherren finansiering och tar hj\u00e4lp av privat kapital f\u00f6r att kunna g\u00e5 vidare med sina arbeten. Ibland handlar det inte direkt om sm\u00e5 budgetar eftersom dessa reformer, dessa renoveringar och uppgraderingar av byggnader \u00e4r seri\u00f6sa, de \u00e4r inriktade p\u00e5 ett stort kommersiellt intresse, inte bara f\u00f6r att renovera produkten utan ocks\u00e5 f\u00f6r att skenbart h\u00f6ja dess kvalitet\", avslutar Ponce.\u00a0<\/span><\/p><p><span style=\"white-space: normal;\"><span style=\"white-space: pre;\"> <\/span>Samh\u00e4llets egna behov skiljer sig fr\u00e5n vad som kr\u00e4vdes f\u00f6r n\u00e5gra \u00e5r sedan och DEXTER g\u00f6r just d\u00e4rf\u00f6r finansiering tillg\u00e4nglig f\u00f6r system som \"coliving\", som f\u00e5r en enorm betydelse: det \u00e4r obestridligt att distansarbetets genombrott eller det faktum att familjerna blir allt mindre har lett till, bland andra f\u00f6r\u00e4ndringar, att de gemensamma utrymmenas roll i byggnader har st\u00e4rkts.<\/span><\/p>\t\t\t\t\t\t\t\t<\/div>\n\t\t\t\t<\/div>\n\t\t\t\t<div class=\"elementor-element elementor-element-73e31fd elementor-widget-divider--view-line_icon elementor-view-framed elementor-widget-divider--element-align-center elementor-widget elementor-widget-divider\" data-id=\"73e31fd\" data-element_type=\"widget\" data-e-type=\"widget\" data-widget_type=\"divider.default\">\n\t\t\t\t<div class=\"elementor-widget-container\">\n\t\t\t\t\t\t\t<div class=\"elementor-divider\">\n\t\t\t<span class=\"elementor-divider-separator\">\n\t\t\t\t\t\t\t<div class=\"elementor-icon elementor-divider__element\">\n\t\t\t\t\t<i aria-hidden=\"true\" class=\"fas fa-star\"><\/i><\/div>\n\t\t\t\t\t\t<\/span>\n\t\t<\/div>\n\t\t\t\t\t\t<\/div>\n\t\t\t\t<\/div>\n\t\t\t\t<div class=\"elementor-element elementor-element-268aecf elementor-widget elementor-widget-country-flag\" data-id=\"268aecf\" data-element_type=\"widget\" data-e-type=\"widget\" data-widget_type=\"country-flag.default\">\n\t\t\t\t<div class=\"elementor-widget-container\">\n\t\t\t\t\t\t\t<div class=\"cffe-flag-wrapper\">\n\t\t\t<div class=\"cffe-flag\">\n\t\t\t\t<i class=\"flag-icon flag-icon-gb\" aria-hidden=\"true\"><\/i>\n\t\t\t<\/div>\n\t\t<\/div>\n\t\t\t\t\t\t<\/div>\n\t\t\t\t<\/div>\n\t\t\t\t<div class=\"elementor-element elementor-element-a1d9538 elementor-widget elementor-widget-heading\" data-id=\"a1d9538\" data-element_type=\"widget\" data-e-type=\"widget\" data-widget_type=\"heading.default\">\n\t\t\t\t<div class=\"elementor-widget-container\">\n\t\t\t\t\t<h2 class=\"elementor-heading-title elementor-size-default\">DEXTER, riktm\u00e4rket f\u00f6r rehabilitering och renovering av fastighetstillg\u00e5ngar.<\/h2>\t\t\t\t<\/div>\n\t\t\t\t<\/div>\n\t\t\t\t<div class=\"elementor-element elementor-element-d269c60 elementor-widget elementor-widget-text-editor\" data-id=\"d269c60\" data-element_type=\"widget\" data-e-type=\"widget\" data-widget_type=\"text-editor.default\">\n\t\t\t\t<div class=\"elementor-widget-container\">\n\t\t\t\t\t\t\t\t\t<p>&nbsp;Spaniens bostadsbest\u00e5nd \u00e4r relativt gammalt, 65% av bost\u00e4derna byggdes f\u00f6re 1990, dvs. \u00e4r 40 \u00e5r eller \u00e4ldre. upprustning och renovering av bostadshus har d\u00e4rf\u00f6r inte bara blivit en aff\u00e4rsverksamhet f\u00f6r m\u00e5nga entrepren\u00f6rer, utan \u00e4r ocks\u00e5 ett tr\u00e4ngande behov i v\u00e5rt land. i en s\u00e5dan utstr\u00e4ckning att en del av \"Next Generation Funds\" fr\u00e5n Europeiska unionen delvis har avsatts f\u00f6r detta \u00e4ndam\u00e5l.\n\tI detta sammanhang b\u00f6r det till\u00e4ggas att v\u00e5rt bostadsbest\u00e5nd ligger i botten i Europa n\u00e4r det g\u00e4ller energieffektivitet, helt enkelt p\u00e5 grund av den tidigare n\u00e4mnda \u00e5ldern. Och som om inte det vore nog, n\u00e4r det g\u00e4ller tillg\u00e4nglighet har m\u00e5nga av byggnaderna fortfarande arkitektoniska hinder som g\u00f6r att de inte uppfyller best\u00e4mmelserna.\n\tEntrepren\u00f6rer slutar inte att leta efter tillg\u00e5ngar som de kan f\u00f6rb\u00e4ttra f\u00f6r att marknadsf\u00f6ra och g\u00f6ra vinst, s\u00e4rskilt med tanke p\u00e5 att Spanien beh\u00f6ver fr\u00e4mja 1,2 miljoner hyresbost\u00e4der fram till 2030, enligt en rapport fr\u00e5n konsultf\u00f6retaget Savills: det nuvarande utbudet t\u00e4cker knappt h\u00e4lften av efterfr\u00e5gan.\n\tMarco Ponce fr\u00e5n DEXTERs kommersiella avdelning f\u00f6rs\u00e4krar att \"ut\u00f6ver vissa offentliga st\u00f6d s\u00f6ker byggherren finansiering och tar hj\u00e4lp av privat kapital f\u00f6r att kunna g\u00e5 vidare med sina arbeten. Ibland handlar det inte om sm\u00e5 budgetar, f\u00f6r reformerna, upprustningen av byggnaderna och \"uppgraderingen\" \u00e4r seri\u00f6sa och inriktade p\u00e5 ett stort kommersiellt intresse, inte bara f\u00f6r att f\u00f6rb\u00e4ttra produkten utan ocks\u00e5 f\u00f6r att h\u00f6ja dess kvalitet\", avslutar Ponce.\n\tSamh\u00e4llets egna behov skiljer sig fr\u00e5n vad som kr\u00e4vdes f\u00f6r n\u00e5gra \u00e5r sedan och DEXTER g\u00f6r just d\u00e4rf\u00f6r finansiering tillg\u00e4nglig f\u00f6r system som \"coliving\", som f\u00e5r en enormt framtr\u00e4dande roll: det \u00e4r obestridligt att distansarbetets int\u00e5g eller det faktum att familjerna blir allt mindre har lett till, bland andra f\u00f6r\u00e4ndringar, att de gemensamma utrymmena i byggnaderna har f\u00e5tt en viktigare roll.<\/p>\n<div><\/div>\n<div><\/div>\n<div><\/div>\n<div><\/div>\n<div><\/div>\n<div><\/div>\n<div><\/div>\n<div><\/div>\n<div><\/div>\n<div><\/div>\n<div><\/div>\n<div><\/div>\t\t\t\t\t\t\t\t<\/div>\n\t\t\t\t<\/div>\n\t\t\t\t\t<\/div>\n\t\t<\/div>\n\t\t\t\t\t<\/div>\n\t\t<\/section>\n\t\t\t\t<\/div>","protected":false},"excerpt":{"rendered":"<p>DEXTER, el referente para la rehabilitaci\u00f3n y reforma de activos inmobiliarios El de Espa\u00f1a es un parque inmobiliario relativamente antiguo, con un 65% de las viviendas construidas antes de 1990, es decir, camino de los 40 a\u00f1os de vida o m\u00e1s. as\u00ed, la rehabilitaci\u00f3n y reforma de edificios residenciales no [&hellip;]<\/p>\n","protected":false},"author":1,"featured_media":11295,"comment_status":"closed","ping_status":"closed","sticky":false,"template":"","format":"standard","meta":{"footnotes":""},"categories":[11],"tags":[],"class_list":["post-11293","post","type-post","status-publish","format-standard","has-post-thumbnail","hentry","category-dexter-global-finance"],"_links":{"self":[{"href":"https:\/\/grupodexter.com\/sv\/wp-json\/wp\/v2\/posts\/11293","targetHints":{"allow":["GET"]}}],"collection":[{"href":"https:\/\/grupodexter.com\/sv\/wp-json\/wp\/v2\/posts"}],"about":[{"href":"https:\/\/grupodexter.com\/sv\/wp-json\/wp\/v2\/types\/post"}],"author":[{"embeddable":true,"href":"https:\/\/grupodexter.com\/sv\/wp-json\/wp\/v2\/users\/1"}],"replies":[{"embeddable":true,"href":"https:\/\/grupodexter.com\/sv\/wp-json\/wp\/v2\/comments?post=11293"}],"version-history":[{"count":0,"href":"https:\/\/grupodexter.com\/sv\/wp-json\/wp\/v2\/posts\/11293\/revisions"}],"wp:featuredmedia":[{"embeddable":true,"href":"https:\/\/grupodexter.com\/sv\/wp-json\/wp\/v2\/media\/11295"}],"wp:attachment":[{"href":"https:\/\/grupodexter.com\/sv\/wp-json\/wp\/v2\/media?parent=11293"}],"wp:term":[{"taxonomy":"category","embeddable":true,"href":"https:\/\/grupodexter.com\/sv\/wp-json\/wp\/v2\/categories?post=11293"},{"taxonomy":"post_tag","embeddable":true,"href":"https:\/\/grupodexter.com\/sv\/wp-json\/wp\/v2\/tags?post=11293"}],"curies":[{"name":"wp","href":"https:\/\/api.w.org\/{rel}","templated":true}]}}