{"id":11318,"date":"2024-04-05T18:17:21","date_gmt":"2024-04-05T16:17:21","guid":{"rendered":"https:\/\/grupodexter.com\/?p=11318"},"modified":"2024-04-29T18:43:32","modified_gmt":"2024-04-29T16:43:32","slug":"dexter-huvudsponsor-for-slaget-vid-sundet-den-14-april-nasta-ar","status":"publish","type":"post","link":"https:\/\/grupodexter.com\/sv\/dexter-main-sponsor-de-la-batalla-del-estrecho-el-proximo-14-de-abril\/","title":{"rendered":"DEXTER, \"huvudsponsor\" av \"La Batalla del Estrecho\", n\u00e4sta g\u00e5ng den 14 april"},"content":{"rendered":"<div data-elementor-type=\"wp-post\" data-elementor-id=\"11318\" class=\"elementor elementor-11318\" data-elementor-post-type=\"post\">\n\t\t\t\t\t\t<section class=\"elementor-section elementor-top-section elementor-element elementor-element-8cacad2 elementor-section-boxed elementor-section-height-default elementor-section-height-default\" data-id=\"8cacad2\" data-element_type=\"section\" data-e-type=\"section\">\n\t\t\t\t\t\t<div class=\"elementor-container elementor-column-gap-default\">\n\t\t\t\t\t<div class=\"elementor-column elementor-col-100 elementor-top-column elementor-element elementor-element-7b804f02\" data-id=\"7b804f02\" data-element_type=\"column\" data-e-type=\"column\">\n\t\t\t<div class=\"elementor-widget-wrap elementor-element-populated\">\n\t\t\t\t\t\t<div class=\"elementor-element elementor-element-6144496 elementor-widget elementor-widget-country-flag\" data-id=\"6144496\" data-element_type=\"widget\" data-e-type=\"widget\" data-widget_type=\"country-flag.default\">\n\t\t\t\t<div class=\"elementor-widget-container\">\n\t\t\t\t\t\t\t<div class=\"cffe-flag-wrapper\">\n\t\t\t<div class=\"cffe-flag\">\n\t\t\t\t<i class=\"flag-icon flag-icon-es\" aria-hidden=\"true\"><\/i>\n\t\t\t<\/div>\n\t\t<\/div>\n\t\t\t\t\t\t<\/div>\n\t\t\t\t<\/div>\n\t\t\t\t<div class=\"elementor-element elementor-element-4d70dbba elementor-widget elementor-widget-heading\" data-id=\"4d70dbba\" data-element_type=\"widget\" data-e-type=\"widget\" data-widget_type=\"heading.default\">\n\t\t\t\t<div class=\"elementor-widget-container\">\n\t\t\t\t\t<h2 class=\"elementor-heading-title elementor-size-default\">DEXTER, \"huvudsponsor\" av \"La Batalla del Estrecho\", n\u00e4sta g\u00e5ng den 14 april<\/h2>\t\t\t\t<\/div>\n\t\t\t\t<\/div>\n\t\t\t\t<div class=\"elementor-element elementor-element-4e774e6 elementor-widget elementor-widget-text-editor\" data-id=\"4e774e6\" data-element_type=\"widget\" data-e-type=\"widget\" data-widget_type=\"text-editor.default\">\n\t\t\t\t<div class=\"elementor-widget-container\">\n\t\t\t\t\t\t\t\t\t<p>DEXTER \u00e4r officiell sponsor av det stora evenemanget, som redan \u00e4r uts\u00e5lt till den 14 april p\u00e5 Casino Admiral i San Roque, Cadiz, och som v\u00e4cker enorma f\u00f6rv\u00e4ntningar. I en tid d\u00e5 MMA (mixed martial arts) \u00e4r i full g\u00e5ng i Spanien och v\u00e4rlden \u00f6ver kommer \"The Battle of the Strait\" att bli en kv\u00e4ll med ett dussin matcher.<\/p><p>Arrang\u00f6ren som marknadsf\u00f6r evenemanget r\u00e4knar redan med att expandera under varum\u00e4rket \"LBE FIGHTERS CHAMPIONSHIP\" och har st\u00f6d av viktiga f\u00f6retag som sponsorer, till exempel DEXTER, som under hela sin historia har gett reklamst\u00f6d till s\u00e5 olika shower och sporter som h\u00e4stsport, golf, paddeltennis och boxning.<\/p><p>Bolagets vice VD, Alfonso Merlos, p\u00e5pekade att \"det ligger i v\u00e5r natur att hj\u00e4lpa till att fr\u00e4mja sport och att vara uppm\u00e4rksamma p\u00e5 de aff\u00e4rsm\u00e4ssiga tyngdpunkter som genereras inom de mest skilda omr\u00e5den inom underh\u00e5llningsv\u00e4rlden. Och det \u00e4r logiskt att st\u00e5 vid sidan av arrang\u00f6rer som f\u00f6rmedlar v\u00e4rden som uppoffring, h\u00e4ngivenhet, mod, kamratskap ... som ligger bakom, i det h\u00e4r fallet och bortom aff\u00e4rsverksamheten, fenomenet MMA\", avslutar Merlos.\u00a0<\/p><p>Arrang\u00f6ren av \"La Batalla del Estrecho\", Cristian Caball\u00e9, p\u00e5pekar att \"en s\u00e5 stor entusiasm skapas att m\u00e5nga fighters som \u00e4r intresserade av att sl\u00e5ss l\u00e4mnas utanf\u00f6r eftersom det \u00e4r om\u00f6jligt att s\u00e4tta in fler matcher: p\u00e5 grund av matchernas l\u00e4ngd och ocks\u00e5 med en s\u00e5 snabb 'uts\u00e5ld'. F\u00f6rv\u00e4ntningarna \u00e4r otroliga\".\u00a0<\/p><p>F\u00f6rutom att visa upp varum\u00e4rket kommer ett aff\u00e4rsutvecklingsteam fr\u00e5n DEXTER att n\u00e4rvara vid evenemanget f\u00f6r att tr\u00e4ffa potentiella kunder som \u00e4r intresserade av alternativ finansiering med private equity.<\/p>\t\t\t\t\t\t\t\t<\/div>\n\t\t\t\t<\/div>\n\t\t\t\t<div class=\"elementor-element elementor-element-73e31fd elementor-widget-divider--view-line_icon elementor-view-framed elementor-widget-divider--element-align-center elementor-widget elementor-widget-divider\" data-id=\"73e31fd\" data-element_type=\"widget\" data-e-type=\"widget\" data-widget_type=\"divider.default\">\n\t\t\t\t<div class=\"elementor-widget-container\">\n\t\t\t\t\t\t\t<div class=\"elementor-divider\">\n\t\t\t<span class=\"elementor-divider-separator\">\n\t\t\t\t\t\t\t<div class=\"elementor-icon elementor-divider__element\">\n\t\t\t\t\t<i aria-hidden=\"true\" class=\"fas fa-star\"><\/i><\/div>\n\t\t\t\t\t\t<\/span>\n\t\t<\/div>\n\t\t\t\t\t\t<\/div>\n\t\t\t\t<\/div>\n\t\t\t\t<div class=\"elementor-element elementor-element-268aecf elementor-widget elementor-widget-country-flag\" data-id=\"268aecf\" data-element_type=\"widget\" data-e-type=\"widget\" data-widget_type=\"country-flag.default\">\n\t\t\t\t<div class=\"elementor-widget-container\">\n\t\t\t\t\t\t\t<div class=\"cffe-flag-wrapper\">\n\t\t\t<div class=\"cffe-flag\">\n\t\t\t\t<i class=\"flag-icon flag-icon-gb\" aria-hidden=\"true\"><\/i>\n\t\t\t<\/div>\n\t\t<\/div>\n\t\t\t\t\t\t<\/div>\n\t\t\t\t<\/div>\n\t\t\t\t<div class=\"elementor-element elementor-element-a1d9538 elementor-widget elementor-widget-heading\" data-id=\"a1d9538\" data-element_type=\"widget\" data-e-type=\"widget\" data-widget_type=\"heading.default\">\n\t\t\t\t<div class=\"elementor-widget-container\">\n\t\t\t\t\t<h2 class=\"elementor-heading-title elementor-size-default\">DEXTER, \"huvudsponsor\" av \"La Batalla del Estrecho\", n\u00e4sta g\u00e5ng den 14 april<\/h2>\t\t\t\t<\/div>\n\t\t\t\t<\/div>\n\t\t\t\t<div class=\"elementor-element elementor-element-d269c60 elementor-widget elementor-widget-text-editor\" data-id=\"d269c60\" data-element_type=\"widget\" data-e-type=\"widget\" data-widget_type=\"text-editor.default\">\n\t\t\t\t<div class=\"elementor-widget-container\">\n\t\t\t\t\t\t\t\t\t<p>&nbsp;DEXTER \u00e4r officiell sponsor av det stora evenemanget vars biljetter redan \u00e4r sluts\u00e5lda till den 14 april p\u00e5 Casino Admiral de San Roque i Cadiz och som det finns enorma f\u00f6rv\u00e4ntningar p\u00e5. I en tid d\u00e5 MMA (mixed martial arts) \u00e4r i full g\u00e5ng i Spanien och v\u00e4rlden \u00f6ver kommer \"The Battle of the Strait\" att bli en kv\u00e4ll med ett dussin matcher.\nArrang\u00f6ren som st\u00e5r f\u00f6r evenemanget r\u00e4knar redan med att expandera under varum\u00e4rket \"LBE FIGHTERS CHAMPIONSHIP\" och har impulsen att sponsra viktiga f\u00f6retag, vilket \u00e4r fallet med DEXTER, som under hela sin historia har gett reklamst\u00f6d till s\u00e5 olika shower och sporter som ridning, golf, paddeltennis och boxning.\nBolagets vice VD, Alfonso Merlos, har p\u00e5pekat att \"det ligger i v\u00e5r natur att hj\u00e4lpa till att fr\u00e4mja sport och att vara uppm\u00e4rksamma p\u00e5 de aff\u00e4rsm\u00f6jligheter som skapas inom de mest skilda omr\u00e5den inom underh\u00e5llningsv\u00e4rlden. Och det \u00e4r vettigt att st\u00e5 vid sidan av arrang\u00f6rer som f\u00f6rmedlar v\u00e4rden som uppoffring, h\u00e4ngivenhet, mod, kamratskap... som ligger bakom, i det h\u00e4r fallet och bortom aff\u00e4rsverksamheten, fenomenet MMA\", avslutar Merlos.\nArrang\u00f6ren av \"La Batalla del Estrecho\", Cristian Caball\u00e9, p\u00e5pekar att \"det skapar en s\u00e5 stor entusiasm att m\u00e5nga fighters som \u00e4r intresserade av att sl\u00e5ss l\u00e4mnas utanf\u00f6r eftersom det \u00e4r om\u00f6jligt att s\u00e4tta in fler matcher: under samma tid och dessutom med en 'sluts\u00e5ld' s\u00e5 snabbt. F\u00f6rv\u00e4ntningarna \u00e4r otroliga\".\nF\u00f6rutom att visa upp varum\u00e4rket kommer DEXTERs aff\u00e4rsutvecklingsteam att delta i evenemanget f\u00f6r att ta hand om eventuella kunder som \u00e4r intresserade av alternativ finansiering med privat kapital.<\/p>\t\t\t\t\t\t\t\t<\/div>\n\t\t\t\t<\/div>\n\t\t\t\t\t<\/div>\n\t\t<\/div>\n\t\t\t\t\t<\/div>\n\t\t<\/section>\n\t\t\t\t<\/div>","protected":false},"excerpt":{"rendered":"<p>DEXTER, \u2018main sponsor\u2019 de \u2018La Batalla del Estrecho\u2019, el pr\u00f3ximo 14 de abril DEXTER ejerce de patrocinador oficial del gran evento cuyas localidades ya est\u00e1n totalmente agotadas para el pr\u00f3ximo 14 de abril en el Casino Admiral de San Roque, en C\u00e1diz, y para el que se est\u00e1 generando una [&hellip;]<\/p>\n","protected":false},"author":1,"featured_media":11320,"comment_status":"closed","ping_status":"closed","sticky":false,"template":"","format":"standard","meta":{"footnotes":""},"categories":[11],"tags":[],"class_list":["post-11318","post","type-post","status-publish","format-standard","has-post-thumbnail","hentry","category-dexter-global-finance"],"_links":{"self":[{"href":"https:\/\/grupodexter.com\/sv\/wp-json\/wp\/v2\/posts\/11318","targetHints":{"allow":["GET"]}}],"collection":[{"href":"https:\/\/grupodexter.com\/sv\/wp-json\/wp\/v2\/posts"}],"about":[{"href":"https:\/\/grupodexter.com\/sv\/wp-json\/wp\/v2\/types\/post"}],"author":[{"embeddable":true,"href":"https:\/\/grupodexter.com\/sv\/wp-json\/wp\/v2\/users\/1"}],"replies":[{"embeddable":true,"href":"https:\/\/grupodexter.com\/sv\/wp-json\/wp\/v2\/comments?post=11318"}],"version-history":[{"count":0,"href":"https:\/\/grupodexter.com\/sv\/wp-json\/wp\/v2\/posts\/11318\/revisions"}],"wp:featuredmedia":[{"embeddable":true,"href":"https:\/\/grupodexter.com\/sv\/wp-json\/wp\/v2\/media\/11320"}],"wp:attachment":[{"href":"https:\/\/grupodexter.com\/sv\/wp-json\/wp\/v2\/media?parent=11318"}],"wp:term":[{"taxonomy":"category","embeddable":true,"href":"https:\/\/grupodexter.com\/sv\/wp-json\/wp\/v2\/categories?post=11318"},{"taxonomy":"post_tag","embeddable":true,"href":"https:\/\/grupodexter.com\/sv\/wp-json\/wp\/v2\/tags?post=11318"}],"curies":[{"name":"wp","href":"https:\/\/api.w.org\/{rel}","templated":true}]}}