{"id":11348,"date":"2024-04-13T18:29:50","date_gmt":"2024-04-13T16:29:50","guid":{"rendered":"https:\/\/grupodexter.com\/?p=11348"},"modified":"2024-04-29T18:44:00","modified_gmt":"2024-04-29T16:44:00","slug":"privat-kapital-en-avgorande-havstang-for-tillvaxten-i-den-spanska-ekonomin","status":"publish","type":"post","link":"https:\/\/grupodexter.com\/sv\/el-capital-privado-palanca-decisiva-para-el-crecimiento-de-la-economia-espanola\/","title":{"rendered":"Privat kapital, en avg\u00f6rande h\u00e4vst\u00e5ng f\u00f6r tillv\u00e4xten i den spanska ekonomin"},"content":{"rendered":"<div data-elementor-type=\"wp-post\" data-elementor-id=\"11348\" class=\"elementor elementor-11348\" data-elementor-post-type=\"post\">\n\t\t\t\t\t\t<section class=\"elementor-section elementor-top-section elementor-element elementor-element-8cacad2 elementor-section-boxed elementor-section-height-default elementor-section-height-default\" data-id=\"8cacad2\" data-element_type=\"section\" data-e-type=\"section\">\n\t\t\t\t\t\t<div class=\"elementor-container elementor-column-gap-default\">\n\t\t\t\t\t<div class=\"elementor-column elementor-col-100 elementor-top-column elementor-element elementor-element-7b804f02\" data-id=\"7b804f02\" data-element_type=\"column\" data-e-type=\"column\">\n\t\t\t<div class=\"elementor-widget-wrap elementor-element-populated\">\n\t\t\t\t\t\t<div class=\"elementor-element elementor-element-6144496 elementor-widget elementor-widget-country-flag\" data-id=\"6144496\" data-element_type=\"widget\" data-e-type=\"widget\" data-widget_type=\"country-flag.default\">\n\t\t\t\t<div class=\"elementor-widget-container\">\n\t\t\t\t\t\t\t<div class=\"cffe-flag-wrapper\">\n\t\t\t<div class=\"cffe-flag\">\n\t\t\t\t<i class=\"flag-icon flag-icon-es\" aria-hidden=\"true\"><\/i>\n\t\t\t<\/div>\n\t\t<\/div>\n\t\t\t\t\t\t<\/div>\n\t\t\t\t<\/div>\n\t\t\t\t<div class=\"elementor-element elementor-element-4d70dbba elementor-widget elementor-widget-heading\" data-id=\"4d70dbba\" data-element_type=\"widget\" data-e-type=\"widget\" data-widget_type=\"heading.default\">\n\t\t\t\t<div class=\"elementor-widget-container\">\n\t\t\t\t\t<h2 class=\"elementor-heading-title elementor-size-default\">Privat kapital, en avg\u00f6rande h\u00e4vst\u00e5ng f\u00f6r tillv\u00e4xten i den spanska ekonomin<\/h2>\t\t\t\t<\/div>\n\t\t\t\t<\/div>\n\t\t\t\t<div class=\"elementor-element elementor-element-4e774e6 elementor-widget elementor-widget-text-editor\" data-id=\"4e774e6\" data-element_type=\"widget\" data-e-type=\"widget\" data-widget_type=\"text-editor.default\">\n\t\t\t\t<div class=\"elementor-widget-container\">\n\t\t\t\t\t\t\t\t\t<p><span style=\"white-space: normal;\"><span style=\"white-space: pre;\"> <\/span>Ut\u00f6ver den ekonomiska aktivitet som fr\u00e4mjas till f\u00f6ljd av de traditionella bankernas h\u00e4vst\u00e5ngseffekt forts\u00e4tter private equity-branschen i Spanien att v\u00e4xa, ta marknadsandelar och bidra till utvecklingen av nya projekt, nya f\u00f6retag och i slut\u00e4ndan till skapandet av arbetstillf\u00e4llen.<\/span><\/p><p><span style=\"white-space: normal;\"><span style=\"white-space: pre;\"> <\/span>Inom sektorn Venture Capital &amp; Private Equity i Spanien uppgick investeringsvolymen 2023 till 6.709 miljoner euro, f\u00f6rdelat p\u00e5 totalt 844 investeringar. Internationella fonder registrerade rekordh\u00f6ga investeringssiffror i spanska f\u00f6retag (5.042 miljoner euro i 166 investeringar), vilket f\u00f6rst\u00e4rker ett obestridligt engagemang i dessa tider. Nationella privata fonder investerade \u00e5 sin sida 1.470,3 miljoner euro i 535 investeringar.<\/span><\/p><p>Efter ett 2023 pr\u00e4glat av makroekonomisk os\u00e4kerhet och h\u00f6ga r\u00e4ntor \u00e4r den v\u00e4lgrundade uppfattningen inom sektorn att det kommer att ske en \"\u00e5teraktivering av investeringsaktiviteten under 2024 p\u00e5 den spanska marknaden\": det finns nya verksamheter och projekt av intresse.\u00a0<\/p><p>DEXTER har under de senaste fem \u00e5ren spelat en ledande roll inom private equity och dess anv\u00e4ndning f\u00f6r alternativ finansiering. Dess VD, Yeidy Ram\u00edrez, f\u00f6rs\u00e4krar att \"det inte alltid s\u00e4gs eller lyfts fram, men med finansiering utanf\u00f6r banksektorn, genom de investeringsfonder och skuldfonder som vi representerar, bidrar vi i h\u00f6g grad till att skapa syssels\u00e4ttning och till att utveckla f\u00f6retagen sj\u00e4lva\".<\/p><p>Ut\u00f6ver byggfinansiering har DEXTER etablerat sig som den ledande specialisten p\u00e5 bryggl\u00e5n med hypoteksgarantier, en produkt som inte erbjuds av traditionella banker i Spanien.<\/p>\t\t\t\t\t\t\t\t<\/div>\n\t\t\t\t<\/div>\n\t\t\t\t<div class=\"elementor-element elementor-element-73e31fd elementor-widget-divider--view-line_icon elementor-view-framed elementor-widget-divider--element-align-center elementor-widget elementor-widget-divider\" data-id=\"73e31fd\" data-element_type=\"widget\" data-e-type=\"widget\" data-widget_type=\"divider.default\">\n\t\t\t\t<div class=\"elementor-widget-container\">\n\t\t\t\t\t\t\t<div class=\"elementor-divider\">\n\t\t\t<span class=\"elementor-divider-separator\">\n\t\t\t\t\t\t\t<div class=\"elementor-icon elementor-divider__element\">\n\t\t\t\t\t<i aria-hidden=\"true\" class=\"fas fa-star\"><\/i><\/div>\n\t\t\t\t\t\t<\/span>\n\t\t<\/div>\n\t\t\t\t\t\t<\/div>\n\t\t\t\t<\/div>\n\t\t\t\t<div class=\"elementor-element elementor-element-268aecf elementor-widget elementor-widget-country-flag\" data-id=\"268aecf\" data-element_type=\"widget\" data-e-type=\"widget\" data-widget_type=\"country-flag.default\">\n\t\t\t\t<div class=\"elementor-widget-container\">\n\t\t\t\t\t\t\t<div class=\"cffe-flag-wrapper\">\n\t\t\t<div class=\"cffe-flag\">\n\t\t\t\t<i class=\"flag-icon flag-icon-gb\" aria-hidden=\"true\"><\/i>\n\t\t\t<\/div>\n\t\t<\/div>\n\t\t\t\t\t\t<\/div>\n\t\t\t\t<\/div>\n\t\t\t\t<div class=\"elementor-element elementor-element-a1d9538 elementor-widget elementor-widget-heading\" data-id=\"a1d9538\" data-element_type=\"widget\" data-e-type=\"widget\" data-widget_type=\"heading.default\">\n\t\t\t\t<div class=\"elementor-widget-container\">\n\t\t\t\t\t<h2 class=\"elementor-heading-title elementor-size-default\">Privat kapital, en avg\u00f6rande h\u00e4vst\u00e5ng f\u00f6r tillv\u00e4xten i den spanska ekonomin<\/h2>\t\t\t\t<\/div>\n\t\t\t\t<\/div>\n\t\t\t\t<div class=\"elementor-element elementor-element-d269c60 elementor-widget elementor-widget-text-editor\" data-id=\"d269c60\" data-element_type=\"widget\" data-e-type=\"widget\" data-widget_type=\"text-editor.default\">\n\t\t\t\t<div class=\"elementor-widget-container\">\n\t\t\t\t\t\t\t\t\t<p><span style=\"white-space: normal;\"><span style=\"white-space: pre;\"> <\/span>Ut\u00f6ver den ekonomiska aktivitet som fr\u00e4mjas till f\u00f6ljd av de traditionella bankernas h\u00e4vst\u00e5ngseffekt forts\u00e4tter private equity-branschen i Spanien att v\u00e4xa, ta marknadsandelar och bidra till utvecklingen av nya projekt, nya f\u00f6retag och i slut\u00e4ndan till skapandet av arbetstillf\u00e4llen.<\/span><\/p><p><span style=\"white-space: normal;\"><span style=\"white-space: pre;\"> <\/span>N\u00e4r det g\u00e4ller sektorn \"Venture Capital &amp; Private Equity\" i Spanien uppgick investeringsvolymen 2023 till 6 709 miljoner euro, f\u00f6rdelat p\u00e5 totalt 844 investeringar. Internationella fonder noterade rekordh\u00f6ga investeringssiffror i spanska f\u00f6retag (5.042 miljoner i 166 investeringar), vilket f\u00f6rst\u00e4rker ett obestridligt engagemang i dessa tider. De inhemska privata fonderna investerade \u00e5 sin sida 1.470,3 miljoner euro i 535 investeringar.<\/span><\/p><p>Efter ett 2023 pr\u00e4glat av makroekonomisk os\u00e4kerhet och h\u00f6ga r\u00e4ntor \u00e4r den v\u00e4lgrundade uppfattningen inom sektorn att det kommer att ske en \"\u00e5teraktivering av investeringsaktiviteten under 2024 p\u00e5 den spanska marknaden\": det finns nya verksamheter och projekt av intresse.\u00a0<\/p><p>DEXTER har under de senaste fem \u00e5ren haft en ledande position inom private equity och dess anv\u00e4ndning f\u00f6r alternativ finansiering. Dess VD, Yeidy Ram\u00edrez, f\u00f6rs\u00e4krar att \"det inte alltid s\u00e4gs eller lyfts fram, men med off-bank-finansiering, genom de investeringsfonder och skuldfonder som vi representerar, bidrar vi i h\u00f6g grad till att skapa syssels\u00e4ttning och till utvecklingen av f\u00f6retagen sj\u00e4lva\".<\/p><p>Ut\u00f6ver byggfinansiering har DEXTER blivit den ledande specialisten p\u00e5 bryggl\u00e5n med hypoteksgarantier, en produkt som inte erbjuds av traditionella banker i Spanien.<\/p>\t\t\t\t\t\t\t\t<\/div>\n\t\t\t\t<\/div>\n\t\t\t\t\t<\/div>\n\t\t<\/div>\n\t\t\t\t\t<\/div>\n\t\t<\/section>\n\t\t\t\t<\/div>","protected":false},"excerpt":{"rendered":"<p>El capital privado, palanca decisiva para el crecimiento de la econom\u00eda espa\u00f1ola M\u00e1s all\u00e1 de la actividad econ\u00f3mica promovida fruto de la palanca de la banca tradicional, la industria del capital privado en Espa\u00f1a sigue creciendo, copando cuotas de mercado y contribuyendo al desarrollo de nuevos proyectos, nuevas empresas y, [&hellip;]<\/p>\n","protected":false},"author":1,"featured_media":11350,"comment_status":"closed","ping_status":"closed","sticky":false,"template":"","format":"standard","meta":{"footnotes":""},"categories":[11],"tags":[],"class_list":["post-11348","post","type-post","status-publish","format-standard","has-post-thumbnail","hentry","category-dexter-global-finance"],"_links":{"self":[{"href":"https:\/\/grupodexter.com\/sv\/wp-json\/wp\/v2\/posts\/11348","targetHints":{"allow":["GET"]}}],"collection":[{"href":"https:\/\/grupodexter.com\/sv\/wp-json\/wp\/v2\/posts"}],"about":[{"href":"https:\/\/grupodexter.com\/sv\/wp-json\/wp\/v2\/types\/post"}],"author":[{"embeddable":true,"href":"https:\/\/grupodexter.com\/sv\/wp-json\/wp\/v2\/users\/1"}],"replies":[{"embeddable":true,"href":"https:\/\/grupodexter.com\/sv\/wp-json\/wp\/v2\/comments?post=11348"}],"version-history":[{"count":0,"href":"https:\/\/grupodexter.com\/sv\/wp-json\/wp\/v2\/posts\/11348\/revisions"}],"wp:featuredmedia":[{"embeddable":true,"href":"https:\/\/grupodexter.com\/sv\/wp-json\/wp\/v2\/media\/11350"}],"wp:attachment":[{"href":"https:\/\/grupodexter.com\/sv\/wp-json\/wp\/v2\/media?parent=11348"}],"wp:term":[{"taxonomy":"category","embeddable":true,"href":"https:\/\/grupodexter.com\/sv\/wp-json\/wp\/v2\/categories?post=11348"},{"taxonomy":"post_tag","embeddable":true,"href":"https:\/\/grupodexter.com\/sv\/wp-json\/wp\/v2\/tags?post=11348"}],"curies":[{"name":"wp","href":"https:\/\/api.w.org\/{rel}","templated":true}]}}