{"id":11417,"date":"2024-05-03T14:07:16","date_gmt":"2024-05-03T12:07:16","guid":{"rendered":"https:\/\/grupodexter.com\/?p=11417"},"modified":"2024-05-10T14:16:54","modified_gmt":"2024-05-10T12:16:54","slug":"dexters-partnernatverk-fem-ar-av-intensiv-och-fruktbar-tillvaxt","status":"publish","type":"post","link":"https:\/\/grupodexter.com\/sv\/la-red-de-colaboradores-dexter-cinco-anos-de-intenso-y-fertil-crecimiento\/","title":{"rendered":"N\u00e4tverket av \"DEXTER-partners\", fem \u00e5r av intensiv och fruktbar tillv\u00e4xt"},"content":{"rendered":"<div data-elementor-type=\"wp-post\" data-elementor-id=\"11417\" class=\"elementor elementor-11417\" data-elementor-post-type=\"post\">\n\t\t\t\t\t\t<section class=\"elementor-section elementor-top-section elementor-element elementor-element-8cacad2 elementor-section-boxed elementor-section-height-default elementor-section-height-default\" data-id=\"8cacad2\" data-element_type=\"section\" data-e-type=\"section\">\n\t\t\t\t\t\t<div class=\"elementor-container elementor-column-gap-default\">\n\t\t\t\t\t<div class=\"elementor-column elementor-col-100 elementor-top-column elementor-element elementor-element-7b804f02\" data-id=\"7b804f02\" data-element_type=\"column\" data-e-type=\"column\">\n\t\t\t<div class=\"elementor-widget-wrap elementor-element-populated\">\n\t\t\t\t\t\t<div class=\"elementor-element elementor-element-6144496 elementor-widget elementor-widget-country-flag\" data-id=\"6144496\" data-element_type=\"widget\" data-e-type=\"widget\" data-widget_type=\"country-flag.default\">\n\t\t\t\t<div class=\"elementor-widget-container\">\n\t\t\t\t\t\t\t<div class=\"cffe-flag-wrapper\">\n\t\t\t<div class=\"cffe-flag\">\n\t\t\t\t<i class=\"flag-icon flag-icon-es\" aria-hidden=\"true\"><\/i>\n\t\t\t<\/div>\n\t\t<\/div>\n\t\t\t\t\t\t<\/div>\n\t\t\t\t<\/div>\n\t\t\t\t<div class=\"elementor-element elementor-element-4d70dbba elementor-widget elementor-widget-heading\" data-id=\"4d70dbba\" data-element_type=\"widget\" data-e-type=\"widget\" data-widget_type=\"heading.default\">\n\t\t\t\t<div class=\"elementor-widget-container\">\n\t\t\t\t\t<h2 class=\"elementor-heading-title elementor-size-default\">N\u00e4tverket av \"DEXTER-partners\", fem \u00e5r av intensiv och fruktbar tillv\u00e4xt<\/h2>\t\t\t\t<\/div>\n\t\t\t\t<\/div>\n\t\t\t\t<div class=\"elementor-element elementor-element-4e774e6 elementor-widget elementor-widget-text-editor\" data-id=\"4e774e6\" data-element_type=\"widget\" data-e-type=\"widget\" data-widget_type=\"text-editor.default\">\n\t\t\t\t<div class=\"elementor-widget-container\">\n\t\t\t\t\t\t\t\t\t<p>DEXTER, som \u00e4r ledande inom finansiell f\u00f6rvaltning och f\u00f6rmedling, inledde f\u00f6r fem \u00e5r sedan en utveckling som har tagit f\u00f6retaget till en ledande position inom alternativ finansiering med privat kapital. DEXTER bedriver verksamhet i hela Spanien, har ett centralt kontor i Marbella, mellan Puente Romano och Puerto Ban\u00fas, och har en tydlig komponent i sin tillv\u00e4xtstrategi: n\u00e4tverket av samarbetspartners.<\/p><p>Varje \u00e5r har dussintals av dem anslutit sig till bolagets struktur och samarbetat med det i introduktionen av verksamheter d\u00e4r det fanns och finns en verklig efterfr\u00e5gan p\u00e5 kapital fr\u00e5n entrepren\u00f6rer fr\u00e5n alla ekonomiska sektorer, fr\u00e4mst inriktade p\u00e5 fastigheter och med en hypoteksgaranti som st\u00f6d.<\/p><p>S\u00e5 fr\u00e5n arkitektbyr\u00e5er till advokatbyr\u00e5er, fr\u00e5n aff\u00e4rsr\u00e5dgivare till - direkt - finansiella r\u00e5dgivare, fr\u00e5n fastighetsm\u00e4klare till kapitalf\u00f6rvaltare ... dessa f\u00f6retag och yrkesverksamma har byggt upp en relation med DEXTER och f\u00e5tt erk\u00e4nnande genom att presentera finalistkunder som har f\u00e5tt finansiering och sj\u00e4lva ge v\u00e4rdefullt st\u00f6d till dem som ursprungligen var deras kunder.<\/p><p>Det \u00e4r en \"win-win\"-strategi som inte bara har gynnat DEXTERs expansion, utan ocks\u00e5 inneburit att dessa yrkesut\u00f6vare och f\u00f6retag har en partner, en allierad med kapacitet att tillhandah\u00e5lla kapital p\u00e5 ett omedelbart, flexibelt, s\u00e4kert och \u00f6ppet s\u00e4tt, med alla garantier.<\/p><p>F\u00f6retagets VD, Yeidy Ram\u00edrez, p\u00e5pekar att \"DEXTER \u00e4r ett till synes centraliserat f\u00f6retag med huvudkontor i Marbella, men detta n\u00e4tverk av samarbetspartners har gett oss kapacitet i alla delar av Spanien. De dominerar sitt omr\u00e5de, de k\u00e4nner till aff\u00e4rsstrukturen och faktum \u00e4r att de har utgjort och utg\u00f6r en viktig del av verksamheten f\u00f6r oss. Det \u00e4r ett vinnande f\u00f6rh\u00e5llande f\u00f6r b\u00e5da parter, som i realiteten fungerar som en enhet, och vi kommer att forts\u00e4tta att g\u00f6ra det mer och mer omfattande och l\u00e5ngvarigt\", avslutar Ram\u00edrez.<\/p>\t\t\t\t\t\t\t\t<\/div>\n\t\t\t\t<\/div>\n\t\t\t\t<div class=\"elementor-element elementor-element-73e31fd elementor-widget-divider--view-line_icon elementor-view-framed elementor-widget-divider--element-align-center elementor-widget elementor-widget-divider\" data-id=\"73e31fd\" data-element_type=\"widget\" data-e-type=\"widget\" data-widget_type=\"divider.default\">\n\t\t\t\t<div class=\"elementor-widget-container\">\n\t\t\t\t\t\t\t<div class=\"elementor-divider\">\n\t\t\t<span class=\"elementor-divider-separator\">\n\t\t\t\t\t\t\t<div class=\"elementor-icon elementor-divider__element\">\n\t\t\t\t\t<i aria-hidden=\"true\" class=\"fas fa-star\"><\/i><\/div>\n\t\t\t\t\t\t<\/span>\n\t\t<\/div>\n\t\t\t\t\t\t<\/div>\n\t\t\t\t<\/div>\n\t\t\t\t<div class=\"elementor-element elementor-element-268aecf elementor-widget elementor-widget-country-flag\" data-id=\"268aecf\" data-element_type=\"widget\" data-e-type=\"widget\" data-widget_type=\"country-flag.default\">\n\t\t\t\t<div class=\"elementor-widget-container\">\n\t\t\t\t\t\t\t<div class=\"cffe-flag-wrapper\">\n\t\t\t<div class=\"cffe-flag\">\n\t\t\t\t<i class=\"flag-icon flag-icon-gb\" aria-hidden=\"true\"><\/i>\n\t\t\t<\/div>\n\t\t<\/div>\n\t\t\t\t\t\t<\/div>\n\t\t\t\t<\/div>\n\t\t\t\t<div class=\"elementor-element elementor-element-a1d9538 elementor-widget elementor-widget-heading\" data-id=\"a1d9538\" data-element_type=\"widget\" data-e-type=\"widget\" data-widget_type=\"heading.default\">\n\t\t\t\t<div class=\"elementor-widget-container\">\n\t\t\t\t\t<h2 class=\"elementor-heading-title elementor-size-default\">N\u00e4tverket av \"DEXTER-samarbetspartners\", fem \u00e5r av intensiv och fruktbar tillv\u00e4xt<\/h2>\t\t\t\t<\/div>\n\t\t\t\t<\/div>\n\t\t\t\t<div class=\"elementor-element elementor-element-d269c60 elementor-widget elementor-widget-text-editor\" data-id=\"d269c60\" data-element_type=\"widget\" data-e-type=\"widget\" data-widget_type=\"text-editor.default\">\n\t\t\t\t<div class=\"elementor-widget-container\">\n\t\t\t\t\t\t\t\t\t<p>DEXTER, som \u00e4r ledande inom finansiell f\u00f6rvaltning och f\u00f6rmedling, inledde f\u00f6r fem \u00e5r sedan en v\u00e4g som har lett till ledarskap inom alternativ finansiering med privat kapital. F\u00f6retaget bedriver verksamhet i hela Spanien, har ett centralt kontor p\u00e5 den \"gyllene milen\" i Marbella, halvv\u00e4gs mellan Puente Romano och Puerto Ban\u00fas, och har en tydlig komponent i sin tillv\u00e4xtstrategi: n\u00e4tverket av samarbetspartners.<\/p><p>Varje \u00e5r har dussintals av dem anslutit sig till bolagets struktur och samarbetat med den vid inf\u00f6randet av verksamheter d\u00e4r det fanns och finns en verklig efterfr\u00e5gan p\u00e5 kapital fr\u00e5n entrepren\u00f6rer fr\u00e5n alla ekonomiska sektorer, fr\u00e4mst inriktade p\u00e5 fastighetsomr\u00e5det och med en hypoteksgaranti som st\u00f6d.<\/p><p>Allts\u00e5, fr\u00e5n arkitektkontor till advokatbyr\u00e5er, fr\u00e5n aff\u00e4rsr\u00e5dgivare till direkt finansiella r\u00e5dgivare, fr\u00e5n fastighetsm\u00e4klare till f\u00f6rm\u00f6genhetsf\u00f6rvaltare ... dessa f\u00f6retag och dessa yrkesverksamma har byggt upp en relation med DEXTER och f\u00e5tt erk\u00e4nnande f\u00f6r introduktionen av finalistkunder som har finansierats och som sj\u00e4lva d\u00e4rf\u00f6r ger mycket v\u00e4rdefullt st\u00f6d till dem som ursprungligen var deras kunder.<\/p><p>Det \u00e4r en \"win-win\"-strategi som inte bara har gynnat DEXTERs expansion, utan ocks\u00e5 att de ovann\u00e4mnda yrkesut\u00f6varna och f\u00f6retagen har en partner, en allierad med kapacitet att tillhandah\u00e5lla kapital p\u00e5 ett omedelbart, flexibelt, s\u00e4kert, transparent s\u00e4tt med alla garantier.<\/p><p>I detta avseende p\u00e5pekar f\u00f6retagets VD, Yeidy Ram\u00edrez, att \"DEXTER uppenbarligen \u00e4r ett centraliserat f\u00f6retag, som alltid har sitt huvudkontor i Marbella, men n\u00e4tverket av samarbetspartners har gett oss kapacitet i alla delar av Spanien. De dominerar sitt omr\u00e5de, de k\u00e4nner till aff\u00e4rsstrukturen och faktum \u00e4r att de har representerat och representerar ett grundl\u00e4ggande intr\u00e4de i verksamheten f\u00f6r oss. Det \u00e4r ett vinnande f\u00f6rh\u00e5llande f\u00f6r b\u00e5da parter, som i verkligheten fungerar som en, och vi kommer att forts\u00e4tta att g\u00f6ra det mer och mer omfattande och varaktigt\", avslutar Ram\u00edrez.<\/p>\t\t\t\t\t\t\t\t<\/div>\n\t\t\t\t<\/div>\n\t\t\t\t\t<\/div>\n\t\t<\/div>\n\t\t\t\t\t<\/div>\n\t\t<\/section>\n\t\t\t\t<\/div>","protected":false},"excerpt":{"rendered":"<p>La financiaci\u00f3n alternativa, ox\u00edgeno para el inmobiliario de lujo Son reiteradas las informaciones y estad\u00edsticas que trascienden y que confirman, indudablemente, que el sector inmobiliario de lujo y s\u00faper-lujo se encuentran en el mejor momento posible en Espa\u00f1a.&nbsp; En las \u00faltimas fechas se ha conocido que una de sus plazas, [&hellip;]<\/p>\n","protected":false},"author":1,"featured_media":11422,"comment_status":"closed","ping_status":"closed","sticky":false,"template":"","format":"standard","meta":{"footnotes":""},"categories":[11],"tags":[],"class_list":["post-11417","post","type-post","status-publish","format-standard","has-post-thumbnail","hentry","category-dexter-global-finance"],"_links":{"self":[{"href":"https:\/\/grupodexter.com\/sv\/wp-json\/wp\/v2\/posts\/11417","targetHints":{"allow":["GET"]}}],"collection":[{"href":"https:\/\/grupodexter.com\/sv\/wp-json\/wp\/v2\/posts"}],"about":[{"href":"https:\/\/grupodexter.com\/sv\/wp-json\/wp\/v2\/types\/post"}],"author":[{"embeddable":true,"href":"https:\/\/grupodexter.com\/sv\/wp-json\/wp\/v2\/users\/1"}],"replies":[{"embeddable":true,"href":"https:\/\/grupodexter.com\/sv\/wp-json\/wp\/v2\/comments?post=11417"}],"version-history":[{"count":0,"href":"https:\/\/grupodexter.com\/sv\/wp-json\/wp\/v2\/posts\/11417\/revisions"}],"wp:featuredmedia":[{"embeddable":true,"href":"https:\/\/grupodexter.com\/sv\/wp-json\/wp\/v2\/media\/11422"}],"wp:attachment":[{"href":"https:\/\/grupodexter.com\/sv\/wp-json\/wp\/v2\/media?parent=11417"}],"wp:term":[{"taxonomy":"category","embeddable":true,"href":"https:\/\/grupodexter.com\/sv\/wp-json\/wp\/v2\/categories?post=11417"},{"taxonomy":"post_tag","embeddable":true,"href":"https:\/\/grupodexter.com\/sv\/wp-json\/wp\/v2\/tags?post=11417"}],"curies":[{"name":"wp","href":"https:\/\/api.w.org\/{rel}","templated":true}]}}