{"id":11463,"date":"2024-05-24T14:25:32","date_gmt":"2024-05-24T12:25:32","guid":{"rendered":"https:\/\/grupodexter.com\/?p=11463"},"modified":"2024-05-24T14:31:17","modified_gmt":"2024-05-24T12:31:17","slug":"dexter-pa-sima-2024-agenda-med-intensiva-moten-pa-oppningsdagen","status":"publish","type":"post","link":"https:\/\/grupodexter.com\/sv\/dexter-en-sima-2024-agenda-de-intensas-reuniones-en-la-jornada-de-apertura\/","title":{"rendered":"DEXTER p\u00e5 \"SIMA 2024\": intensiva m\u00f6ten p\u00e5 dagordningen under \u00f6ppningsdagen"},"content":{"rendered":"<div data-elementor-type=\"wp-post\" data-elementor-id=\"11463\" class=\"elementor elementor-11463\" data-elementor-post-type=\"post\">\n\t\t\t\t\t\t<section class=\"elementor-section elementor-top-section elementor-element elementor-element-8cacad2 elementor-section-boxed elementor-section-height-default elementor-section-height-default\" data-id=\"8cacad2\" data-element_type=\"section\" data-e-type=\"section\">\n\t\t\t\t\t\t<div class=\"elementor-container elementor-column-gap-default\">\n\t\t\t\t\t<div class=\"elementor-column elementor-col-100 elementor-top-column elementor-element elementor-element-7b804f02\" data-id=\"7b804f02\" data-element_type=\"column\" data-e-type=\"column\">\n\t\t\t<div class=\"elementor-widget-wrap elementor-element-populated\">\n\t\t\t\t\t\t<div class=\"elementor-element elementor-element-6144496 elementor-widget elementor-widget-country-flag\" data-id=\"6144496\" data-element_type=\"widget\" data-e-type=\"widget\" data-widget_type=\"country-flag.default\">\n\t\t\t\t<div class=\"elementor-widget-container\">\n\t\t\t\t\t\t\t<div class=\"cffe-flag-wrapper\">\n\t\t\t<div class=\"cffe-flag\">\n\t\t\t\t<i class=\"flag-icon flag-icon-es\" aria-hidden=\"true\"><\/i>\n\t\t\t<\/div>\n\t\t<\/div>\n\t\t\t\t\t\t<\/div>\n\t\t\t\t<\/div>\n\t\t\t\t<div class=\"elementor-element elementor-element-4d70dbba elementor-widget elementor-widget-heading\" data-id=\"4d70dbba\" data-element_type=\"widget\" data-e-type=\"widget\" data-widget_type=\"heading.default\">\n\t\t\t\t<div class=\"elementor-widget-container\">\n\t\t\t\t\t<h2 class=\"elementor-heading-title elementor-size-default\">DEXTER p\u00e5 \"SIMA 2024\": intensiva m\u00f6ten p\u00e5 dagordningen under \u00f6ppningsdagen<\/h2>\t\t\t\t<\/div>\n\t\t\t\t<\/div>\n\t\t\t\t<div class=\"elementor-element elementor-element-4e774e6 elementor-widget elementor-widget-text-editor\" data-id=\"4e774e6\" data-element_type=\"widget\" data-e-type=\"widget\" data-widget_type=\"text-editor.default\">\n\t\t\t\t<div class=\"elementor-widget-container\">\n\t\t\t\t\t\t\t\t\t<p>DEXTER har inte missat sitt \u00e5rliga m\u00f6te med Madrid Real Estate Exhibition, SIMA, som i denna 2024-upplaga har \u00f6ppnat sina d\u00f6rrar med ett erbjudande som \u00f6verstiger 17.000 bost\u00e4der till salu, h\u00e4lften av dem i Madrid, mer \u00e4n 300 utst\u00e4llare och 17 l\u00e4nder representerade.<\/p><p>Delegationen, som bestod av bolagets vice VD Alfonso Merlos, Commercial Director Victoria Valle och Marketing Director Antonio Ponce, hade under hela dagen intensiva m\u00f6ten med kunder, samarbetspartners och mellanh\u00e4nder samt med akt\u00f6rer som v\u00e4rderingsm\u00e4n och fastighetsm\u00e4klare, vilka \u00e4r de vanliga ing\u00e5ngarna till DEXTERs verksamhet.<\/p><p>Ett arbetsm\u00f6te h\u00f6lls ocks\u00e5 med det spanska f\u00f6rbundet f\u00f6r bostadskooperativ CONCOVI (med ordf\u00f6randen Juan Casares), med vilket ett fruktbart samarbetsavtal uppr\u00e4tth\u00e5lls, och med ordf\u00f6randen f\u00f6r COWORD, Araceli Mart\u00edn Navarro, eftersom DEXTER ocks\u00e5 underl\u00e4ttar tillg\u00e5ngen till finansiering f\u00f6r de nya modellerna f\u00f6r flexibelt boende: cohousing eller coliving.<\/p><p>F\u00f6retagets vice VD, Alfonso Merlos, betonade att \"\u00e4ven om DEXTER underl\u00e4ttar tillg\u00e5ngen till finansiering f\u00f6r alla produktionssektorer, f\u00f6r f\u00f6retag inom de mest skilda omr\u00e5den, \u00e4r fastighetsfinansiering v\u00e5r stj\u00e4rnprodukt: l\u00e5n f\u00f6r att k\u00f6pa mark, f\u00f6r att k\u00f6pa tillg\u00e5ngar, l\u00e5n till utvecklare och, utan tvekan, \u00f6verbryggningsl\u00e5n med hypoteksgarantier. V\u00e5r n\u00e4rvaro p\u00e5 SIMA, \u00e4ven i \u00e5r, \u00e4r helt logisk och vi g\u00f6r det b\u00e4sta av situationen\", avslutar Merlos.<\/p>\t\t\t\t\t\t\t\t<\/div>\n\t\t\t\t<\/div>\n\t\t\t\t<div class=\"elementor-element elementor-element-73e31fd elementor-widget-divider--view-line_icon elementor-view-framed elementor-widget-divider--element-align-center elementor-widget elementor-widget-divider\" data-id=\"73e31fd\" data-element_type=\"widget\" data-e-type=\"widget\" data-widget_type=\"divider.default\">\n\t\t\t\t<div class=\"elementor-widget-container\">\n\t\t\t\t\t\t\t<div class=\"elementor-divider\">\n\t\t\t<span class=\"elementor-divider-separator\">\n\t\t\t\t\t\t\t<div class=\"elementor-icon elementor-divider__element\">\n\t\t\t\t\t<i aria-hidden=\"true\" class=\"fas fa-star\"><\/i><\/div>\n\t\t\t\t\t\t<\/span>\n\t\t<\/div>\n\t\t\t\t\t\t<\/div>\n\t\t\t\t<\/div>\n\t\t\t\t<div class=\"elementor-element elementor-element-268aecf elementor-widget elementor-widget-country-flag\" data-id=\"268aecf\" data-element_type=\"widget\" data-e-type=\"widget\" data-widget_type=\"country-flag.default\">\n\t\t\t\t<div class=\"elementor-widget-container\">\n\t\t\t\t\t\t\t<div class=\"cffe-flag-wrapper\">\n\t\t\t<div class=\"cffe-flag\">\n\t\t\t\t<i class=\"flag-icon flag-icon-gb\" aria-hidden=\"true\"><\/i>\n\t\t\t<\/div>\n\t\t<\/div>\n\t\t\t\t\t\t<\/div>\n\t\t\t\t<\/div>\n\t\t\t\t<div class=\"elementor-element elementor-element-a1d9538 elementor-widget elementor-widget-heading\" data-id=\"a1d9538\" data-element_type=\"widget\" data-e-type=\"widget\" data-widget_type=\"heading.default\">\n\t\t\t\t<div class=\"elementor-widget-container\">\n\t\t\t\t\t<h2 class=\"elementor-heading-title elementor-size-default\">DEXTER p\u00e5 \"SIMA 2024\": agenda med intensiva m\u00f6ten p\u00e5 \u00f6ppningsdagen<\/h2>\t\t\t\t<\/div>\n\t\t\t\t<\/div>\n\t\t\t\t<div class=\"elementor-element elementor-element-d269c60 elementor-widget elementor-widget-text-editor\" data-id=\"d269c60\" data-element_type=\"widget\" data-e-type=\"widget\" data-widget_type=\"text-editor.default\">\n\t\t\t\t<div class=\"elementor-widget-container\">\n\t\t\t\t\t\t\t\t\t<p>DEXTER har inte missat sitt \u00e5rliga m\u00f6te och referens med Madrid Real Estate Exhibition, SIMA, som i denna utg\u00e5va 2024 har \u00f6ppnat sina d\u00f6rrar med ett erbjudande som \u00f6verstiger 17.000 bost\u00e4der till salu, h\u00e4lften av dem i Madrid, mer \u00e4n 300 utst\u00e4llare och 17 l\u00e4nder representerade.<\/p><p>Delegationen, som bestod av bolagets vice VD Alfonso Merlos, Commercial Director Victoria Valle och Marketing Director Antonio Ponce, hade under hela dagen intensiva m\u00f6ten med kunder, samarbetspartners och mellanh\u00e4nder samt med akt\u00f6rer som v\u00e4rderingsm\u00e4n och fastighetsm\u00e4klare, vilka \u00e4r de vanliga ing\u00e5ngarna till DEXTERs verksamhet.<\/p><p>P\u00e5 samma s\u00e4tt h\u00f6lls ett arbetsm\u00f6te med Confederation of Housing Cooperatives of Spain CONCOVI (med dess ordf\u00f6rande Juan Casares), med vilken ett fruktbart samarbetsavtal uppr\u00e4tth\u00e5lls, och med COWORDs ordf\u00f6rande Araceli Mart\u00edn Navarro, i den utstr\u00e4ckning som DEXTER ocks\u00e5 underl\u00e4ttar tillg\u00e5ngen till finansiering f\u00f6r de nya modellerna f\u00f6r flexibelt boende: cohousing eller coliving.<\/p><p>F\u00f6retagets vice VD, Alfonso Merlos, betonade att \"\u00e4ven om DEXTER underl\u00e4ttar tillg\u00e5ngen till finansiering f\u00f6r alla produktionssektorer, \u00e4r fastighetsfinansiering v\u00e5r fr\u00e4msta produkt f\u00f6r f\u00f6retag som \u00e4r inriktade p\u00e5 de mest skiftande omr\u00e5den: l\u00e5n f\u00f6r att k\u00f6pa mark, f\u00f6r att k\u00f6pa tillg\u00e5ngar, l\u00e5n till utvecklare och, utan tvekan, bryggl\u00e5n med hypoteksgarantier. V\u00e5r n\u00e4rvaro p\u00e5 SIMA, \u00e4ven i \u00e5r, \u00e4r helt logisk och vi g\u00f6r det b\u00e4sta av situationen\", avslutar Merlos.<\/p>\t\t\t\t\t\t\t\t<\/div>\n\t\t\t\t<\/div>\n\t\t\t\t\t<\/div>\n\t\t<\/div>\n\t\t\t\t\t<\/div>\n\t\t<\/section>\n\t\t\t\t<\/div>","protected":false},"excerpt":{"rendered":"<p>DEXTER en \u2018SIMA 2024\u2019: agenda de intensas reuniones en la jornada de apertura DEXTER no ha faltado a su cita anual y de referencia con el Sal\u00f3n Inmobiliario de Madrid, SIMA, que en esta edici\u00f3n 2024 ha abierto sus puertas con una oferta que supera las 17.000 viviendas a la [&hellip;]<\/p>\n","protected":false},"author":1,"featured_media":11465,"comment_status":"closed","ping_status":"closed","sticky":false,"template":"","format":"standard","meta":{"footnotes":""},"categories":[11],"tags":[],"class_list":["post-11463","post","type-post","status-publish","format-standard","has-post-thumbnail","hentry","category-dexter-global-finance"],"_links":{"self":[{"href":"https:\/\/grupodexter.com\/sv\/wp-json\/wp\/v2\/posts\/11463","targetHints":{"allow":["GET"]}}],"collection":[{"href":"https:\/\/grupodexter.com\/sv\/wp-json\/wp\/v2\/posts"}],"about":[{"href":"https:\/\/grupodexter.com\/sv\/wp-json\/wp\/v2\/types\/post"}],"author":[{"embeddable":true,"href":"https:\/\/grupodexter.com\/sv\/wp-json\/wp\/v2\/users\/1"}],"replies":[{"embeddable":true,"href":"https:\/\/grupodexter.com\/sv\/wp-json\/wp\/v2\/comments?post=11463"}],"version-history":[{"count":0,"href":"https:\/\/grupodexter.com\/sv\/wp-json\/wp\/v2\/posts\/11463\/revisions"}],"wp:featuredmedia":[{"embeddable":true,"href":"https:\/\/grupodexter.com\/sv\/wp-json\/wp\/v2\/media\/11465"}],"wp:attachment":[{"href":"https:\/\/grupodexter.com\/sv\/wp-json\/wp\/v2\/media?parent=11463"}],"wp:term":[{"taxonomy":"category","embeddable":true,"href":"https:\/\/grupodexter.com\/sv\/wp-json\/wp\/v2\/categories?post=11463"},{"taxonomy":"post_tag","embeddable":true,"href":"https:\/\/grupodexter.com\/sv\/wp-json\/wp\/v2\/tags?post=11463"}],"curies":[{"name":"wp","href":"https:\/\/api.w.org\/{rel}","templated":true}]}}