{"id":11565,"date":"2024-06-13T11:44:53","date_gmt":"2024-06-13T09:44:53","guid":{"rendered":"https:\/\/grupodexter.com\/?p=11565"},"modified":"2024-06-13T11:46:14","modified_gmt":"2024-06-13T09:46:14","slug":"dexter-sigue-contribuyendo-tambien-a-la-financiacion-de-pymes-en-toda-espana","status":"publish","type":"post","link":"https:\/\/grupodexter.com\/sv\/dexter-sigue-contribuyendo-tambien-a-la-financiacion-de-pymes-en-toda-espana\/","title":{"rendered":"DEXTER forts\u00e4tter ocks\u00e5 att bidra till finansieringen av sm\u00e5 och medelstora f\u00f6retag i hela Spanien."},"content":{"rendered":"<div data-elementor-type=\"wp-post\" data-elementor-id=\"11565\" class=\"elementor elementor-11565\" data-elementor-post-type=\"post\">\n\t\t\t\t\t\t<section class=\"elementor-section elementor-top-section elementor-element elementor-element-8cacad2 elementor-section-boxed elementor-section-height-default elementor-section-height-default\" data-id=\"8cacad2\" data-element_type=\"section\" data-e-type=\"section\">\n\t\t\t\t\t\t<div class=\"elementor-container elementor-column-gap-default\">\n\t\t\t\t\t<div class=\"elementor-column elementor-col-100 elementor-top-column elementor-element elementor-element-7b804f02\" data-id=\"7b804f02\" data-element_type=\"column\" data-e-type=\"column\">\n\t\t\t<div class=\"elementor-widget-wrap elementor-element-populated\">\n\t\t\t\t\t\t<div class=\"elementor-element elementor-element-6144496 elementor-widget elementor-widget-country-flag\" data-id=\"6144496\" data-element_type=\"widget\" data-e-type=\"widget\" data-widget_type=\"country-flag.default\">\n\t\t\t\t<div class=\"elementor-widget-container\">\n\t\t\t\t\t\t\t<div class=\"cffe-flag-wrapper\">\n\t\t\t<div class=\"cffe-flag\">\n\t\t\t\t<i class=\"flag-icon flag-icon-es\" aria-hidden=\"true\"><\/i>\n\t\t\t<\/div>\n\t\t<\/div>\n\t\t\t\t\t\t<\/div>\n\t\t\t\t<\/div>\n\t\t\t\t<div class=\"elementor-element elementor-element-4d70dbba elementor-widget elementor-widget-heading\" data-id=\"4d70dbba\" data-element_type=\"widget\" data-e-type=\"widget\" data-widget_type=\"heading.default\">\n\t\t\t\t<div class=\"elementor-widget-container\">\n\t\t\t\t\t<h2 class=\"elementor-heading-title elementor-size-default\">DEXTER forts\u00e4tter ocks\u00e5 att bidra till finansieringen av sm\u00e5 och medelstora f\u00f6retag i hela Spanien.<\/h2>\t\t\t\t<\/div>\n\t\t\t\t<\/div>\n\t\t\t\t<div class=\"elementor-element elementor-element-4e774e6 elementor-widget elementor-widget-text-editor\" data-id=\"4e774e6\" data-element_type=\"widget\" data-e-type=\"widget\" data-widget_type=\"text-editor.default\">\n\t\t\t\t<div class=\"elementor-widget-container\">\n\t\t\t\t\t\t\t\t\t<p>Solamente en la provincia de M\u00e1laga hay 57.000 pymes, de ah\u00ed que se haya consolidado como la provincia andaluza con mayor n\u00famero de empresas. En 2023, alcanz\u00f3 un nuevo r\u00e9cord, contabilizando exactamente 57.492 compa\u00f1\u00edas dadas de alta en la Seguridad Social, lo que supone un incremento de 1.156 en los \u00faltimos 12 meses, o lo que es lo mismo, casi un centenar de nuevas organizaciones al mes. Esta cifra es la m\u00e1s alta registrada en un mes de diciembre, superando incluso la de diciembre 2019, justo antes de la pandemia.<\/p><p>Como epicentro de innovaci\u00f3n y desarrollo, M\u00e1laga cuenta con una infraestructura avanzada y una red de apoyo empresarial s\u00f3lida. De hecho, el tejido productivo malague\u00f1o se caracteriza por la predominancia de pymes, que representan el 85% del total. Hosteler\u00eda, transporte, construcci\u00f3n e inmobiliario son los segmentos de mayor crecimiento.<\/p><p>No es casualidad que DEXTER haya apostado en los \u00faltimos meses, precisamente para impulsar este sector empresarial tan relevante, por la financiaci\u00f3n a pymes, con pr\u00e9stamos que van desde los 300.000 euros al mill\u00f3n de euros, por debajo del que era el ticket financiero habitual de la compa\u00f1\u00eda y que sigue manteniendo como el dominante y m\u00e1s demandado (de 1M hasta 150M de euros en una misma operaci\u00f3n).<\/p><p>La presidenta de la compa\u00f1\u00eda, Yeidy Ram\u00edrez, insiste en que \u201ctambi\u00e9n en esta franja de empresarios buscamos lo que siempre nos ha distinguido corporativamente: trabajar con el cliente en clave de m\u00e1xima profesionalidad, de transparencia, de seguridad, y por supuesto de cercan\u00eda y especializaci\u00f3n\u201d.<\/p><p>Si bien esta l\u00ednea de pr\u00e9stamos a partir de 300.000 euros se ofrece a todas las empresas, independientemente del sector, son mayor\u00eda de demandantes las que operan en el inmobiliario, al ser m\u00e1s \u00e1giles y r\u00e1pidos de aprobar en su viabilidad los pr\u00e9stamos con garant\u00eda hipotecaria.<\/p>\t\t\t\t\t\t\t\t<\/div>\n\t\t\t\t<\/div>\n\t\t\t\t<div class=\"elementor-element elementor-element-73e31fd elementor-widget-divider--view-line_icon elementor-view-framed elementor-widget-divider--element-align-center elementor-widget elementor-widget-divider\" data-id=\"73e31fd\" data-element_type=\"widget\" data-e-type=\"widget\" data-widget_type=\"divider.default\">\n\t\t\t\t<div class=\"elementor-widget-container\">\n\t\t\t\t\t\t\t<div class=\"elementor-divider\">\n\t\t\t<span class=\"elementor-divider-separator\">\n\t\t\t\t\t\t\t<div class=\"elementor-icon elementor-divider__element\">\n\t\t\t\t\t<i aria-hidden=\"true\" class=\"fas fa-star\"><\/i><\/div>\n\t\t\t\t\t\t<\/span>\n\t\t<\/div>\n\t\t\t\t\t\t<\/div>\n\t\t\t\t<\/div>\n\t\t\t\t<div class=\"elementor-element elementor-element-268aecf elementor-widget elementor-widget-country-flag\" data-id=\"268aecf\" data-element_type=\"widget\" data-e-type=\"widget\" data-widget_type=\"country-flag.default\">\n\t\t\t\t<div class=\"elementor-widget-container\">\n\t\t\t\t\t\t\t<div class=\"cffe-flag-wrapper\">\n\t\t\t<div class=\"cffe-flag\">\n\t\t\t\t<i class=\"flag-icon flag-icon-gb\" aria-hidden=\"true\"><\/i>\n\t\t\t<\/div>\n\t\t<\/div>\n\t\t\t\t\t\t<\/div>\n\t\t\t\t<\/div>\n\t\t\t\t<div class=\"elementor-element elementor-element-a1d9538 elementor-widget elementor-widget-heading\" data-id=\"a1d9538\" data-element_type=\"widget\" data-e-type=\"widget\" data-widget_type=\"heading.default\">\n\t\t\t\t<div class=\"elementor-widget-container\">\n\t\t\t\t\t<h2 class=\"elementor-heading-title elementor-size-default\">DEXTER also continues to contribute to the financing of SMEs throughout Spain.<\/h2>\t\t\t\t<\/div>\n\t\t\t\t<\/div>\n\t\t\t\t<div class=\"elementor-element elementor-element-d269c60 elementor-widget elementor-widget-text-editor\" data-id=\"d269c60\" data-element_type=\"widget\" data-e-type=\"widget\" data-widget_type=\"text-editor.default\">\n\t\t\t\t<div class=\"elementor-widget-container\">\n\t\t\t\t\t\t\t\t\t<p>In the province of Malaga alone there are 57,000 SMEs, making it the Andalusian province with the highest number of companies. In 2023, it reached a new record, with 57,492 companies registered with Social Security, an increase of 1,156 in the last 12 months, or in other words, almost a hundred new organisations per month. This figure is the highest ever recorded in a month of December, surpassing even that of December 2019, just before the pandemic.<\/p><p>As an epicentre of innovation and development, Malaga has an advanced infrastructure and a solid business support network. In fact, Malaga&#8217;s productive fabric is characterised by the predominance of SMEs, which account for 85% of the total. Hospitality, transport, construction and real estate are the fastest growing segments.<\/p><p>It is no coincidence that in recent months, precisely to boost this important business sector, DEXTER has opted for SME financing, with loans ranging from 300,000 euros to one million euros, below what was the company&#8217;s usual financial ticket and which it continues to maintain as the dominant and most demanded (from 1M to 150M euros in a single operation).<\/p><p>The company&#8217;s president, Yeidy Ram\u00edrez, insists that \u00abin this range of entrepreneurs we also seek what has always distinguished us corporately: to work with the customer in terms of maximum professionalism, transparency, security and, of course, proximity and specialisation\u00bb.<\/p><p>Although this line of loans from 300,000 euros is offered to all companies, regardless of the sector, the majority of applicants are those operating in the real estate sector, as loans with mortgage guarantees are more agile and quicker to approve in terms of viability.<\/p>\t\t\t\t\t\t\t\t<\/div>\n\t\t\t\t<\/div>\n\t\t\t\t\t<\/div>\n\t\t<\/div>\n\t\t\t\t\t<\/div>\n\t\t<\/section>\n\t\t\t\t<\/div>","protected":false},"excerpt":{"rendered":"<p>DEXTER sigue contribuyendo, tambi\u00e9n, a la financiaci\u00f3n de pymes en toda Espa\u00f1a Solamente en la provincia de M\u00e1laga hay 57.000 pymes, de ah\u00ed que se haya consolidado como la provincia andaluza con mayor n\u00famero de empresas. En 2023, alcanz\u00f3 un nuevo r\u00e9cord, contabilizando exactamente 57.492 compa\u00f1\u00edas dadas de alta en [&hellip;]<\/p>\n","protected":false},"author":1,"featured_media":11567,"comment_status":"closed","ping_status":"closed","sticky":false,"template":"","format":"standard","meta":{"footnotes":""},"categories":[11],"tags":[],"class_list":["post-11565","post","type-post","status-publish","format-standard","has-post-thumbnail","hentry","category-dexter-global-finance"],"_links":{"self":[{"href":"https:\/\/grupodexter.com\/sv\/wp-json\/wp\/v2\/posts\/11565","targetHints":{"allow":["GET"]}}],"collection":[{"href":"https:\/\/grupodexter.com\/sv\/wp-json\/wp\/v2\/posts"}],"about":[{"href":"https:\/\/grupodexter.com\/sv\/wp-json\/wp\/v2\/types\/post"}],"author":[{"embeddable":true,"href":"https:\/\/grupodexter.com\/sv\/wp-json\/wp\/v2\/users\/1"}],"replies":[{"embeddable":true,"href":"https:\/\/grupodexter.com\/sv\/wp-json\/wp\/v2\/comments?post=11565"}],"version-history":[{"count":0,"href":"https:\/\/grupodexter.com\/sv\/wp-json\/wp\/v2\/posts\/11565\/revisions"}],"wp:featuredmedia":[{"embeddable":true,"href":"https:\/\/grupodexter.com\/sv\/wp-json\/wp\/v2\/media\/11567"}],"wp:attachment":[{"href":"https:\/\/grupodexter.com\/sv\/wp-json\/wp\/v2\/media?parent=11565"}],"wp:term":[{"taxonomy":"category","embeddable":true,"href":"https:\/\/grupodexter.com\/sv\/wp-json\/wp\/v2\/categories?post=11565"},{"taxonomy":"post_tag","embeddable":true,"href":"https:\/\/grupodexter.com\/sv\/wp-json\/wp\/v2\/tags?post=11565"}],"curies":[{"name":"wp","href":"https:\/\/api.w.org\/{rel}","templated":true}]}}