{"id":13838,"date":"2025-03-01T11:57:20","date_gmt":"2025-03-01T10:57:20","guid":{"rendered":"https:\/\/grupodexter.com\/?p=13838"},"modified":"2025-04-29T13:06:46","modified_gmt":"2025-04-29T11:06:46","slug":"el-dia-despues-del-fin-de-la-golden-visa-y-ahora-que","status":"publish","type":"post","link":"https:\/\/grupodexter.com\/sv\/el-dia-despues-del-fin-de-la-golden-visa-y-ahora-que\/","title":{"rendered":"Dagen efter slutet p\u00e5 Golden Visa: vad h\u00e4nder nu?"},"content":{"rendered":"<div data-elementor-type=\"wp-post\" data-elementor-id=\"13838\" class=\"elementor elementor-13838\" data-elementor-post-type=\"post\">\n\t\t\t\t\t\t<section class=\"elementor-section elementor-top-section elementor-element elementor-element-28af3eb elementor-section-boxed elementor-section-height-default elementor-section-height-default\" data-id=\"28af3eb\" data-element_type=\"section\" data-e-type=\"section\">\n\t\t\t\t\t\t<div class=\"elementor-container elementor-column-gap-default\">\n\t\t\t\t\t<div class=\"elementor-column elementor-col-100 elementor-top-column elementor-element elementor-element-ea70cbe\" data-id=\"ea70cbe\" data-element_type=\"column\" data-e-type=\"column\">\n\t\t\t<div class=\"elementor-widget-wrap elementor-element-populated\">\n\t\t\t\t\t\t<div class=\"elementor-element elementor-element-bf9d84e elementor-widget elementor-widget-heading\" data-id=\"bf9d84e\" data-element_type=\"widget\" data-e-type=\"widget\" data-widget_type=\"heading.default\">\n\t\t\t\t<div class=\"elementor-widget-container\">\n\t\t\t\t\t<h2 class=\"elementor-heading-title elementor-size-default\">Dagen efter slutet p\u00e5 Golden Visa: vad h\u00e4nder nu?<\/h2>\t\t\t\t<\/div>\n\t\t\t\t<\/div>\n\t\t\t\t<div class=\"elementor-element elementor-element-ab89d06 elementor-widget__width-initial elementor-widget elementor-widget-text-editor\" data-id=\"ab89d06\" data-element_type=\"widget\" data-e-type=\"widget\" data-widget_type=\"text-editor.default\">\n\t\t\t\t<div class=\"elementor-widget-container\">\n\t\t\t\t\t\t\t\t\t<p>El Bolet\u00edn Oficial del Estado (BOE) publicaba recientemente la ley que pone fin a las denominadas Golden Visa a partir de abril, una decisi\u00f3n del Gobierno de Espa\u00f1a que ha generado un aluvi\u00f3n de cr\u00edticas en el sector inmobiliario y empresarial y que deja un camino importante de incertidumbre en el corto plazo.<\/p><p>\u00c5tg\u00e4rden, som inneb\u00e4r att utl\u00e4nningar som investerar mer \u00e4n 500.000 euro i fastigheter inte l\u00e4ngre kan beviljas uppeh\u00e5llstillst\u00e5nd, hotar att hindra stora investerare fr\u00e5n att komma hit och \u00e4r ett direkt slag mot ekonomin i framf\u00f6r allt kustst\u00e4der och Medelhavsomr\u00e5det (inklusive Balearerna), d\u00e4r denna typ av k\u00f6pare har varit viktiga.<\/p><p>K\u00e4llor inom sektorn p\u00e5pekar att problemet inte \u00e4r att det handlar om kunder p\u00e5 en halv miljon, utan om kunder p\u00e5 fyra, fem och till och med tio miljoner euro. De \u00e4r investerare som inte bara k\u00f6per fastigheter utan ocks\u00e5 skapar syssels\u00e4ttning, stimulerar ekonomin och drar till sig mer rikedom.<\/p><p>Och faktum \u00e4r att uppgifterna st\u00f6der detta. Som vice ordf\u00f6rande f\u00f6r <em>DEXTER<\/em>Alfonso Merlos, <em>\"Under de senaste \u00e5ren har det gyllene visumet gjort det m\u00f6jligt att locka k\u00f6pstarka investerare fr\u00e5n halva v\u00e4rlden, inte bara europ\u00e9er utan \u00e4ven nord- och sydamerikaner, till Madrid, Andalusien och Balearerna, men \u00e4ven till andra enklaver som Valencia eller Kanarie\u00f6arna. D\u00f6rren \u00e4r nu \u00f6ppen f\u00f6r dessa k\u00f6pare att utforska andra Medelhavsmarknader, som Portugal, och sluta bidra med sin rikedom till Spaniens\".<\/em>.<\/p><p>Under de senaste fem \u00e5ren, <em>DEXTER<\/em> har lett den alternativa private equity-finansieringssektorn, i stor utstr\u00e4ckning f\u00f6r att tillgodose behoven hos utl\u00e4ndska utvecklare och byggare, men ocks\u00e5 i stor utstr\u00e4ckning f\u00f6r att tillhandah\u00e5lla likviditet till internationella entrepren\u00f6rer som har valt en av de mest eftertraktade produkterna: bryggl\u00e5net med hypoteksgaranti.<\/p>\t\t\t\t\t\t\t\t<\/div>\n\t\t\t\t<\/div>\n\t\t\t\t\t<\/div>\n\t\t<\/div>\n\t\t\t\t\t<\/div>\n\t\t<\/section>\n\t\t\t\t<\/div>","protected":false},"excerpt":{"rendered":"<p>El d\u00eda despu\u00e9s del fin de la \u2018Golden Visa\u2019: y ahora, \u00bfqu\u00e9? El Bolet\u00edn Oficial del Estado (BOE) publicaba recientemente la ley que pone fin a las denominadas Golden Visa a partir de abril, una decisi\u00f3n del Gobierno de Espa\u00f1a que ha generado un aluvi\u00f3n de cr\u00edticas en el sector [&hellip;]<\/p>\n","protected":false},"author":1,"featured_media":13840,"comment_status":"closed","ping_status":"closed","sticky":false,"template":"","format":"standard","meta":{"footnotes":""},"categories":[11],"tags":[],"class_list":["post-13838","post","type-post","status-publish","format-standard","has-post-thumbnail","hentry","category-dexter-global-finance"],"_links":{"self":[{"href":"https:\/\/grupodexter.com\/sv\/wp-json\/wp\/v2\/posts\/13838","targetHints":{"allow":["GET"]}}],"collection":[{"href":"https:\/\/grupodexter.com\/sv\/wp-json\/wp\/v2\/posts"}],"about":[{"href":"https:\/\/grupodexter.com\/sv\/wp-json\/wp\/v2\/types\/post"}],"author":[{"embeddable":true,"href":"https:\/\/grupodexter.com\/sv\/wp-json\/wp\/v2\/users\/1"}],"replies":[{"embeddable":true,"href":"https:\/\/grupodexter.com\/sv\/wp-json\/wp\/v2\/comments?post=13838"}],"version-history":[{"count":4,"href":"https:\/\/grupodexter.com\/sv\/wp-json\/wp\/v2\/posts\/13838\/revisions"}],"predecessor-version":[{"id":13843,"href":"https:\/\/grupodexter.com\/sv\/wp-json\/wp\/v2\/posts\/13838\/revisions\/13843"}],"wp:featuredmedia":[{"embeddable":true,"href":"https:\/\/grupodexter.com\/sv\/wp-json\/wp\/v2\/media\/13840"}],"wp:attachment":[{"href":"https:\/\/grupodexter.com\/sv\/wp-json\/wp\/v2\/media?parent=13838"}],"wp:term":[{"taxonomy":"category","embeddable":true,"href":"https:\/\/grupodexter.com\/sv\/wp-json\/wp\/v2\/categories?post=13838"},{"taxonomy":"post_tag","embeddable":true,"href":"https:\/\/grupodexter.com\/sv\/wp-json\/wp\/v2\/tags?post=13838"}],"curies":[{"name":"wp","href":"https:\/\/api.w.org\/{rel}","templated":true}]}}